{"id":30392,"date":"2024-11-20T01:23:00","date_gmt":"2024-11-20T07:23:00","guid":{"rendered":"https:\/\/www.salgadonoticias.com\/?p=30392"},"modified":"2024-11-20T10:32:09","modified_gmt":"2024-11-20T16:32:09","slug":"30392","status":"publish","type":"post","link":"http:\/\/www.salgadonoticias.com\/?p=30392","title":{"rendered":"Se Garantiza IGUALDAD Sustantiva para las MUJERES a nivel Federal\u2026!!!"},"content":{"rendered":"<p>Views: 3<\/p>\n<p><strong>.<\/strong><\/p>\n\n\n\n<p>Se<mark style=\"background-color:rgba(0, 0, 0, 0);color:#bb5004\" class=\"has-inline-color\"> <strong>reforman<\/strong> <\/mark><mark style=\"background-color:rgba(0, 0, 0, 0)\" class=\"has-inline-color has-black-color\">los art\u00edculos 4, 21, 41, 73, 116, 122 y 123 de la<\/mark><mark style=\"background-color:rgba(0, 0, 0, 0);color:#bb5004\" class=\"has-inline-color\"> <strong>Constituci\u00f3n<\/strong> <\/mark><mark style=\"background-color:rgba(0, 0, 0, 0)\" class=\"has-inline-color has-black-color\">se<\/mark><mark style=\"background-color:rgba(0, 0, 0, 0);color:#bb5004\" class=\"has-inline-color\"> <strong>GARANTIZA<\/strong> <\/mark><mark style=\"background-color:rgba(0, 0, 0, 0)\" class=\"has-inline-color has-black-color\">el<\/mark><mark style=\"background-color:rgba(0, 0, 0, 0);color:#bb5004\" class=\"has-inline-color\"> <strong>DERECHO<\/strong> <\/mark><mark style=\"background-color:rgba(0, 0, 0, 0)\" class=\"has-inline-color has-black-color\">a una<\/mark><mark style=\"background-color:rgba(0, 0, 0, 0);color:#bb5004\" class=\"has-inline-color\"> <strong>vida libre de violencias<\/strong> a las\u00a0<strong>mujeres<\/strong><\/mark>, adolescentes, ni\u00f1as y ni\u00f1os.<\/p>\n\n\n\n<p>.<\/p>\n\n\n\n<p>Adem\u00e1s, se <mark style=\"background-color:rgba(0, 0, 0, 0);color:#031c90\" class=\"has-inline-color\">ESTABLECE la <\/mark><strong><mark style=\"background-color:#abb8c3;color:#031c90\" class=\"has-inline-color\">perspectiva de g\u00e9nero<\/mark><\/strong><mark style=\"background-color:rgba(0, 0, 0, 0);color:#031c90\" class=\"has-inline-color\"> <\/mark><mark style=\"background-color:rgba(0, 0, 0, 0)\" class=\"has-inline-color has-black-color\">en materia de<\/mark><mark style=\"background-color:rgba(0, 0, 0, 0);color:#031c90\" class=\"has-inline-color\"> <strong>seguridad p\u00fablica<\/strong>. <\/mark><\/p>\n\n\n\n<p><mark style=\"background-color:rgba(0, 0, 0, 0);color:#031c90\" class=\"has-inline-color\">De igual manera, se <strong>faculta<\/strong> <\/mark><mark style=\"background-color:rgba(0, 0, 0, 0)\" class=\"has-inline-color has-black-color\">a las<\/mark><mark style=\"background-color:rgba(0, 0, 0, 0);color:#031c90\" class=\"has-inline-color\"><strong> autoridades FEDERALES<\/strong> <\/mark><mark style=\"background-color:rgba(0, 0, 0, 0)\" class=\"has-inline-color has-black-color\">para<\/mark><mark style=\"background-color:rgba(0, 0, 0, 0);color:#031c90\" class=\"has-inline-color\"> <strong>conocer<\/strong> <\/mark><mark style=\"background-color:rgba(0, 0, 0, 0)\" class=\"has-inline-color has-black-color\">tanto las<\/mark><mark style=\"background-color:rgba(0, 0, 0, 0);color:#031c90\" class=\"has-inline-color\"> <strong>medidas de protecci\u00f3n<\/strong> <\/mark><mark style=\"background-color:rgba(0, 0, 0, 0)\" class=\"has-inline-color has-black-color\">para las mujeres, como para saber u observar<\/mark><mark style=\"background-color:rgba(0, 0, 0, 0);color:#031c90\" class=\"has-inline-color\"> <strong>delitos de fuero com\u00fan<\/strong>.<\/mark><\/p>\n\n\n\n<p>.<\/p>\n\n\n\n<p>Estos cambios tambi\u00e9n contemplan ESTABLECER <strong>Fiscal\u00edas ESPECIALIZADAS en Delitos de Violencia hacia las Mujeres<\/strong>; AMPLIAR la <strong>paridad de g\u00e9nero<\/strong> en los gobiernos estatales, municipales, as\u00ed como en los \u00f3rdenes de la administraci\u00f3n p\u00fablica; y se contribuir\u00e1 a ERRADICAR la <strong>brecha salarial<\/strong>.<\/p>\n\n\n\n<p>.<\/p>\n\n\n\n<p><mark style=\"background-color:#f2c341\" class=\"has-inline-color\">Qu\u00e9 es la <strong>Igualdad sustantiva para las mujeres:<\/strong><\/mark><\/p>\n\n\n\n<p>Se refiere a la <mark style=\"background-color:rgba(0, 0, 0, 0);color:#c2087a\" class=\"has-inline-color\"><strong>modificaci\u00f3n de las circunstancias que impiden a las mujeres ejercer plenamente sus derechos y acceder a oportunidades de desarrollo<\/strong>. <\/mark><mark style=\"background-color:rgba(0, 0, 0, 0)\" class=\"has-inline-color has-black-color\">Lo cual se logra mediante medidas estructurales, legales o de pol\u00edticas p\u00fablicas.&nbsp;<\/mark><\/p>\n\n\n\n<p>En t\u00e9rminos simples, no solo se trata de tener leyes que proclamen la igualdad, sino de <mark style=\"background-color:rgba(0, 0, 0, 0);color:#bd0a41\" class=\"has-inline-color\"><strong>asegurar<\/strong> que, en la pr\u00e1ctica, las <strong>mujeres tengan las mismas oportunidades y derechos que los hombres en todos los aspectos de la vida<\/strong>.&nbsp; Esto incluye <strong>eliminar<\/strong> obst\u00e1culos como la <strong>discriminaci\u00f3n<\/strong>, mejorar la situaci\u00f3n real de las mujeres con pol\u00edticas efectivas y combatir <strong>estereotipos <\/strong>y <strong>relaciones desiguales<\/strong>.<\/mark><\/p>\n\n\n\n<p>.<\/p>\n\n\n\n<p>Da click aqu\u00ed para ver la reforma completa&#8230;<\/p>\n\n\n\n<p><a href=\"https:\/\/www.dof.gob.mx\/nota_detalle.php?codigo=5743185&amp;fecha=15\/11\/2024#gsc.tab=0\">https:\/\/www.dof.gob.mx\/nota_detalle.php?codigo=5743185&amp;fecha=15\/11\/2024#gsc.tab=0<\/a><\/p>\n\n\n\n<p>.<\/p>\n\n\n\n<p class=\"wp-embed-aspect-16-9 wp-has-aspect-ratio\">Si estas en el <strong><mark style=\"background-color:rgba(0, 0, 0, 0)\" class=\"has-inline-color has-vivid-red-color\">Extranjero <\/mark><\/strong>nosotros somos tu <strong><mark style=\"background-color:rgba(0, 0, 0, 0)\" class=\"has-inline-color has-vivid-green-cyan-color\">mejor<\/mark><\/strong> alternativa para <strong><mark style=\"background-color:rgba(0, 0, 0, 0)\" class=\"has-inline-color has-luminous-vivid-orange-color\">velar<\/mark><\/strong> por tus <strong><mark style=\"background-color:rgba(0, 0, 0, 0)\" class=\"has-inline-color has-vivid-cyan-blue-color\">intereses<\/mark><\/strong>, escr\u00edbenos o ll\u00e1manos al Tel <strong>55581-11311<\/strong>.<\/p>\n\n\n\n<p>Cuando<strong> necesites<\/strong> ayuda, <strong>asistencia<\/strong> o <strong>planeaci\u00f3n<\/strong> legal, <strong>solicita<\/strong> <strong>Cita Privada<\/strong> <a href=\"mailto:bi@sm99.mx\" target=\"_blank\" rel=\"noreferrer noopener\"><strong>Aqu\u00ed<\/strong><\/a><\/p>\n\n\n\n<p>La informaci\u00f3n que AQU\u00cd te presentamos <strong>deriva<\/strong> de los <strong>Peri\u00f3dicos Oficiales <\/strong>de la<strong> CdMx<\/strong>, <strong>Estado<\/strong> de Mex., Diario <strong>Oficial<\/strong> de la Federaci\u00f3n, Suprema Corte de<strong> Justicia<\/strong> de la Naci\u00f3n, por lo tanto es de <strong>aplicaci\u00f3n OBLIGATORIA<\/strong><\/p>\n\n\n\n<p>La <strong>informaci\u00f3n<\/strong> de hoy procede del Diario Oficial<\/p>\n\n\n\n<p><strong><mark style=\"background-color:rgba(0, 0, 0, 0)\" class=\"has-inline-color has-luminous-vivid-orange-color\">AY\u00daDANOS<\/mark><\/strong> para que m\u00e1s personas conozcan esta informaci\u00f3n, <strong>Comp\u00e1rtelo<\/strong> en tus redes sociales<\/p>\n","protected":false},"excerpt":{"rendered":"<p>Views: 3 . Se reforman los art\u00edculos 4, 21, 41, 73, 116, 122 y 123 de la Constituci\u00f3n se GARANTIZA el DERECHO a una vida libre de violencias a las\u00a0mujeres, adolescentes, ni\u00f1as y ni\u00f1os. . Adem\u00e1s, se ESTABLECE la perspectiva de g\u00e9nero en materia de seguridad p\u00fablica. De igual manera, se faculta a las autoridades [&hellip;]<\/p>\n","protected":false},"author":3,"featured_media":30399,"comment_status":"closed","ping_status":"open","sticky":false,"template":"","format":"standard","meta":{"_jetpack_memberships_contains_paid_content":false,"footnotes":""},"categories":[4],"tags":[],"jetpack_sharing_enabled":true,"jetpack_featured_media_url":"http:\/\/www.salgadonoticias.com\/wp-content\/uploads\/2024\/11\/igualdad-1.jpg","_links":{"self":[{"href":"http:\/\/www.salgadonoticias.com\/index.php?rest_route=\/wp\/v2\/posts\/30392"}],"collection":[{"href":"http:\/\/www.salgadonoticias.com\/index.php?rest_route=\/wp\/v2\/posts"}],"about":[{"href":"http:\/\/www.salgadonoticias.com\/index.php?rest_route=\/wp\/v2\/types\/post"}],"author":[{"embeddable":true,"href":"http:\/\/www.salgadonoticias.com\/index.php?rest_route=\/wp\/v2\/users\/3"}],"replies":[{"embeddable":true,"href":"http:\/\/www.salgadonoticias.com\/index.php?rest_route=%2Fwp%2Fv2%2Fcomments&post=30392"}],"version-history":[{"count":4,"href":"http:\/\/www.salgadonoticias.com\/index.php?rest_route=\/wp\/v2\/posts\/30392\/revisions"}],"predecessor-version":[{"id":30411,"href":"http:\/\/www.salgadonoticias.com\/index.php?rest_route=\/wp\/v2\/posts\/30392\/revisions\/30411"}],"wp:featuredmedia":[{"embeddable":true,"href":"http:\/\/www.salgadonoticias.com\/index.php?rest_route=\/wp\/v2\/media\/30399"}],"wp:attachment":[{"href":"http:\/\/www.salgadonoticias.com\/index.php?rest_route=%2Fwp%2Fv2%2Fmedia&parent=30392"}],"wp:term":[{"taxonomy":"category","embeddable":true,"href":"http:\/\/www.salgadonoticias.com\/index.php?rest_route=%2Fwp%2Fv2%2Fcategories&post=30392"},{"taxonomy":"post_tag","embeddable":true,"href":"http:\/\/www.salgadonoticias.com\/index.php?rest_route=%2Fwp%2Fv2%2Ftags&post=30392"}],"curies":[{"name":"wp","href":"https:\/\/api.w.org\/{rel}","templated":true}]}}