{"id":30405,"date":"2024-11-21T01:56:00","date_gmt":"2024-11-21T07:56:00","guid":{"rendered":"https:\/\/www.salgadonoticias.com\/?p=30405"},"modified":"2024-11-21T09:46:45","modified_gmt":"2024-11-21T15:46:45","slug":"30405","status":"publish","type":"post","link":"http:\/\/www.salgadonoticias.com\/?p=30405","title":{"rendered":"Pago por SEGURO de Vida SIN importar el TIEMPO en el que se Realice&#8230;!!!"},"content":{"rendered":"<p>Views: 7<\/p>\n<p>.<\/p>\n\n\n\n<p>Este <strong>ANTECEDENTE<\/strong><\/p>\n\n\n\n<p>Surge luego de que se <mark style=\"background-color:rgba(0, 0, 0, 0);color:#a50657\" class=\"has-inline-color\"><strong>demand\u00f3<\/strong> <\/mark><mark style=\"background-color:rgba(0, 0, 0, 0)\" class=\"has-inline-color has-black-color\">a una<\/mark><mark style=\"background-color:rgba(0, 0, 0, 0);color:#a50657\" class=\"has-inline-color\"> <strong>Aseguradora<\/strong><\/mark><mark style=\"background-color:rgba(0, 0, 0, 0)\" class=\"has-inline-color has-black-color\"> en la v\u00eda <\/mark><mark style=\"background-color:rgba(0, 0, 0, 0);color:#a50657\" class=\"has-inline-color\"><strong>oral mercantil<\/strong><\/mark><mark style=\"background-color:rgba(0, 0, 0, 0)\" class=\"has-inline-color has-black-color\"> por el<\/mark><mark style=\"background-color:rgba(0, 0, 0, 0);color:#a50657\" class=\"has-inline-color\"> <strong>cumplimiento<\/strong> <\/mark><mark style=\"background-color:rgba(0, 0, 0, 0)\" class=\"has-inline-color has-black-color\">de un contrato de<\/mark><mark style=\"background-color:rgba(0, 0, 0, 0);color:#a50657\" class=\"has-inline-color\"> <strong>seguro de vida tras el fallecimiento de la persona asegurada<\/strong>. <\/mark><\/p>\n\n\n\n<p><mark style=\"background-color:rgba(0, 0, 0, 0)\" class=\"has-inline-color has-black-color\">La Aseguradora<\/mark><mark style=\"background-color:rgba(0, 0, 0, 0);color:#a50657\" class=\"has-inline-color\"> <strong>argument\u00f3<\/strong> <\/mark><mark style=\"background-color:rgba(0, 0, 0, 0)\" class=\"has-inline-color has-black-color\">que la reclamante<\/mark><mark style=\"background-color:rgba(0, 0, 0, 0);color:#a50657\" class=\"has-inline-color\"> <strong>NO dio aviso oportuno<\/strong> <\/mark>del siniestro, esto seg\u00fan el art\u00edculo 66 de la Ley sobre el Contrato de Seguro.<\/p>\n\n\n\n<p>.<\/p>\n\n\n\n<p>La <strong><mark style=\"background-color:rgba(0, 0, 0, 0);color:#100274\" class=\"has-inline-color\">Suprema Corte de Justicia<\/mark> <\/strong>a trav\u00e9s del Tribunal Colegiado de Circuito, <strong><mark style=\"background-color:rgba(0, 0, 0, 0);color:#890505\" class=\"has-inline-color\">DETERMIN\u00d3<\/mark> <\/strong>que <strong>&nbsp;<\/strong><mark style=\"background-color:#c1f3df\" class=\"has-inline-color\"><strong>si el aviso de fallecimiento<\/strong><\/mark><mark style=\"background-color:#ffffff\" class=\"has-inline-color\"> de la persona asegurada en un contrato de seguro de vida <\/mark><mark style=\"background-color:#c1f3df\" class=\"has-inline-color\"><strong>se presenta de manera inoportuna<\/strong>,<\/mark><mark style=\"background-color:#ffffff\" class=\"has-inline-color\"> esto <\/mark><mark style=\"background-color:#c1f3df\" class=\"has-inline-color\"><strong>NO LIBERA<\/strong><\/mark><mark style=\"background-color:#ffffff\" class=\"has-inline-color\"> a la <\/mark><mark style=\"background-color:#c1f3df\" class=\"has-inline-color\"><strong><u>aseguradora<\/u><\/strong><\/mark><mark style=\"background-color:#ffffff\" class=\"has-inline-color\"> de sus obligaciones de <\/mark><mark style=\"background-color:#c1f3df\" class=\"has-inline-color\"><strong>pago NI reduce el monto de la suma asegurada<\/strong>.<\/mark><\/p>\n\n\n\n<p>.<\/p>\n\n\n\n<p>La justificaci\u00f3n de la <strong><mark style=\"background-color:rgba(0, 0, 0, 0);color:#2b07a6\" class=\"has-inline-color\">SCJN<\/mark> <\/strong>es que los art\u00edculos 66 y 67 de la Ley sobre el Contrato de Seguro <mark style=\"background-color:rgba(0, 0, 0, 0);color:#027810\" class=\"has-inline-color\"><strong>no justifican declarar improcedente el pago de la suma asegurada ni reducir su monto<\/strong> <\/mark><mark style=\"background-color:rgba(0, 0, 0, 0)\" class=\"has-inline-color has-black-color\">por la<\/mark><mark style=\"background-color:rgba(0, 0, 0, 0);color:#027810\" class=\"has-inline-color\"> <strong>presentaci\u00f3n inoportuna del aviso de fallecimiento<\/strong><\/mark><mark style=\"background-color:rgba(0, 0, 0, 0)\" class=\"has-inline-color has-black-color\"> en un seguro de vida<\/mark><mark style=\"background-color:rgba(0, 0, 0, 0);color:#027810\" class=\"has-inline-color\">.<\/mark><\/p>\n\n\n\n<p>Adem\u00e1s, la<mark style=\"background-color:rgba(0, 0, 0, 0);color:#028111\" class=\"has-inline-color\"> <strong>reducci\u00f3n<\/strong> <\/mark><mark style=\"background-color:rgba(0, 0, 0, 0)\" class=\"has-inline-color has-black-color\">de la prestaci\u00f3n <\/mark><mark style=\"background-color:rgba(0, 0, 0, 0);color:#028111\" class=\"has-inline-color\"><strong>SOLO aplica<\/strong> <\/mark><mark style=\"background-color:rgba(0, 0, 0, 0)\" class=\"has-inline-color has-black-color\">en seguros donde la aseguradora puede tomar medidas para <\/mark><strong><mark style=\"background-color:rgba(0, 0, 0, 0);color:#018e16\" class=\"has-inline-color\">evitar da\u00f1os mayores<\/mark><\/strong><mark style=\"background-color:rgba(0, 0, 0, 0)\" class=\"has-inline-color has-black-color\">, como en<\/mark><mark style=\"background-color:rgba(0, 0, 0, 0);color:#028111\" class=\"has-inline-color\"> <strong>seguros de da\u00f1os o gastos m\u00e9dicos<\/strong>. <\/mark><\/p>\n\n\n\n<p><mark style=\"background-color:rgba(0, 0, 0, 0)\" class=\"has-inline-color has-black-color\">En<\/mark><mark style=\"background-color:rgba(0, 0, 0, 0);color:#028111\" class=\"has-inline-color\"> s<strong>eguros de vida<\/strong>,<\/mark> la aseguradora no puede subrogarse en los derechos del asegurado ni tomar medidas urgentes, por lo que <mark style=\"background-color:#ff6900\" class=\"has-inline-color\">la oportunidad del aviso es irrelevante<\/mark><strong>.<\/strong><\/p>\n\n\n\n<p>.<\/p>\n\n\n\n<p>Esta <strong><mark style=\"background-color:#e0d0ee\" class=\"has-inline-color\">Resoluci\u00f3n<\/mark> <\/strong>esta <strong>disponible <\/strong>para quien la conozca y la<strong> <mark style=\"background-color:rgba(0, 0, 0, 0);color:#990404\" class=\"has-inline-color\">haga valer<\/mark><\/strong> a partir de esta semana<\/p>\n\n\n\n<p><strong><mark style=\"background-color:rgba(0, 0, 0, 0);color:#440381\" class=\"has-inline-color\">Tesis CIVIL<\/mark><\/strong><\/p>\n\n\n\n<p>.<\/p>\n\n\n\n<p class=\"wp-embed-aspect-16-9 wp-has-aspect-ratio\">Si estas en el <strong><mark style=\"background-color:rgba(0, 0, 0, 0)\" class=\"has-inline-color has-vivid-red-color\">Extranjero <\/mark><\/strong>nosotros somos tu <strong><mark style=\"background-color:rgba(0, 0, 0, 0)\" class=\"has-inline-color has-vivid-green-cyan-color\">mejor<\/mark><\/strong> alternativa para <strong><mark style=\"background-color:rgba(0, 0, 0, 0)\" class=\"has-inline-color has-luminous-vivid-orange-color\">velar<\/mark><\/strong> por tus <strong><mark style=\"background-color:rgba(0, 0, 0, 0)\" class=\"has-inline-color has-vivid-cyan-blue-color\">intereses<\/mark><\/strong>, escr\u00edbenos o ll\u00e1manos al Tel <strong>55581-11311<\/strong>.<\/p>\n\n\n\n<p>Cuando<strong> necesites<\/strong> ayuda, <strong>asistencia<\/strong> o <strong>planeaci\u00f3n<\/strong> legal, <strong>solicita<\/strong> <strong>Cita Privada<\/strong> <a href=\"mailto:bi@sm99.mx\" target=\"_blank\" rel=\"noreferrer noopener\"><strong>Aqu\u00ed<\/strong><\/a><\/p>\n\n\n\n<p>La informaci\u00f3n que AQU\u00cd te presentamos <strong>deriva<\/strong> de los <strong>Peri\u00f3dicos Oficiales <\/strong>de la<strong> CdMx<\/strong>, <strong>Estado<\/strong> de Mex., Diario <strong>Oficial<\/strong> de la Federaci\u00f3n, Suprema Corte de<strong> Justicia<\/strong> de la Naci\u00f3n, por lo tanto es de <strong>aplicaci\u00f3n OBLIGATORIA<\/strong><\/p>\n\n\n\n<p>La <strong>informaci\u00f3n<\/strong> de hoy procede de la Suprema Corte de Justicia<\/p>\n\n\n\n<p><strong><mark style=\"background-color:rgba(0, 0, 0, 0)\" class=\"has-inline-color has-luminous-vivid-orange-color\">AY\u00daDANOS<\/mark><\/strong> para que m\u00e1s personas conozcan esta informaci\u00f3n, <strong>Comp\u00e1rtelo<\/strong> en tus redes sociales<\/p>\n","protected":false},"excerpt":{"rendered":"<p>Views: 7 . Este ANTECEDENTE Surge luego de que se demand\u00f3 a una Aseguradora en la v\u00eda oral mercantil por el cumplimiento de un contrato de seguro de vida tras el fallecimiento de la persona asegurada. La Aseguradora argument\u00f3 que la reclamante NO dio aviso oportuno del siniestro, esto seg\u00fan el art\u00edculo 66 de la [&hellip;]<\/p>\n","protected":false},"author":3,"featured_media":30416,"comment_status":"closed","ping_status":"open","sticky":false,"template":"","format":"standard","meta":{"_jetpack_memberships_contains_paid_content":false,"footnotes":""},"categories":[4],"tags":[],"jetpack_sharing_enabled":true,"jetpack_featured_media_url":"http:\/\/www.salgadonoticias.com\/wp-content\/uploads\/2024\/11\/seguro.webp","_links":{"self":[{"href":"http:\/\/www.salgadonoticias.com\/index.php?rest_route=\/wp\/v2\/posts\/30405"}],"collection":[{"href":"http:\/\/www.salgadonoticias.com\/index.php?rest_route=\/wp\/v2\/posts"}],"about":[{"href":"http:\/\/www.salgadonoticias.com\/index.php?rest_route=\/wp\/v2\/types\/post"}],"author":[{"embeddable":true,"href":"http:\/\/www.salgadonoticias.com\/index.php?rest_route=\/wp\/v2\/users\/3"}],"replies":[{"embeddable":true,"href":"http:\/\/www.salgadonoticias.com\/index.php?rest_route=%2Fwp%2Fv2%2Fcomments&post=30405"}],"version-history":[{"count":5,"href":"http:\/\/www.salgadonoticias.com\/index.php?rest_route=\/wp\/v2\/posts\/30405\/revisions"}],"predecessor-version":[{"id":30424,"href":"http:\/\/www.salgadonoticias.com\/index.php?rest_route=\/wp\/v2\/posts\/30405\/revisions\/30424"}],"wp:featuredmedia":[{"embeddable":true,"href":"http:\/\/www.salgadonoticias.com\/index.php?rest_route=\/wp\/v2\/media\/30416"}],"wp:attachment":[{"href":"http:\/\/www.salgadonoticias.com\/index.php?rest_route=%2Fwp%2Fv2%2Fmedia&parent=30405"}],"wp:term":[{"taxonomy":"category","embeddable":true,"href":"http:\/\/www.salgadonoticias.com\/index.php?rest_route=%2Fwp%2Fv2%2Fcategories&post=30405"},{"taxonomy":"post_tag","embeddable":true,"href":"http:\/\/www.salgadonoticias.com\/index.php?rest_route=%2Fwp%2Fv2%2Ftags&post=30405"}],"curies":[{"name":"wp","href":"https:\/\/api.w.org\/{rel}","templated":true}]}}