{"id":30418,"date":"2024-11-22T01:29:00","date_gmt":"2024-11-22T07:29:00","guid":{"rendered":"https:\/\/www.salgadonoticias.com\/?p=30418"},"modified":"2024-11-27T16:12:27","modified_gmt":"2024-11-27T22:12:27","slug":"30418","status":"publish","type":"post","link":"http:\/\/www.salgadonoticias.com\/?p=30418","title":{"rendered":"IMPUESTO a Casas de EMPE\u00d1O Viola PROPORCIONALIDAD Tributaria\u2026!!!"},"content":{"rendered":"<p>Views: 4<\/p>\n<p>.<\/p>\n\n\n\n<p>Este <strong>Antecedente<\/strong><\/p>\n\n\n\n<p><strong>Surge<\/strong> luego de que los Tribunales Colegiados de Circuito emitieron <strong>fallos <mark style=\"background-color:rgba(0, 0, 0, 0)\" class=\"has-inline-color has-vivid-red-color\">contradictorios<\/mark><\/strong> sobre los art\u00edculos que<mark style=\"background-color:rgba(0, 0, 0, 0);color:#061d70\" class=\"has-inline-color\"> <strong>gravan la venta de bienes en prenda no recuperados<\/strong><\/mark>. <\/p>\n\n\n\n<p><strong><em>Uno consider\u00f3<\/em><\/strong> que los <mark style=\"background-color:#f2b4c4\" class=\"has-inline-color\"><strong>ingresos<\/strong> de la <strong>venta<\/strong> son una manifestaci\u00f3n de <strong>riqueza<\/strong> y, por tanto, <strong>sujetos a impuestos<\/strong><\/mark>. <\/p>\n\n\n\n<p>El <em><strong>otro opin\u00f3<\/strong><\/em> que parte de los ingresos se <strong><mark style=\"background-color:#7bdcb5\" class=\"has-inline-color\">destina al pago del pr\u00e9stamo y sus accesorios<\/mark><\/strong>, y el remanente queda para el deudor, lo que hace desproporcional la contribuci\u00f3n.<\/p>\n\n\n\n<p>.<\/p>\n\n\n\n<p>La <strong><mark style=\"background-color:rgba(0, 0, 0, 0);color:#08058e\" class=\"has-inline-color\">Suprema Corte de Justicia<\/mark> <\/strong>a trav\u00e9s del Pleno Regional con sede en la CdMx, <mark style=\"background-color:rgba(0, 0, 0, 0);color:#8a0101\" class=\"has-inline-color\"><strong>DETERMIN\u00d3<\/strong> <\/mark>que los <mark style=\"background-color:#f0abbc\" class=\"has-inline-color\"><strong>art\u00edculos 69 T al 69 T Quater del C\u00f3digo Financiero<\/strong><\/mark>, que <mark style=\"background-color:rgba(0, 0, 0, 0);color:#480587\" class=\"has-inline-color\"><strong>REGULAN<\/strong> el <strong>IMPUESTO a Casas de EMPE\u00d1O<\/strong>, es <strong>Inconstitucional<\/strong><\/mark> ya que <strong><mark style=\"background-color:#bdf29b\" class=\"has-inline-color\">VIOLAN el principio de proporcionalidad tributaria.<\/mark><\/strong><\/p>\n\n\n\n<p>.<\/p>\n\n\n\n<p>La Justificaci\u00f3n de la <strong><mark style=\"background-color:rgba(0, 0, 0, 0);color:#2f0388\" class=\"has-inline-color\">SCJN<\/mark> <\/strong>es que los art\u00edculos referidos<mark style=\"background-color:rgba(0, 0, 0, 0);color:#a60606\" class=\"has-inline-color\"> <strong>establecen<\/strong> <\/mark><mark style=\"background-color:rgba(0, 0, 0, 0)\" class=\"has-inline-color has-black-color\">un<\/mark><mark style=\"background-color:rgba(0, 0, 0, 0);color:#a60606\" class=\"has-inline-color\"> <strong>impuesto<\/strong> <\/mark><mark style=\"background-color:rgba(0, 0, 0, 0)\" class=\"has-inline-color has-black-color\">del<\/mark><mark style=\"background-color:rgba(0, 0, 0, 0);color:#a60606\" class=\"has-inline-color\"> <strong>5%<\/strong> <\/mark><mark style=\"background-color:rgba(0, 0, 0, 0)\" class=\"has-inline-color has-black-color\">para las<\/mark><mark style=\"background-color:rgba(0, 0, 0, 0);color:#a60606\" class=\"has-inline-color\"> <strong>casas de empe\u00f1o<\/strong>,<\/mark><mark style=\"background-color:rgba(0, 0, 0, 0)\" class=\"has-inline-color has-black-color\"> calculado<\/mark><mark style=\"background-color:rgba(0, 0, 0, 0);color:#a60606\" class=\"has-inline-color\"> <strong>sobre <\/strong><\/mark><mark style=\"background-color:rgba(0, 0, 0, 0)\" class=\"has-inline-color has-black-color\">la diferencia<\/mark><mark style=\"background-color:rgba(0, 0, 0, 0);color:#a60606\" class=\"has-inline-color\"> <strong>entre<\/strong><\/mark><mark style=\"background-color:rgba(0, 0, 0, 0)\" class=\"has-inline-color has-black-color\"> el valor del <\/mark><mark style=\"background-color:rgba(0, 0, 0, 0);color:#a60606\" class=\"has-inline-color\"><strong>aval\u00fao<\/strong><\/mark><mark style=\"background-color:rgba(0, 0, 0, 0)\" class=\"has-inline-color has-black-color\"> y el<\/mark><mark style=\"background-color:rgba(0, 0, 0, 0);color:#a60606\" class=\"has-inline-color\"> <strong>monto de la venta del bien en prenda<\/strong><\/mark><strong>. <\/strong>Por tanto, si el deudor<strong> <\/strong><mark style=\"background-color:rgba(0, 0, 0, 0);color:#4c0191\" class=\"has-inline-color\"><strong>incumple, <\/strong><\/mark><mark style=\"background-color:rgba(0, 0, 0, 0)\" class=\"has-inline-color has-black-color\">la casa de empe\u00f1o<\/mark><mark style=\"background-color:rgba(0, 0, 0, 0);color:#4c0191\" class=\"has-inline-color\"><strong> PUEDE vender el bien,<\/strong> <\/mark><mark style=\"background-color:rgba(0, 0, 0, 0)\" class=\"has-inline-color has-black-color\">y as\u00ed<strong> <\/strong><\/mark><mark style=\"background-color:rgba(0, 0, 0, 0);color:#4c0191\" class=\"has-inline-color\"><strong>pagar las obligaciones y entregar el remanente al deudor. La contribuci\u00f3n no respeta el principio de proporcionalidad tributaria<\/strong><\/mark><strong>, <\/strong>ya que no corresponde con la capacidad contributiva del sujeto.<\/p>\n\n\n\n<p>.<\/p>\n\n\n\n<p>Esta <strong><mark style=\"background-color:#f3b68a\" class=\"has-inline-color\">RESOLUCI\u00d3N<\/mark> <\/strong>es de <strong>aplicaci\u00f3n <mark style=\"background-color:rgba(0, 0, 0, 0);color:#9c0303\" class=\"has-inline-color\">OBLIGATORIA <\/mark><\/strong>en todo el pa\u00eds a partir de esta semana.<\/p>\n\n\n\n<p><strong><mark style=\"background-color:rgba(0, 0, 0, 0);color:#d65d07\" class=\"has-inline-color\">Jurisprudencia CONSTITUCIONAL-ADMINISTRATIVA<\/mark><\/strong><\/p>\n\n\n\n<p>.<\/p>\n\n\n\n<p class=\"wp-embed-aspect-16-9 wp-has-aspect-ratio\">Si estas en el <strong><mark style=\"background-color:rgba(0, 0, 0, 0)\" class=\"has-inline-color has-vivid-red-color\">Extranjero <\/mark><\/strong>nosotros somos tu <strong><mark style=\"background-color:rgba(0, 0, 0, 0)\" class=\"has-inline-color has-vivid-green-cyan-color\">mejor<\/mark><\/strong> alternativa para <strong><mark style=\"background-color:rgba(0, 0, 0, 0)\" class=\"has-inline-color has-luminous-vivid-orange-color\">velar<\/mark><\/strong> por tus <strong><mark style=\"background-color:rgba(0, 0, 0, 0)\" class=\"has-inline-color has-vivid-cyan-blue-color\">intereses<\/mark><\/strong>, escr\u00edbenos o ll\u00e1manos al Tel <strong>55581-11311<\/strong>.<\/p>\n\n\n\n<p>Cuando<strong> necesites<\/strong> ayuda, <strong>asistencia<\/strong> o <strong>planeaci\u00f3n<\/strong> legal, <strong>solicita<\/strong> <strong>Cita Privada<\/strong> <a href=\"mailto:bi@sm99.mx\" target=\"_blank\" rel=\"noreferrer noopener\"><strong>Aqu\u00ed<\/strong><\/a><\/p>\n\n\n\n<p>La informaci\u00f3n que AQU\u00cd te presentamos <strong>deriva<\/strong> de los <strong>Peri\u00f3dicos Oficiales <\/strong>de la<strong> CdMx<\/strong>, <strong>Estado<\/strong> de Mex., Diario <strong>Oficial<\/strong> de la Federaci\u00f3n, Suprema Corte de<strong> Justicia<\/strong> de la Naci\u00f3n, por lo tanto es de <strong>aplicaci\u00f3n OBLIGATORIA<\/strong><\/p>\n\n\n\n<p>La <strong>informaci\u00f3n<\/strong> de hoy procede de la Suprema Corte de Justicia<\/p>\n\n\n\n<p><strong><mark style=\"background-color:rgba(0, 0, 0, 0)\" class=\"has-inline-color has-luminous-vivid-orange-color\">AY\u00daDANOS<\/mark><\/strong> para que m\u00e1s personas conozcan esta informaci\u00f3n, <strong>Comp\u00e1rtelo<\/strong> en tus redes sociales<\/p>\n","protected":false},"excerpt":{"rendered":"<p>Views: 4 . Este Antecedente Surge luego de que los Tribunales Colegiados de Circuito emitieron fallos contradictorios sobre los art\u00edculos que gravan la venta de bienes en prenda no recuperados. Uno consider\u00f3 que los ingresos de la venta son una manifestaci\u00f3n de riqueza y, por tanto, sujetos a impuestos. El otro opin\u00f3 que parte de [&hellip;]<\/p>\n","protected":false},"author":3,"featured_media":30421,"comment_status":"closed","ping_status":"open","sticky":false,"template":"","format":"standard","meta":{"_jetpack_memberships_contains_paid_content":false,"footnotes":""},"categories":[4],"tags":[],"jetpack_sharing_enabled":true,"jetpack_featured_media_url":"http:\/\/www.salgadonoticias.com\/wp-content\/uploads\/2024\/11\/casa-empeno.jpg","_links":{"self":[{"href":"http:\/\/www.salgadonoticias.com\/index.php?rest_route=\/wp\/v2\/posts\/30418"}],"collection":[{"href":"http:\/\/www.salgadonoticias.com\/index.php?rest_route=\/wp\/v2\/posts"}],"about":[{"href":"http:\/\/www.salgadonoticias.com\/index.php?rest_route=\/wp\/v2\/types\/post"}],"author":[{"embeddable":true,"href":"http:\/\/www.salgadonoticias.com\/index.php?rest_route=\/wp\/v2\/users\/3"}],"replies":[{"embeddable":true,"href":"http:\/\/www.salgadonoticias.com\/index.php?rest_route=%2Fwp%2Fv2%2Fcomments&post=30418"}],"version-history":[{"count":3,"href":"http:\/\/www.salgadonoticias.com\/index.php?rest_route=\/wp\/v2\/posts\/30418\/revisions"}],"predecessor-version":[{"id":30463,"href":"http:\/\/www.salgadonoticias.com\/index.php?rest_route=\/wp\/v2\/posts\/30418\/revisions\/30463"}],"wp:featuredmedia":[{"embeddable":true,"href":"http:\/\/www.salgadonoticias.com\/index.php?rest_route=\/wp\/v2\/media\/30421"}],"wp:attachment":[{"href":"http:\/\/www.salgadonoticias.com\/index.php?rest_route=%2Fwp%2Fv2%2Fmedia&parent=30418"}],"wp:term":[{"taxonomy":"category","embeddable":true,"href":"http:\/\/www.salgadonoticias.com\/index.php?rest_route=%2Fwp%2Fv2%2Fcategories&post=30418"},{"taxonomy":"post_tag","embeddable":true,"href":"http:\/\/www.salgadonoticias.com\/index.php?rest_route=%2Fwp%2Fv2%2Ftags&post=30418"}],"curies":[{"name":"wp","href":"https:\/\/api.w.org\/{rel}","templated":true}]}}