{"id":30427,"date":"2024-11-25T00:45:00","date_gmt":"2024-11-25T06:45:00","guid":{"rendered":"https:\/\/www.salgadonoticias.com\/?p=30427"},"modified":"2024-11-27T16:18:14","modified_gmt":"2024-11-27T22:18:14","slug":"30427","status":"publish","type":"post","link":"http:\/\/www.salgadonoticias.com\/?p=30427","title":{"rendered":"Demanda de AMPARO DIRECTO puede PRESENTARSE en Oficina POSTAL &#8230;!!!"},"content":{"rendered":"<p>Views: 22<\/p>\n<p>.<\/p>\n\n\n\n<p>Este <mark style=\"background-color:rgba(0, 0, 0, 0);color:#e36308\" class=\"has-inline-color\"><strong>ANTECEDENTE<\/strong>:<\/mark><\/p>\n\n\n\n<p>Luego de que Tribunales Colegiados de Circuito llegaron a criterios diferentes sobre la <strong><mark style=\"background-color:#f0ce72\" class=\"has-inline-color\">presentaci\u00f3n<\/mark> <\/strong>de demandas de<strong> <\/strong><mark style=\"background-color:#f6c3cf\" class=\"has-inline-color\"><strong>Amparo directo <\/strong>en oficinas del<strong> Servicio Postal Mexicano<\/strong><\/mark>. Un tribunal <strong>permite la presentaci\u00f3n<\/strong> en cualquier <strong>oficina postal<\/strong> <strong>si el promovente reside fuera del lugar del juicio<\/strong>, mientras que el otro <strong>exige que sea en la oficina del lugar de residencia del promovente o la m\u00e1s cercana<\/strong>.<\/p>\n\n\n\n<p>.<\/p>\n\n\n\n<p>La <strong><mark style=\"background-color:rgba(0, 0, 0, 0);color:#160495\" class=\"has-inline-color\">Suprema Corte de Justicia<\/mark> <\/strong>a trav\u00e9s delPleno Regional en Materias Administrativa y Civil con residencia en la CdMx, <strong><mark style=\"background-color:rgba(0, 0, 0, 0);color:#960404\" class=\"has-inline-color\">DETERMIN\u00d3<\/mark><\/strong> que las <mark style=\"background-color:#ffffff;color:#4c0390\" class=\"has-inline-color\"><em><u>demanda<\/u><\/em> de <strong>AMPARO<\/strong> <em><u>directo<\/u><\/em> <strong>PUEDEN<\/strong> <strong>presentarse<\/strong> en cualquier oficina del<strong> Servicio Postal Mexicano<\/strong> DENTRO del Pais<\/mark><mark style=\"background-color:#ffffff\" class=\"has-inline-color\">, <\/mark><mark style=\"background-color:#ffffff;color:#037d22\" class=\"has-inline-color\"><em><u>independientemente<\/u><\/em> de la <strong>ubicaci\u00f3n<\/strong> del <strong>promovente<\/strong> y <strong><em><u>DISTINTA<\/u><\/em><\/strong> al <strong>domicilio <\/strong>de la<strong> autoridad responsable<\/strong>.<\/mark><\/p>\n\n\n\n<p>.<\/p>\n\n\n\n<p>La justificaci\u00f3n de la <strong><mark style=\"background-color:rgba(0, 0, 0, 0);color:#1b058e\" class=\"has-inline-color\">SCJN<\/mark> <\/strong>es que la <mark style=\"background-color:rgba(0, 0, 0, 0);color:#ac065b\" class=\"has-inline-color\"><strong>evoluci\u00f3n legislativa y jurisprudencial<\/strong> <\/mark><mark style=\"background-color:rgba(0, 0, 0, 0)\" class=\"has-inline-color has-black-color\">del <em><u>art. 23 de la Ley de Amparo<\/u><\/em> DEMUESTRA que su racionalidad y prop\u00f3sito<\/mark><mark style=\"background-color:rgba(0, 0, 0, 0);color:#ac065b\" class=\"has-inline-color\"> <strong>radican en facilitar la presentaci\u00f3n de la demanda<\/strong> <\/mark><mark style=\"background-color:rgba(0, 0, 0, 0)\" class=\"has-inline-color has-black-color\">cuando el domicilio de los <\/mark><mark style=\"background-color:rgba(0, 0, 0, 0);color:#ac065b\" class=\"has-inline-color\"><strong>justiciables sea fuera de la residencia del \u00f3rgano jurisdiccional.<\/strong><\/mark><\/p>\n\n\n\n<p>As\u00ed a la luz del <mark style=\"background-color:rgba(0, 0, 0, 0);color:#b14503\" class=\"has-inline-color\"><strong>derecho humano de acceso a la tutela judicial<\/strong>, <\/mark><mark style=\"background-color:rgba(0, 0, 0, 0)\" class=\"has-inline-color has-black-color\">aunado a la actual din\u00e1mica social y<\/mark><mark style=\"background-color:rgba(0, 0, 0, 0);color:#b14503\" class=\"has-inline-color\"> <strong>avance en los medios de comunicaci\u00f3n<\/strong>, <\/mark><mark style=\"background-color:rgba(0, 0, 0, 0)\" class=\"has-inline-color has-black-color\">el precepto <em><u>no debe interpretarse atendiendo a su literalidad, ni en estricto sentido<\/u><\/em>, sino <\/mark><mark style=\"background-color:rgba(0, 0, 0, 0);color:#b14503\" class=\"has-inline-color\"><strong>privilegiando<\/strong> <\/mark><mark style=\"background-color:rgba(0, 0, 0, 0)\" class=\"has-inline-color has-black-color\">el deber de optimizar el<\/mark><mark style=\"background-color:rgba(0, 0, 0, 0);color:#b14503\" class=\"has-inline-color\"><strong> acceso a la justicia<\/strong>, <\/mark><mark style=\"background-color:rgba(0, 0, 0, 0)\" class=\"has-inline-color has-black-color\">definiendo que desde donde se env\u00ede la demanda <\/mark><mark style=\"background-color:rgba(0, 0, 0, 0);color:#b14503\" class=\"has-inline-color\"><strong>llegar\u00e1 a su destino y habr\u00e1 certeza de la fecha en que se deposit\u00f3<\/strong>, <strong>sin que sea exigible que se trate del lugar de residencia del promovente.<\/strong><\/mark><\/p>\n\n\n\n<p>.<\/p>\n\n\n\n<p>Esta <strong><mark style=\"background-color:#c5deed\" class=\"has-inline-color\">RESOLUCI\u00d3N<\/mark> <\/strong>es de <strong>aplicaci\u00f3n <mark style=\"background-color:rgba(0, 0, 0, 0);color:#950303\" class=\"has-inline-color\">OBLIGATORIA<\/mark> <\/strong>en todo el pa\u00eds a partir de esta semana.<\/p>\n\n\n\n<p><strong><mark style=\"background-color:rgba(0, 0, 0, 0);color:#056a7a\" class=\"has-inline-color\">Jurisprudencia COM\u00daN<\/mark><\/strong><\/p>\n\n\n\n<p>.<\/p>\n\n\n\n<p class=\"wp-embed-aspect-16-9 wp-has-aspect-ratio\">Si estas en el <strong><mark style=\"background-color:rgba(0, 0, 0, 0)\" class=\"has-inline-color has-vivid-red-color\">Extranjero <\/mark><\/strong>nosotros somos tu <strong><mark style=\"background-color:rgba(0, 0, 0, 0)\" class=\"has-inline-color has-vivid-green-cyan-color\">mejor<\/mark><\/strong> alternativa para <strong><mark style=\"background-color:rgba(0, 0, 0, 0)\" class=\"has-inline-color has-luminous-vivid-orange-color\">velar<\/mark><\/strong> por tus <strong><mark style=\"background-color:rgba(0, 0, 0, 0)\" class=\"has-inline-color has-vivid-cyan-blue-color\">intereses<\/mark><\/strong>, escr\u00edbenos o ll\u00e1manos al Tel <strong>55581-11311<\/strong>.<\/p>\n\n\n\n<p>Cuando<strong> necesites<\/strong> ayuda, <strong>asistencia<\/strong> o <strong>planeaci\u00f3n<\/strong> legal, <strong>solicita<\/strong> <strong>Cita Privada<\/strong> <a href=\"mailto:bi@sm99.mx\" target=\"_blank\" rel=\"noreferrer noopener\"><strong>Aqu\u00ed<\/strong><\/a><\/p>\n\n\n\n<p>La informaci\u00f3n que AQU\u00cd te presentamos <strong>deriva<\/strong> de los <strong>Peri\u00f3dicos Oficiales <\/strong>de la<strong> CdMx<\/strong>, <strong>Estado<\/strong> de Mex., Diario <strong>Oficial<\/strong> de la Federaci\u00f3n, Suprema Corte de<strong> Justicia<\/strong> de la Naci\u00f3n, por lo tanto es de <strong>aplicaci\u00f3n OBLIGATORIA<\/strong><\/p>\n\n\n\n<p>La <strong>informaci\u00f3n<\/strong> de hoy procede de la Suprema Corte de Justicia<\/p>\n\n\n\n<p><strong><mark style=\"background-color:rgba(0, 0, 0, 0)\" class=\"has-inline-color has-luminous-vivid-orange-color\">AY\u00daDANOS<\/mark><\/strong> para que m\u00e1s personas conozcan esta informaci\u00f3n, <strong>Comp\u00e1rtelo<\/strong> en tus redes sociales<\/p>\n","protected":false},"excerpt":{"rendered":"<p>Views: 22 . Este ANTECEDENTE: Luego de que Tribunales Colegiados de Circuito llegaron a criterios diferentes sobre la presentaci\u00f3n de demandas de Amparo directo en oficinas del Servicio Postal Mexicano. Un tribunal permite la presentaci\u00f3n en cualquier oficina postal si el promovente reside fuera del lugar del juicio, mientras que el otro exige que sea [&hellip;]<\/p>\n","protected":false},"author":3,"featured_media":30433,"comment_status":"closed","ping_status":"open","sticky":false,"template":"","format":"standard","meta":{"_jetpack_memberships_contains_paid_content":false,"footnotes":""},"categories":[4],"tags":[],"jetpack_sharing_enabled":true,"jetpack_featured_media_url":"http:\/\/www.salgadonoticias.com\/wp-content\/uploads\/2024\/11\/correos.jpeg","_links":{"self":[{"href":"http:\/\/www.salgadonoticias.com\/index.php?rest_route=\/wp\/v2\/posts\/30427"}],"collection":[{"href":"http:\/\/www.salgadonoticias.com\/index.php?rest_route=\/wp\/v2\/posts"}],"about":[{"href":"http:\/\/www.salgadonoticias.com\/index.php?rest_route=\/wp\/v2\/types\/post"}],"author":[{"embeddable":true,"href":"http:\/\/www.salgadonoticias.com\/index.php?rest_route=\/wp\/v2\/users\/3"}],"replies":[{"embeddable":true,"href":"http:\/\/www.salgadonoticias.com\/index.php?rest_route=%2Fwp%2Fv2%2Fcomments&post=30427"}],"version-history":[{"count":8,"href":"http:\/\/www.salgadonoticias.com\/index.php?rest_route=\/wp\/v2\/posts\/30427\/revisions"}],"predecessor-version":[{"id":30468,"href":"http:\/\/www.salgadonoticias.com\/index.php?rest_route=\/wp\/v2\/posts\/30427\/revisions\/30468"}],"wp:featuredmedia":[{"embeddable":true,"href":"http:\/\/www.salgadonoticias.com\/index.php?rest_route=\/wp\/v2\/media\/30433"}],"wp:attachment":[{"href":"http:\/\/www.salgadonoticias.com\/index.php?rest_route=%2Fwp%2Fv2%2Fmedia&parent=30427"}],"wp:term":[{"taxonomy":"category","embeddable":true,"href":"http:\/\/www.salgadonoticias.com\/index.php?rest_route=%2Fwp%2Fv2%2Fcategories&post=30427"},{"taxonomy":"post_tag","embeddable":true,"href":"http:\/\/www.salgadonoticias.com\/index.php?rest_route=%2Fwp%2Fv2%2Ftags&post=30427"}],"curies":[{"name":"wp","href":"https:\/\/api.w.org\/{rel}","templated":true}]}}