{"id":30441,"date":"2024-11-26T00:58:00","date_gmt":"2024-11-26T06:58:00","guid":{"rendered":"https:\/\/www.salgadonoticias.com\/?p=30441"},"modified":"2024-11-26T14:33:16","modified_gmt":"2024-11-26T20:33:16","slug":"renuncia-tiene-valor-probatorio-si-la-baja-se-hizo-5-dias-despues-en-el-imss","status":"publish","type":"post","link":"http:\/\/www.salgadonoticias.com\/?p=30441","title":{"rendered":"Renuncia TIENE VALOR probatorio si la Baja se HACE en 5 d\u00edas POSTERIORES al IMSS\u2026!!!"},"content":{"rendered":"<p>Views: 40<\/p>\n<p>.<\/p>\n\n\n\n<p>Este <strong>ANTECEDENTE<\/strong><\/p>\n\n\n\n<p>Surge luego de que, en un juicio laboral, la<mark style=\"background-color:rgba(0, 0, 0, 0);color:#068959\" class=\"has-inline-color\"> <strong>Trabajadora aleg\u00f3 haber sido despedida<\/strong><\/mark>, mientras que el <strong><mark style=\"background-color:rgba(0, 0, 0, 0);color:#3d0473\" class=\"has-inline-color\">Patr\u00f3n afirm\u00f3 que renunci\u00f3<\/mark><\/strong>. <\/p>\n\n\n\n<p>Y <mark style=\"background-color:#f0bac7\" class=\"has-inline-color\">durante el juicio, se <strong>demostr\u00f3<\/strong> que la trabajadora <strong>continu\u00f3 cotizando<\/strong> en el IMSS<\/mark> para una de las empresas demandadas durante 6 meses <mark style=\"background-color:#f0b4c3\" class=\"has-inline-color\"><strong><em><u>despu\u00e9s<\/u><\/em><\/strong><em> <u>de la fecha en que supuestamente<\/u> <strong><u>termin\u00f3 la relaci\u00f3n laboral<\/u><\/strong><\/em>.<\/mark><\/p>\n\n\n\n<p>.<\/p>\n\n\n\n<p>La <strong><mark style=\"background-color:rgba(0, 0, 0, 0);color:#1b0591\" class=\"has-inline-color\">Suprema Corte de Justicia<\/mark> <\/strong>a trav\u00e9s del Tribunal Colegiado de Circuito <strong><mark style=\"background-color:rgba(0, 0, 0, 0);color:#780202\" class=\"has-inline-color\">DETERMIN\u00d3<\/mark> <\/strong>que<strong>, <\/strong>para que la<strong> <\/strong><mark style=\"background-color:rgba(0, 0, 0, 0);color:#167c02\" class=\"has-inline-color\"><strong>Renuncia tenga valor probatorio, <\/strong>el PATR\u00d3N<strong> DEBE dar de baja <\/strong>al trabajador del <strong>seguro social dentro de 5 d\u00edas h\u00e1biles <\/strong><\/mark>siguientes a cuando ocurre.<\/p>\n\n\n\n<p>.<\/p>\n\n\n\n<p>La justificaci\u00f3n de la <strong><mark style=\"background-color:rgba(0, 0, 0, 0);color:#0d09a2\" class=\"has-inline-color\">SCJN<\/mark> <\/strong>es que al resolver la contradicci\u00f3n de criterios 243\/2022, de la que deriv\u00f3 la tesis de tesis de jurisprudencia 2a.\/J. 14\/2023 (11a.), <mark style=\"background-color:#f4c441\" class=\"has-inline-color\"><strong>sostuvo<\/strong><\/mark><mark style=\"background-color:#ffffff\" class=\"has-inline-color\"> que, en <\/mark><mark style=\"background-color:#f4c441\" class=\"has-inline-color\"><strong>caso de renuncia<\/strong>, el <strong>PATR\u00d3N<\/strong><\/mark><mark style=\"background-color:#ffffff\" class=\"has-inline-color\"> debe <\/mark><mark style=\"background-color:#f4c441\" class=\"has-inline-color\"><strong>dar de baja al trabajador<\/strong><\/mark><mark style=\"background-color:#ffffff\" class=\"has-inline-color\"> del seguro social <\/mark><mark style=\"background-color:#f4c441\" class=\"has-inline-color\"><strong>\u201cde inmediato\u201d<\/strong><\/mark><mark style=\"background-color:#ffffff\" class=\"has-inline-color\"> para <\/mark><mark style=\"background-color:#f4c441\" class=\"has-inline-color\"><strong>demostrar<\/strong><\/mark><mark style=\"background-color:#ffffff\" class=\"has-inline-color has-black-color\"> que la relaci\u00f3n laboral termin\u00f3 por ese motivo y evitar pruebas en su contra. <\/mark><mark style=\"background-color:#ffffff;color:#ee731c\" class=\"has-inline-color\"><strong>A\u00daN cuando no se defini\u00f3 \u201cinmediato<\/strong>\u201d<\/mark><mark style=\"background-color:#ffffff\" class=\"has-inline-color has-black-color\">, se <\/mark><mark style=\"background-color:#f4c441\" class=\"has-inline-color\"><strong><em>estableci\u00f3 que la baja debe realizarse dentro de los 5 d\u00edas h\u00e1biles seg\u00fan la Ley del Seguro Social y su reglamento<\/em><\/strong>.<\/mark><\/p>\n\n\n\n<p>.<\/p>\n\n\n\n<p>Esta <strong><mark style=\"background-color:#c4dcf1\" class=\"has-inline-color\">RESOLUCI\u00d3N<\/mark><\/strong> est\u00e1 <strong>disponible <\/strong>a partir de esta semana para quien la <strong><mark style=\"background-color:rgba(0, 0, 0, 0);color:#8e0606\" class=\"has-inline-color\">conozca y la haga valer.<\/mark><\/strong><\/p>\n\n\n\n<p><strong><mark style=\"background-color:rgba(0, 0, 0, 0);color:#080589\" class=\"has-inline-color\">Tesis LABORAL<\/mark><\/strong><\/p>\n\n\n\n<p>.<\/p>\n\n\n\n<p>.<\/p>\n\n\n\n<p class=\"wp-embed-aspect-16-9 wp-has-aspect-ratio\">Si estas en el <strong><mark style=\"background-color:rgba(0, 0, 0, 0)\" class=\"has-inline-color has-vivid-red-color\">Extranjero <\/mark><\/strong>nosotros somos tu <strong><mark style=\"background-color:rgba(0, 0, 0, 0)\" class=\"has-inline-color has-vivid-green-cyan-color\">mejor<\/mark><\/strong> alternativa para <strong><mark style=\"background-color:rgba(0, 0, 0, 0)\" class=\"has-inline-color has-luminous-vivid-orange-color\">velar<\/mark><\/strong> por tus <strong><mark style=\"background-color:rgba(0, 0, 0, 0)\" class=\"has-inline-color has-vivid-cyan-blue-color\">intereses<\/mark><\/strong>, escr\u00edbenos o ll\u00e1manos al Tel <strong>55581-11311<\/strong>.<\/p>\n\n\n\n<p>Cuando<strong> necesites<\/strong> ayuda, <strong>asistencia<\/strong> o <strong>planeaci\u00f3n<\/strong> legal, <strong>solicita<\/strong> <strong>Cita Privada<\/strong> <a href=\"mailto:bi@sm99.mx\" target=\"_blank\" rel=\"noreferrer noopener\"><strong>Aqu\u00ed<\/strong><\/a><\/p>\n\n\n\n<p>La informaci\u00f3n que AQU\u00cd te presentamos <strong>deriva<\/strong> de los <strong>Peri\u00f3dicos Oficiales <\/strong>de la<strong> CdMx<\/strong>, <strong>Estado<\/strong> de Mex., Diario <strong>Oficial<\/strong> de la Federaci\u00f3n, Suprema Corte de<strong> Justicia<\/strong> de la Naci\u00f3n, por lo tanto es de <strong>aplicaci\u00f3n OBLIGATORIA<\/strong><\/p>\n\n\n\n<p>La <strong>informaci\u00f3n<\/strong> de hoy procede de la Suprema Corte de Justicia<\/p>\n\n\n\n<p><strong><mark style=\"background-color:rgba(0, 0, 0, 0)\" class=\"has-inline-color has-luminous-vivid-orange-color\">AY\u00daDANOS<\/mark><\/strong> para que m\u00e1s personas conozcan esta informaci\u00f3n, <strong>Comp\u00e1rtelo<\/strong> en tus redes sociales<\/p>\n","protected":false},"excerpt":{"rendered":"<p>Views: 40 . Este ANTECEDENTE Surge luego de que, en un juicio laboral, la Trabajadora aleg\u00f3 haber sido despedida, mientras que el Patr\u00f3n afirm\u00f3 que renunci\u00f3. Y durante el juicio, se demostr\u00f3 que la trabajadora continu\u00f3 cotizando en el IMSS para una de las empresas demandadas durante 6 meses despu\u00e9s de la fecha en que [&hellip;]<\/p>\n","protected":false},"author":3,"featured_media":30444,"comment_status":"closed","ping_status":"open","sticky":false,"template":"","format":"standard","meta":{"_jetpack_memberships_contains_paid_content":false,"footnotes":""},"categories":[4],"tags":[],"jetpack_sharing_enabled":true,"jetpack_featured_media_url":"http:\/\/www.salgadonoticias.com\/wp-content\/uploads\/2024\/11\/RENUNCIA.jpg","_links":{"self":[{"href":"http:\/\/www.salgadonoticias.com\/index.php?rest_route=\/wp\/v2\/posts\/30441"}],"collection":[{"href":"http:\/\/www.salgadonoticias.com\/index.php?rest_route=\/wp\/v2\/posts"}],"about":[{"href":"http:\/\/www.salgadonoticias.com\/index.php?rest_route=\/wp\/v2\/types\/post"}],"author":[{"embeddable":true,"href":"http:\/\/www.salgadonoticias.com\/index.php?rest_route=\/wp\/v2\/users\/3"}],"replies":[{"embeddable":true,"href":"http:\/\/www.salgadonoticias.com\/index.php?rest_route=%2Fwp%2Fv2%2Fcomments&post=30441"}],"version-history":[{"count":5,"href":"http:\/\/www.salgadonoticias.com\/index.php?rest_route=\/wp\/v2\/posts\/30441\/revisions"}],"predecessor-version":[{"id":30457,"href":"http:\/\/www.salgadonoticias.com\/index.php?rest_route=\/wp\/v2\/posts\/30441\/revisions\/30457"}],"wp:featuredmedia":[{"embeddable":true,"href":"http:\/\/www.salgadonoticias.com\/index.php?rest_route=\/wp\/v2\/media\/30444"}],"wp:attachment":[{"href":"http:\/\/www.salgadonoticias.com\/index.php?rest_route=%2Fwp%2Fv2%2Fmedia&parent=30441"}],"wp:term":[{"taxonomy":"category","embeddable":true,"href":"http:\/\/www.salgadonoticias.com\/index.php?rest_route=%2Fwp%2Fv2%2Fcategories&post=30441"},{"taxonomy":"post_tag","embeddable":true,"href":"http:\/\/www.salgadonoticias.com\/index.php?rest_route=%2Fwp%2Fv2%2Ftags&post=30441"}],"curies":[{"name":"wp","href":"https:\/\/api.w.org\/{rel}","templated":true}]}}