{"id":30448,"date":"2024-11-27T01:03:00","date_gmt":"2024-11-27T07:03:00","guid":{"rendered":"https:\/\/www.salgadonoticias.com\/?p=30448"},"modified":"2024-11-27T18:51:49","modified_gmt":"2024-11-28T00:51:49","slug":"30448","status":"publish","type":"post","link":"http:\/\/www.salgadonoticias.com\/?p=30448","title":{"rendered":"LICENCIA Permanente NO SIRVE para Motocicletas&#8230;!!!"},"content":{"rendered":"<p>Views: 11<\/p>\n<p>.<\/p>\n\n\n\n<figure class=\"wp-block-embed is-type-video is-provider-youtube wp-block-embed-youtube wp-embed-aspect-16-9 wp-has-aspect-ratio\"><div class=\"wp-block-embed__wrapper\">\n<iframe loading=\"lazy\" title=\"4 noticias importantes...Licencia Permanente; Baja en IMSS; Amparos por correo y Casas de Empe\u00f1o\" width=\"640\" height=\"360\" src=\"https:\/\/www.youtube.com\/embed\/5J5Ws7gjlGs?feature=oembed\" frameborder=\"0\" allow=\"accelerometer; autoplay; clipboard-write; encrypted-media; gyroscope; picture-in-picture; web-share\" referrerpolicy=\"strict-origin-when-cross-origin\" allowfullscreen><\/iframe>\n<\/div><\/figure>\n\n\n\n<p>.<\/p>\n\n\n\n<p>Con la reforma al art\u00edculo 44 del Reglamento de Tr\u00e1nsito se estipula que la <mark style=\"background-color:rgba(0, 0, 0, 0);color:#cb0606\" class=\"has-inline-color\"><strong>NUEVA<\/strong> <strong>Licencia <\/strong>de conducir <strong>Permanente<\/strong><\/mark> la cual se empez\u00f3 a expedir a partir del 16 de noviembre del presente, <strong><mark style=\"background-color:#f7c744\" class=\"has-inline-color\">NO es V\u00c1LIDA para Conducir Motocicletas.<\/mark><\/strong><\/p>\n\n\n\n<p><strong>.<\/strong><\/p>\n\n\n\n<p>Por lo que<strong>, <\/strong><mark style=\"background-color:rgba(0, 0, 0, 0);color:#9e0644\" class=\"has-inline-color\"><strong>quienes NO respete esta disposici\u00f3n<\/strong> <\/mark><mark style=\"background-color:rgba(0, 0, 0, 0)\" class=\"has-inline-color has-black-color\">ser\u00e1n acreedor a<\/mark><mark style=\"background-color:rgba(0, 0, 0, 0);color:#9e0644\" class=\"has-inline-color\"> <strong>multas<\/strong> <\/mark><mark style=\"background-color:rgba(0, 0, 0, 0)\" class=\"has-inline-color has-black-color\">que van desde<\/mark><mark style=\"background-color:rgba(0, 0, 0, 0);color:#9e0644\" class=\"has-inline-color\"> <strong>$1,085.70 y hasta $2,171.40<\/strong><\/mark> (10, 15 y 20 UMAS)<\/p>\n\n\n\n<p>.<\/p>\n\n\n\n<p><mark style=\"background-color:#beed88\" class=\"has-inline-color\">Esta son la <strong>\u00fanicas<\/strong> las <strong>licencias<\/strong> que puedes usar si <strong>conduces<\/strong> una <strong>motocicleta<\/strong><\/mark>:<\/p>\n\n\n\n<ol start=\"1\">\n<li><mark style=\"background-color:rgba(0, 0, 0, 0);color:#53059d\" class=\"has-inline-color\"><strong>Tipo A1, A2, o A permanente<\/strong>: <\/mark><mark style=\"background-color:rgba(0, 0, 0, 0)\" class=\"has-inline-color has-black-color\">Estas <\/mark><mark style=\"background-color:rgba(0, 0, 0, 0);color:#53059d\" class=\"has-inline-color\"><strong>licencias<\/strong> <\/mark><mark style=\"background-color:rgba(0, 0, 0, 0)\" class=\"has-inline-color has-black-color\">deben haber sido<\/mark><mark style=\"background-color:rgba(0, 0, 0, 0);color:#53059d\" class=\"has-inline-color\"> <strong>expedidas<\/strong> <\/mark><mark style=\"background-color:rgba(0, 0, 0, 0)\" class=\"has-inline-color has-black-color\">ENTRE el<\/mark><mark style=\"background-color:rgba(0, 0, 0, 0);color:#53059d\" class=\"has-inline-color\"> <strong>31<\/strong> de <strong>diciembre <\/strong><\/mark><mark style=\"background-color:rgba(0, 0, 0, 0)\" class=\"has-inline-color has-black-color\">de<\/mark><mark style=\"background-color:rgba(0, 0, 0, 0);color:#53059d\" class=\"has-inline-color\"> <strong>2003<\/strong><\/mark><mark style=\"background-color:rgba(0, 0, 0, 0)\" class=\"has-inline-color has-black-color\"><strong> <\/strong>y el<\/mark><mark style=\"background-color:rgba(0, 0, 0, 0);color:#53059d\" class=\"has-inline-color\"><strong> 31<\/strong> <\/mark><mark style=\"background-color:rgba(0, 0, 0, 0)\" class=\"has-inline-color has-black-color\">de<strong> <\/strong><\/mark><mark style=\"background-color:rgba(0, 0, 0, 0);color:#53059d\" class=\"has-inline-color\"><strong>diciembre<\/strong> de <strong>2007<\/strong>.<\/mark><\/li>\n<\/ol>\n\n\n\n<p>.<\/p>\n\n\n\n<p><\/p>\n\n\n\n<p class=\"wp-embed-aspect-16-9 wp-has-aspect-ratio\">Si estas en el <strong><mark style=\"background-color:rgba(0, 0, 0, 0)\" class=\"has-inline-color has-vivid-red-color\">Extranjero <\/mark><\/strong>nosotros somos tu <strong><mark style=\"background-color:rgba(0, 0, 0, 0)\" class=\"has-inline-color has-vivid-green-cyan-color\">mejor<\/mark><\/strong> alternativa para <strong><mark style=\"background-color:rgba(0, 0, 0, 0)\" class=\"has-inline-color has-luminous-vivid-orange-color\">velar<\/mark><\/strong> por tus <strong><mark style=\"background-color:rgba(0, 0, 0, 0)\" class=\"has-inline-color has-vivid-cyan-blue-color\">intereses<\/mark><\/strong>, escr\u00edbenos o ll\u00e1manos al Tel <strong>55581-11311<\/strong>.<\/p>\n\n\n\n<p>Cuando<strong> necesites<\/strong> ayuda, <strong>asistencia<\/strong> o <strong>planeaci\u00f3n<\/strong> legal, <strong>solicita<\/strong> <strong>Cita Privada<\/strong> <a href=\"mailto:bi@sm99.mx\" target=\"_blank\" rel=\"noreferrer noopener\"><strong>Aqu\u00ed<\/strong><\/a><\/p>\n\n\n\n<p>La informaci\u00f3n que AQU\u00cd te presentamos <strong>deriva<\/strong> de los <strong>Peri\u00f3dicos Oficiales <\/strong>de la<strong> CdMx<\/strong>, <strong>Estado<\/strong> de Mex., Diario <strong>Oficial<\/strong> de la Federaci\u00f3n, Suprema Corte de<strong> Justicia<\/strong> de la Naci\u00f3n, por lo tanto es de <strong>aplicaci\u00f3n OBLIGATORIA<\/strong><\/p>\n\n\n\n<p>La <strong>informaci\u00f3n<\/strong> de hoy procede de la Gaceta de la CdMx<\/p>\n\n\n\n<p><strong><mark style=\"background-color:rgba(0, 0, 0, 0)\" class=\"has-inline-color has-luminous-vivid-orange-color\">AY\u00daDANOS<\/mark><\/strong> para que m\u00e1s personas conozcan esta informaci\u00f3n, <strong>Comp\u00e1rtelo<\/strong> en tus redes sociales<\/p>\n","protected":false},"excerpt":{"rendered":"<p>Views: 11 . . Con la reforma al art\u00edculo 44 del Reglamento de Tr\u00e1nsito se estipula que la NUEVA Licencia de conducir Permanente la cual se empez\u00f3 a expedir a partir del 16 de noviembre del presente, NO es V\u00c1LIDA para Conducir Motocicletas. . Por lo que, quienes NO respete esta disposici\u00f3n ser\u00e1n acreedor a [&hellip;]<\/p>\n","protected":false},"author":3,"featured_media":30452,"comment_status":"closed","ping_status":"open","sticky":false,"template":"","format":"standard","meta":{"_jetpack_memberships_contains_paid_content":false,"footnotes":""},"categories":[7],"tags":[],"jetpack_sharing_enabled":true,"jetpack_featured_media_url":"http:\/\/www.salgadonoticias.com\/wp-content\/uploads\/2024\/11\/licencia-permanente-motos.jpg","_links":{"self":[{"href":"http:\/\/www.salgadonoticias.com\/index.php?rest_route=\/wp\/v2\/posts\/30448"}],"collection":[{"href":"http:\/\/www.salgadonoticias.com\/index.php?rest_route=\/wp\/v2\/posts"}],"about":[{"href":"http:\/\/www.salgadonoticias.com\/index.php?rest_route=\/wp\/v2\/types\/post"}],"author":[{"embeddable":true,"href":"http:\/\/www.salgadonoticias.com\/index.php?rest_route=\/wp\/v2\/users\/3"}],"replies":[{"embeddable":true,"href":"http:\/\/www.salgadonoticias.com\/index.php?rest_route=%2Fwp%2Fv2%2Fcomments&post=30448"}],"version-history":[{"count":4,"href":"http:\/\/www.salgadonoticias.com\/index.php?rest_route=\/wp\/v2\/posts\/30448\/revisions"}],"predecessor-version":[{"id":30473,"href":"http:\/\/www.salgadonoticias.com\/index.php?rest_route=\/wp\/v2\/posts\/30448\/revisions\/30473"}],"wp:featuredmedia":[{"embeddable":true,"href":"http:\/\/www.salgadonoticias.com\/index.php?rest_route=\/wp\/v2\/media\/30452"}],"wp:attachment":[{"href":"http:\/\/www.salgadonoticias.com\/index.php?rest_route=%2Fwp%2Fv2%2Fmedia&parent=30448"}],"wp:term":[{"taxonomy":"category","embeddable":true,"href":"http:\/\/www.salgadonoticias.com\/index.php?rest_route=%2Fwp%2Fv2%2Fcategories&post=30448"},{"taxonomy":"post_tag","embeddable":true,"href":"http:\/\/www.salgadonoticias.com\/index.php?rest_route=%2Fwp%2Fv2%2Ftags&post=30448"}],"curies":[{"name":"wp","href":"https:\/\/api.w.org\/{rel}","templated":true}]}}