{"id":30544,"date":"2024-12-05T00:34:00","date_gmt":"2024-12-05T06:34:00","guid":{"rendered":"https:\/\/www.salgadonoticias.com\/?p=30544"},"modified":"2024-12-05T11:01:19","modified_gmt":"2024-12-05T17:01:19","slug":"30544","status":"publish","type":"post","link":"http:\/\/www.salgadonoticias.com\/?p=30544","title":{"rendered":"Ya en la Constituci\u00f3n la PROHIBICI\u00d3N del Maltrato Animal &#8230;.\u00a1\u00a1\u00a1\u00a1"},"content":{"rendered":"<p>Views: 5<\/p>\n<p>.<\/p>\n\n\n\n<p>Se <mark style=\"background-color:#f7be24\" class=\"has-inline-color\"><strong>reforma<\/strong>n a los <strong>art\u00edculos 3o., 4o. y 73<\/strong> de la <strong>Constituci\u00f3n<\/strong><\/mark>, con lo que ahora en la carta Magna se <strong><mark style=\"background-color:#f0c0cc\" class=\"has-inline-color\">PROHIBE el Maltrato a los Animales<\/mark><\/strong>. dicha reforma entra en <strong>vigor a partir de esta semana<\/strong>.<\/p>\n\n\n\n<p>Los cambios contemplan espec\u00edficamente:<\/p>\n\n\n\n<ul>\n<li><mark style=\"background-color:rgba(0, 0, 0, 0);color:#8a0303\" class=\"has-inline-color\">La <strong>PROHIBICI\u00d3N del Maltrato Animal<\/strong><\/mark><\/li>\n\n\n\n<li><mark style=\"background-color:rgba(0, 0, 0, 0);color:#09027a\" class=\"has-inline-color\">La <strong>protecci\u00f3n, cuidado trato justo y digno<\/strong>; de tal forma que se reconozca la importancia de los animales en la vida de las personas y el entorno.<\/mark><\/li>\n\n\n\n<li><mark style=\"background-color:rgba(0, 0, 0, 0);color:#e15f02\" class=\"has-inline-color\">En los <strong>planes y programas de estudio<\/strong> se PROMOVER\u00c1 la <strong>protecci\u00f3n de los animales<\/strong>.<\/mark><\/li>\n\n\n\n<li><mark style=\"background-color:rgba(0, 0, 0, 0);color:#eb0f43\" class=\"has-inline-color\"><strong>F<\/strong><\/mark><mark style=\"background-color:rgba(0, 0, 0, 0);color:#02a30f\" class=\"has-inline-color\"><strong>aculta<\/strong> al <strong>Congreso<\/strong> a <strong>expedir leye<\/strong>s que establezcan la concurrencia del Gobierno Federal, de los gobiernos de las entidades federativas, los municipios y, en su caso, de las demarcaciones territoriales de la Ciudad de M\u00e9xico <strong>en materia de protecci\u00f3n de los animales.<\/strong><\/mark><\/li>\n<\/ul>\n\n\n\n<p>En <mark style=\"background-color:rgba(0, 0, 0, 0);color:#b1073b\" class=\"has-inline-color\"><strong>180 d\u00edas<\/strong> se deber\u00e1 <strong>expedir la ley general en materia de protecci\u00f3n y cuidado de los animales<\/strong> para ello se <strong>debe considerar su naturaleza, caracter\u00edsticas y v\u00ednculos con las personas, la prohibici\u00f3n del maltrato en la crianza, el aprovechamiento y sacrificio de animales de consumo humano y en la utilizaci\u00f3n de ejemplares de vida silvestre en espect\u00e1culos con fines de lucr<\/strong><\/mark><strong><mark style=\"background-color:rgba(0, 0, 0, 0);color:#056a45\" class=\"has-inline-color\">o,<\/mark><\/strong> as\u00ed como las medidas necesarias para atender el control de plagas y riesgos sanitarios<\/p>\n\n\n\n<p>.<\/p>\n\n\n\n<p>Da click aqu\u00ed para ver decreto completo&#8230;<\/p>\n\n\n\n<p><a href=\"https:\/\/www.dof.gob.mx\/nota_detalle.php?codigo=5744207&amp;fecha=02\/12\/2024#gsc.tab=0\">https:\/\/www.dof.gob.mx\/nota_detalle.php?codigo=5744207&amp;fecha=02\/12\/2024#gsc.tab=0<\/a><\/p>\n\n\n\n<p>.<\/p>\n\n\n\n<p class=\"wp-embed-aspect-16-9 wp-has-aspect-ratio\">Si estas en el <strong><mark style=\"background-color:rgba(0, 0, 0, 0)\" class=\"has-inline-color has-vivid-red-color\">Extranjero <\/mark><\/strong>nosotros somos tu <strong><mark style=\"background-color:rgba(0, 0, 0, 0)\" class=\"has-inline-color has-vivid-green-cyan-color\">mejor<\/mark><\/strong> alternativa para <strong><mark style=\"background-color:rgba(0, 0, 0, 0)\" class=\"has-inline-color has-luminous-vivid-orange-color\">velar<\/mark><\/strong> por tus <strong><mark style=\"background-color:rgba(0, 0, 0, 0)\" class=\"has-inline-color has-vivid-cyan-blue-color\">intereses<\/mark><\/strong>, escr\u00edbenos o ll\u00e1manos al Tel <strong>55581-11311<\/strong>.<\/p>\n\n\n\n<p>.<\/p>\n\n\n\n<p>Cuando<strong> necesites<\/strong> ayuda, <strong>asistencia<\/strong> o <strong>planeaci\u00f3n<\/strong> legal, <strong>solicita<\/strong> <strong>Cita Privada<\/strong> <a rel=\"noreferrer noopener\" href=\"mailto:bi@sm99.mx\" target=\"_blank\"><strong>Aqu\u00ed<\/strong><\/a><\/p>\n\n\n\n<p>La informaci\u00f3n que AQU\u00cd te presentamos <strong>deriva<\/strong> de los <strong>Peri\u00f3dicos Oficiales <\/strong>de la<strong> CdMx<\/strong>, <strong>Estado<\/strong> de Mex., Diario <strong>Oficial<\/strong> de la Federaci\u00f3n, Suprema Corte de<strong> Justicia<\/strong> de la Naci\u00f3n, por lo tanto es de <strong>aplicaci\u00f3n OBLIGATORIA<\/strong>.<\/p>\n\n\n\n<p>La informaci\u00f3n de HOY procede del Diario Oficial<\/p>\n\n\n\n<p><strong><mark style=\"background-color:rgba(0, 0, 0, 0)\" class=\"has-inline-color has-luminous-vivid-orange-color\">AY\u00daDANOS<\/mark><\/strong> para que m\u00e1s personas conozcan esta informaci\u00f3n, <strong>Comp\u00e1rtelo<\/strong> en tus redes sociales.<\/p>\n","protected":false},"excerpt":{"rendered":"<p>Views: 5 . Se reforman a los art\u00edculos 3o., 4o. y 73 de la Constituci\u00f3n, con lo que ahora en la carta Magna se PROHIBE el Maltrato a los Animales. dicha reforma entra en vigor a partir de esta semana. Los cambios contemplan espec\u00edficamente: En 180 d\u00edas se deber\u00e1 expedir la ley general en materia [&hellip;]<\/p>\n","protected":false},"author":3,"featured_media":30548,"comment_status":"closed","ping_status":"open","sticky":false,"template":"","format":"standard","meta":{"_jetpack_memberships_contains_paid_content":false,"footnotes":""},"categories":[4],"tags":[],"jetpack_sharing_enabled":true,"jetpack_featured_media_url":"http:\/\/www.salgadonoticias.com\/wp-content\/uploads\/2024\/12\/ANIMAL.png","_links":{"self":[{"href":"http:\/\/www.salgadonoticias.com\/index.php?rest_route=\/wp\/v2\/posts\/30544"}],"collection":[{"href":"http:\/\/www.salgadonoticias.com\/index.php?rest_route=\/wp\/v2\/posts"}],"about":[{"href":"http:\/\/www.salgadonoticias.com\/index.php?rest_route=\/wp\/v2\/types\/post"}],"author":[{"embeddable":true,"href":"http:\/\/www.salgadonoticias.com\/index.php?rest_route=\/wp\/v2\/users\/3"}],"replies":[{"embeddable":true,"href":"http:\/\/www.salgadonoticias.com\/index.php?rest_route=%2Fwp%2Fv2%2Fcomments&post=30544"}],"version-history":[{"count":4,"href":"http:\/\/www.salgadonoticias.com\/index.php?rest_route=\/wp\/v2\/posts\/30544\/revisions"}],"predecessor-version":[{"id":30559,"href":"http:\/\/www.salgadonoticias.com\/index.php?rest_route=\/wp\/v2\/posts\/30544\/revisions\/30559"}],"wp:featuredmedia":[{"embeddable":true,"href":"http:\/\/www.salgadonoticias.com\/index.php?rest_route=\/wp\/v2\/media\/30548"}],"wp:attachment":[{"href":"http:\/\/www.salgadonoticias.com\/index.php?rest_route=%2Fwp%2Fv2%2Fmedia&parent=30544"}],"wp:term":[{"taxonomy":"category","embeddable":true,"href":"http:\/\/www.salgadonoticias.com\/index.php?rest_route=%2Fwp%2Fv2%2Fcategories&post=30544"},{"taxonomy":"post_tag","embeddable":true,"href":"http:\/\/www.salgadonoticias.com\/index.php?rest_route=%2Fwp%2Fv2%2Ftags&post=30544"}],"curies":[{"name":"wp","href":"https:\/\/api.w.org\/{rel}","templated":true}]}}