{"id":30561,"date":"2024-12-06T00:42:00","date_gmt":"2024-12-06T06:42:00","guid":{"rendered":"https:\/\/www.salgadonoticias.com\/?p=30561"},"modified":"2024-12-06T15:34:39","modified_gmt":"2024-12-06T21:34:39","slug":"30561","status":"publish","type":"post","link":"http:\/\/www.salgadonoticias.com\/?p=30561","title":{"rendered":"En Juicio Mercantil, REQUERIR Pruebas y JUSTIFICARLAS NO violan Derechos Procesales\u2026!!!"},"content":{"rendered":"<p>Views: 5<\/p>\n<p>.<\/p>\n\n\n\n<figure class=\"wp-block-embed is-type-video is-provider-youtube wp-block-embed-youtube wp-embed-aspect-16-9 wp-has-aspect-ratio\"><div class=\"wp-block-embed__wrapper\">\n<iframe loading=\"lazy\" title=\"Resumen de la semana...\" width=\"640\" height=\"360\" src=\"https:\/\/www.youtube.com\/embed\/Wupxu61TNEE?feature=oembed\" frameborder=\"0\" allow=\"accelerometer; autoplay; clipboard-write; encrypted-media; gyroscope; picture-in-picture; web-share\" referrerpolicy=\"strict-origin-when-cross-origin\" allowfullscreen><\/iframe>\n<\/div><\/figure>\n\n\n\n<p>.<\/p>\n\n\n\n<p>Este <strong>ANTECEDENTE<\/strong><\/p>\n\n\n\n<p>Surge luego de que, <strong>Tribunales Colegiados<\/strong> de Circuito <strong><em><u>emitieron criterios<\/u><\/em> <mark style=\"background-color:rgba(0, 0, 0, 0)\" class=\"has-inline-color has-vivid-red-color\">diferentes<\/mark><\/strong> sobre si los <strong>art\u00edculos 1198 y 1390 Bis 13 del C\u00f3digo de Comercio<\/strong>, donde se <strong>se\u00f1ala<\/strong> que <mark style=\"background-color:#ff6900\" class=\"has-inline-color\">se requiere que las <strong>partes ofrezcan pruebas<\/strong> con justificaci\u00f3n y <strong>permiten a los jueces desecharlas si no se exponen adecuadamente<\/strong><\/mark>, <strong>VIOLAN el Derecho de Audiencia y debido Proceso<\/strong>, y si impiden el acceso a la tutela judicial efectiva. <\/p>\n\n\n\n<p><strong>Uno de ellos concluy\u00f3 que <mark style=\"background-color:rgba(0, 0, 0, 0)\" class=\"has-inline-color has-vivid-red-color\">no hay violaci\u00f3n de derechos<\/mark><\/strong> y los Otros sostuvieron lo contrario.<\/p>\n\n\n\n<p>.<\/p>\n\n\n\n<p>La <strong><mark style=\"background-color:rgba(0, 0, 0, 0);color:#041783\" class=\"has-inline-color\">Suprema Corte de Justicia<\/mark> <\/strong>a trav\u00e9s del Pleno Regional en Materias admva. y Civil de la Regi\u00f3n Centro-Sur, con sede en la CdMx, <strong><mark style=\"background-color:rgba(0, 0, 0, 0);color:#7e0505\" class=\"has-inline-color\">DETERMIN\u00d3<\/mark><\/strong> que los <mark style=\"background-color:#f9a76c\" class=\"has-inline-color\"><strong>art\u00edculos 1198 y 1390 Bis 13<\/strong> ambos del <strong>C\u00f3digo de Comercio<\/strong>,<\/mark> <mark style=\"background-color:rgba(0, 0, 0, 0);color:#7c0652\" class=\"has-inline-color\"><strong>NO VIOLA los derechos de Audiencia y debido proceso<\/strong>, y tampoco <strong>impiden el acceso a la tutela judicial efectiva<\/strong>, por requerir que el oferente de pruebas y justifique sus afirmaciones.<\/mark><\/p>\n\n\n\n<p>.<\/p>\n\n\n\n<p>La justificaci\u00f3n de la <strong><mark style=\"background-color:rgba(0, 0, 0, 0);color:#240490\" class=\"has-inline-color\">SCJN<\/mark><\/strong> es que el <em><u>requisito de justificar las pruebas<\/u><\/em> <mark style=\"background-color:rgba(0, 0, 0, 0);color:#01784d\" class=\"has-inline-color\"><strong>no limita la capacidad probatoria de las partes<\/strong>,<\/mark> sino que es una formalidad del procedimiento para evitar pruebas irrelevantes. Y la <mark style=\"background-color:rgba(0, 0, 0, 0);color:#43057c\" class=\"has-inline-color\"><strong>facultad del juez para valorar y desechar pruebas no viola derechos fundamentales<\/strong>, ya que es <strong>necesario determinar el cumplimiento de la norma<\/strong>. Las <strong>partes conocen el requerimiento y la sanci\u00f3n por no cumplirlo<\/strong>, lo que <strong>asegura<\/strong> que una <strong>prueba sea admitida solo si se cumple con la formalidad<\/strong>, <strong>sin afectar la capacidad probatoria ni el acceso a la tutela judicial efectiva.<\/strong><\/mark><\/p>\n\n\n\n<p>.<\/p>\n\n\n\n<p>Esta <strong><mark style=\"background-color:#b9f095\" class=\"has-inline-color\">RESOLUCI\u00d3N <\/mark><\/strong>es de <strong>aplicaci\u00f3n<mark style=\"background-color:rgba(0, 0, 0, 0);color:#9b0707\" class=\"has-inline-color\"> OBLIGATORIA<\/mark> <\/strong><span>e<\/span>n todo el pa\u00eds a partir de esta semana.<\/p>\n\n\n\n<p><strong><mark style=\"background-color:rgba(0, 0, 0, 0);color:#036f47\" class=\"has-inline-color\">Jurisprudencia CIVIL-CONSTITUCIONAL<\/mark><\/strong><\/p>\n\n\n\n<p>.<\/p>\n\n\n\n<p class=\"wp-embed-aspect-16-9 wp-has-aspect-ratio\">Si estas en el <strong><mark style=\"background-color:rgba(0, 0, 0, 0)\" class=\"has-inline-color has-vivid-red-color\">Extranjero <\/mark><\/strong>nosotros somos tu <strong><mark style=\"background-color:rgba(0, 0, 0, 0)\" class=\"has-inline-color has-vivid-green-cyan-color\">mejor<\/mark><\/strong> alternativa para <strong><mark style=\"background-color:rgba(0, 0, 0, 0)\" class=\"has-inline-color has-luminous-vivid-orange-color\">velar<\/mark><\/strong> por tus <strong><mark style=\"background-color:rgba(0, 0, 0, 0)\" class=\"has-inline-color has-vivid-cyan-blue-color\">intereses<\/mark><\/strong>, escr\u00edbenos o ll\u00e1manos al Tel <strong>55581-11311<\/strong>.<\/p>\n\n\n\n<p>.<\/p>\n\n\n\n<p>Cuando<strong> necesites<\/strong> ayuda, <strong>asistencia<\/strong> o <strong>planeaci\u00f3n<\/strong> legal, <strong>solicita<\/strong> <strong>Cita Privada<\/strong> <a rel=\"noreferrer noopener\" href=\"mailto:bi@sm99.mx\" target=\"_blank\"><strong>Aqu\u00ed<\/strong><\/a><\/p>\n\n\n\n<p>La informaci\u00f3n que AQU\u00cd te presentamos <strong>deriva<\/strong> de los <strong>Peri\u00f3dicos Oficiales <\/strong>de la<strong> CdMx<\/strong>, <strong>Estado<\/strong> de Mex., Diario <strong>Oficial<\/strong> de la Federaci\u00f3n, Suprema Corte de<strong> Justicia<\/strong> de la Naci\u00f3n, por lo tanto es de <strong>aplicaci\u00f3n OBLIGATORIA<\/strong>.<\/p>\n\n\n\n<p>La informaci\u00f3n de HOY procede de la Suprema Corte de Justicia<\/p>\n\n\n\n<p><strong><mark style=\"background-color:rgba(0, 0, 0, 0)\" class=\"has-inline-color has-luminous-vivid-orange-color\">AY\u00daDANOS<\/mark><\/strong> para que m\u00e1s personas conozcan esta informaci\u00f3n, <strong>Comp\u00e1rtelo<\/strong> en tus redes sociales.<\/p>\n","protected":false},"excerpt":{"rendered":"<p>Views: 5 . . Este ANTECEDENTE Surge luego de que, Tribunales Colegiados de Circuito emitieron criterios diferentes sobre si los art\u00edculos 1198 y 1390 Bis 13 del C\u00f3digo de Comercio, donde se se\u00f1ala que se requiere que las partes ofrezcan pruebas con justificaci\u00f3n y permiten a los jueces desecharlas si no se exponen adecuadamente, VIOLAN [&hellip;]<\/p>\n","protected":false},"author":3,"featured_media":30564,"comment_status":"closed","ping_status":"open","sticky":false,"template":"","format":"standard","meta":{"_jetpack_memberships_contains_paid_content":false,"footnotes":""},"categories":[4],"tags":[],"jetpack_sharing_enabled":true,"jetpack_featured_media_url":"http:\/\/www.salgadonoticias.com\/wp-content\/uploads\/2024\/12\/pruebas.jpg","_links":{"self":[{"href":"http:\/\/www.salgadonoticias.com\/index.php?rest_route=\/wp\/v2\/posts\/30561"}],"collection":[{"href":"http:\/\/www.salgadonoticias.com\/index.php?rest_route=\/wp\/v2\/posts"}],"about":[{"href":"http:\/\/www.salgadonoticias.com\/index.php?rest_route=\/wp\/v2\/types\/post"}],"author":[{"embeddable":true,"href":"http:\/\/www.salgadonoticias.com\/index.php?rest_route=\/wp\/v2\/users\/3"}],"replies":[{"embeddable":true,"href":"http:\/\/www.salgadonoticias.com\/index.php?rest_route=%2Fwp%2Fv2%2Fcomments&post=30561"}],"version-history":[{"count":5,"href":"http:\/\/www.salgadonoticias.com\/index.php?rest_route=\/wp\/v2\/posts\/30561\/revisions"}],"predecessor-version":[{"id":30578,"href":"http:\/\/www.salgadonoticias.com\/index.php?rest_route=\/wp\/v2\/posts\/30561\/revisions\/30578"}],"wp:featuredmedia":[{"embeddable":true,"href":"http:\/\/www.salgadonoticias.com\/index.php?rest_route=\/wp\/v2\/media\/30564"}],"wp:attachment":[{"href":"http:\/\/www.salgadonoticias.com\/index.php?rest_route=%2Fwp%2Fv2%2Fmedia&parent=30561"}],"wp:term":[{"taxonomy":"category","embeddable":true,"href":"http:\/\/www.salgadonoticias.com\/index.php?rest_route=%2Fwp%2Fv2%2Fcategories&post=30561"},{"taxonomy":"post_tag","embeddable":true,"href":"http:\/\/www.salgadonoticias.com\/index.php?rest_route=%2Fwp%2Fv2%2Ftags&post=30561"}],"curies":[{"name":"wp","href":"https:\/\/api.w.org\/{rel}","templated":true}]}}