{"id":30591,"date":"2024-12-11T01:41:00","date_gmt":"2024-12-11T07:41:00","guid":{"rendered":"https:\/\/www.salgadonoticias.com\/?p=30591"},"modified":"2024-12-11T18:19:01","modified_gmt":"2024-12-12T00:19:01","slug":"30591","status":"publish","type":"post","link":"http:\/\/www.salgadonoticias.com\/?p=30591","title":{"rendered":"Las VICTIMAS Deben PRESENTAR Escrito para ACCEDER a RECURSOS de COMPENSACI\u00d3N &#8230;!!!"},"content":{"rendered":"<p>Views: 0<\/p>\n<p><strong>.<\/strong><\/p>\n\n\n\n<figure class=\"wp-block-embed is-type-video is-provider-youtube wp-block-embed-youtube wp-embed-aspect-16-9 wp-has-aspect-ratio\"><div class=\"wp-block-embed__wrapper\">\n<iframe loading=\"lazy\" title=\"Tres noticias:ABORTO, Peritos y V\u00edctimas\" width=\"640\" height=\"360\" src=\"https:\/\/www.youtube.com\/embed\/9hu4xvXDwfc?feature=oembed\" frameborder=\"0\" allow=\"accelerometer; autoplay; clipboard-write; encrypted-media; gyroscope; picture-in-picture; web-share\" referrerpolicy=\"strict-origin-when-cross-origin\" allowfullscreen><\/iframe>\n<\/div><\/figure>\n\n\n\n<p>.<\/p>\n\n\n\n<p>Este <strong>ANTECEDENTE<\/strong><\/p>\n\n\n\n<p><strong>Surge <\/strong>luego de que una familia <strong>desplazada<\/strong> forzosamente <strong><mark style=\"background-color:rgba(0, 0, 0, 0);color:#eb6403\" class=\"has-inline-color\">promovi\u00f3 un amparo<\/mark><\/strong> indirecto <strong>contra<\/strong> la <em><u><mark style=\"background-color:rgba(0, 0, 0, 0);color:#3d0373\" class=\"has-inline-color\">Comisi\u00f3n Ejecutiva de Atenci\u00f3n a V\u00edctimas<\/mark><\/u><\/em> por <strong><mark style=\"background-color:rgba(0, 0, 0, 0);color:#d35d08\" class=\"has-inline-color\">NO dictar medidas de reparaci\u00f3n integral<\/mark><\/strong>, especialmente la<strong> <mark style=\"background-color:rgba(0, 0, 0, 0);color:#d85c03\" class=\"has-inline-color\">compensaci\u00f3n<\/mark>, <\/strong>y por la<mark style=\"background-color:rgba(0, 0, 0, 0);color:#e71313\" class=\"has-inline-color\"><strong> inconstitucionalidad del art\u00edculo 144<\/strong> <\/mark>de la <em><u>Ley General de V\u00edctimas<\/u><\/em>, el cual <strong><mark style=\"background-color:rgba(0, 0, 0, 0);color:#d80a0a\" class=\"has-inline-color\">exige un escrito de solicitud para acceder a los recursos<\/mark><\/strong>. <\/p>\n\n\n\n<p>El Juez sobresey\u00f3 el caso por falta de dicho escrito, y la familia interpuso un recurso de revisi\u00f3n contra esta decisi\u00f3n.<\/p>\n\n\n\n<p><strong>.<\/strong><\/p>\n\n\n\n<p>La <strong><mark style=\"background-color:rgba(0, 0, 0, 0);color:#300281\" class=\"has-inline-color\">Suprema Corte de Justicia<\/mark><\/strong> a trav\u00e9s de la Primera Sala, <strong><mark style=\"background-color:rgba(0, 0, 0, 0);color:#900303\" class=\"has-inline-color\">DETERMIN\u00d3<\/mark><\/strong> que el <em><strong>art\u00edculo en menci\u00f3n<\/strong><\/em> es <mark style=\"background-color:rgba(0, 0, 0, 0);color:#01905b\" class=\"has-inline-color\"><strong>LEGAL<\/strong><\/mark><mark style=\"background-color:rgba(0, 0, 0, 0)\" class=\"has-inline-color has-black-color\"> y por tanto se<\/mark><mark style=\"background-color:rgba(0, 0, 0, 0);color:#01905b\" class=\"has-inline-color\"> <strong>DEBE Realizar y PRESENTAR el Escrito de SOLICITUD <\/strong><\/mark><strong><mark style=\"background-color:rgba(0, 0, 0, 0)\" class=\"has-inline-color has-black-color\">para<\/mark><\/strong><mark style=\"background-color:rgba(0, 0, 0, 0);color:#01905b\" class=\"has-inline-color\"><strong> ACCEDER <\/strong><\/mark><strong><mark style=\"background-color:rgba(0, 0, 0, 0)\" class=\"has-inline-color has-black-color\">a los <\/mark><\/strong><mark style=\"background-color:rgba(0, 0, 0, 0);color:#01905b\" class=\"has-inline-color\"><strong>RECURSOS <\/strong><\/mark><strong><mark style=\"background-color:rgba(0, 0, 0, 0)\" class=\"has-inline-color has-black-color\">de<\/mark><\/strong><mark style=\"background-color:rgba(0, 0, 0, 0);color:#01905b\" class=\"has-inline-color\"><strong> COMPENSACI\u00d3N.<\/strong><\/mark><\/p>\n\n\n\n<p>.<\/p>\n\n\n\n<p>La justificaci\u00f3n de la<mark style=\"background-color:rgba(0, 0, 0, 0);color:#01077b\" class=\"has-inline-color\"> <strong>SCJN<\/strong><\/mark> es que la <mark style=\"background-color:#f1ce6e\" class=\"has-inline-color\"><strong>exigencia <\/strong>de <strong>presentar escritos de solicitud<\/strong><\/mark><mark style=\"background-color:#ffffff\" class=\"has-inline-color\"> asegura la <\/mark><mark style=\"background-color:#f1ce6e\" class=\"has-inline-color\"><strong>transparencia<\/strong> <\/mark><mark style=\"background-color:#ffffff\" class=\"has-inline-color\">en los <\/mark><mark style=\"background-color:#f1ce6e\" class=\"has-inline-color\"><strong>procedimientos<\/strong><\/mark><mark style=\"background-color:#ffffff\" class=\"has-inline-color\"> y previene la discrecionalidad de las autoridades para <\/mark><mark style=\"background-color:#f1ce6e\" class=\"has-inline-color\"><strong>decidir<\/strong><\/mark><mark style=\"background-color:#ffffff\" class=\"has-inline-color\"><strong> <\/strong><em><u>cu\u00e1ndo cuantificar<\/u><\/em> la <\/mark><mark style=\"background-color:#f1ce6e\" class=\"has-inline-color\"><strong>compensaci\u00f3n<\/strong><\/mark><mark style=\"background-color:#ffffff\" class=\"has-inline-color\"> de OFICIO y cu\u00e1ndo hacerlo a <\/mark><mark style=\"background-color:#f1ce6e\" class=\"has-inline-color\"><strong>petici\u00f3n de parte.<\/strong><\/mark><\/p>\n\n\n\n<p>As\u00ed que, la <em><u>presentaci\u00f3n de escritos<\/u><\/em> <mark style=\"background-color:#f6c4d0\" class=\"has-inline-color\"><strong>no es una carga desproporcionada<\/strong><\/mark><mark style=\"background-color:#ffffff\" class=\"has-inline-color\">, ya que los <\/mark><mark style=\"background-color:#f6c4d0\" class=\"has-inline-color\"><strong>requisitos<\/strong><\/mark><mark style=\"background-color:#ffffff\" class=\"has-inline-color\"> <em><u>establecidos<\/u><\/em> <\/mark><mark style=\"background-color:#f6c4d0\" class=\"has-inline-color\"><strong>no violan los derechos<\/strong><\/mark><mark style=\"background-color:#ffffff\" class=\"has-inline-color\"> <em><u>p\u00fablicos subjetivos de las personas y tienen una justificaci\u00f3n<\/u><\/em>. La <em>Ley General de V\u00edctima<\/em>s <\/mark><mark style=\"background-color:#f6c4d0\" class=\"has-inline-color\"><strong>permite a las v\u00edctimas acceder a asesor\u00eda jur\u00eddica federal para facilitar el acceso a los mecanismos de reparaci\u00f3n integral<\/strong>.<\/mark><\/p>\n\n\n\n<p><strong>.<\/strong><\/p>\n\n\n\n<p>Sin embargo, las&nbsp;<mark style=\"background-color:#baf4dd\" class=\"has-inline-color\"><strong>autoridades<\/strong><\/mark><mark style=\"background-color:#ffffff\" class=\"has-inline-color\">&nbsp;deben cumplir con su&nbsp;<\/mark><mark style=\"background-color:#baf4dd\" class=\"has-inline-color\"><strong>obligaci\u00f3n<\/strong><\/mark><mark style=\"background-color:#ffffff\" class=\"has-inline-color\">&nbsp;de garantizar el&nbsp;<\/mark><mark style=\"background-color:#baf4dd\" class=\"has-inline-color\"><strong>acceso efectivo<\/strong><\/mark><mark style=\"background-color:#ffffff\" class=\"has-inline-color\">&nbsp;a las&nbsp;<\/mark><mark style=\"background-color:#baf4dd\" class=\"has-inline-color\"><strong>medidas de reparaci\u00f3n<\/strong><\/mark><mark style=\"background-color:#ffffff\" class=\"has-inline-color\">&nbsp;para las&nbsp;<\/mark><mark style=\"background-color:#baf4dd\" class=\"has-inline-color\"><strong>v\u00edctimas<\/strong>.<\/mark><mark style=\"background-color:#ffffff\" class=\"has-inline-color\"> El&nbsp;<\/mark><mark style=\"background-color:#baf4dd\" class=\"has-inline-color\"><strong>requisito<\/strong><\/mark><mark style=\"background-color:#ffffff\" class=\"has-inline-color\">&nbsp;de presentar&nbsp;<\/mark><mark style=\"background-color:#baf4dd\" class=\"has-inline-color\"><strong>escritos<\/strong><\/mark><mark style=\"background-color:#ffffff\" class=\"has-inline-color\">&nbsp;no debe interpretarse de manera&nbsp;<\/mark><mark style=\"background-color:#baf4dd\" class=\"has-inline-color\"><strong>r\u00edgida<\/strong><\/mark><mark style=\"background-color:#ffffff\" class=\"has-inline-color\">&nbsp;ni exigir&nbsp;<\/mark><mark style=\"background-color:#baf4dd\" class=\"has-inline-color\"><strong>formalismos excesivos<\/strong>,<\/mark><mark style=\"background-color:#ffffff\" class=\"has-inline-color\"> ya que esto podr\u00eda anular los&nbsp;<\/mark><mark style=\"background-color:#baf4dd\" class=\"has-inline-color\"><strong>derechos<\/strong>&nbsp;de&nbsp;<strong>acceso a la justicia<\/strong><\/mark><mark style=\"background-color:#ffffff\" class=\"has-inline-color\">&nbsp;y a la&nbsp;<\/mark><mark style=\"background-color:#baf4dd\" class=\"has-inline-color\"><strong>reparaci\u00f3n integral<\/strong>.<\/mark><\/p>\n\n\n\n<p>.<\/p>\n\n\n\n<p>.<\/p>\n\n\n\n<p>Esta<mark style=\"background-color:#ffffff\" class=\"has-inline-color\"> <\/mark><strong><mark style=\"background-color:#b4d8ee\" class=\"has-inline-color\">RESOLUCI\u00d3N<\/mark><\/strong><mark style=\"background-color:#ffffff\" class=\"has-inline-color\"><strong> <\/strong><\/mark>es de <strong>aplicaci\u00f3n<mark style=\"background-color:rgba(0, 0, 0, 0);color:#9b0707\" class=\"has-inline-color\"> OBLIGATORIA<\/mark> <\/strong><span>e<\/span>n todo el pa\u00eds a partir de esta semana.<\/p>\n\n\n\n<p><strong><mark style=\"background-color:rgba(0, 0, 0, 0);color:#039761\" class=\"has-inline-color\">Jurisprudencia CONSTITUCIONAL-ADMINISTRATIVA<\/mark><\/strong><\/p>\n\n\n\n<p>.<\/p>\n\n\n\n<p class=\"wp-embed-aspect-16-9 wp-has-aspect-ratio\">Si estas en el <strong><mark style=\"background-color:rgba(0, 0, 0, 0)\" class=\"has-inline-color has-vivid-red-color\">Extranjero <\/mark><\/strong>nosotros somos tu <strong><mark style=\"background-color:rgba(0, 0, 0, 0)\" class=\"has-inline-color has-vivid-green-cyan-color\">mejor<\/mark><\/strong> alternativa para <strong><mark style=\"background-color:rgba(0, 0, 0, 0)\" class=\"has-inline-color has-luminous-vivid-orange-color\">velar<\/mark><\/strong> por tus <strong><mark style=\"background-color:rgba(0, 0, 0, 0)\" class=\"has-inline-color has-vivid-cyan-blue-color\">intereses<\/mark><\/strong>, escr\u00edbenos o ll\u00e1manos al Tel <strong>55581-11311<\/strong>.<\/p>\n\n\n\n<p>.<\/p>\n\n\n\n<p>Cuando<strong> necesites<\/strong> ayuda, <strong>asistencia<\/strong> o <strong>planeaci\u00f3n<\/strong> legal, <strong>solicita<\/strong> <strong>Cita Privada<\/strong> <a rel=\"noreferrer noopener\" href=\"mailto:bi@sm99.mx\" target=\"_blank\"><strong>Aqu\u00ed<\/strong><\/a><\/p>\n\n\n\n<p>La informaci\u00f3n que AQU\u00cd te presentamos <strong>deriva<\/strong> de los <strong>Peri\u00f3dicos Oficiales <\/strong>de la<strong> CdMx<\/strong>, <strong>Estado<\/strong> de Mex., Diario <strong>Oficial<\/strong> de la Federaci\u00f3n, Suprema Corte de<strong> Justicia<\/strong> de la Naci\u00f3n, por lo tanto es de <strong>aplicaci\u00f3n OBLIGATORIA<\/strong>.<\/p>\n\n\n\n<p>La informaci\u00f3n de HOY procede de la Suprema Corte de Justicia<\/p>\n\n\n\n<p><strong><mark style=\"background-color:rgba(0, 0, 0, 0)\" class=\"has-inline-color has-luminous-vivid-orange-color\">AY\u00daDANOS<\/mark><\/strong> para que m\u00e1s personas conozcan esta informaci\u00f3n, <strong>Comp\u00e1rtelo<\/strong> en tus redes sociales.<\/p>\n","protected":false},"excerpt":{"rendered":"<p>Views: 0 . . Este ANTECEDENTE Surge luego de que una familia desplazada forzosamente promovi\u00f3 un amparo indirecto contra la Comisi\u00f3n Ejecutiva de Atenci\u00f3n a V\u00edctimas por NO dictar medidas de reparaci\u00f3n integral, especialmente la compensaci\u00f3n, y por la inconstitucionalidad del art\u00edculo 144 de la Ley General de V\u00edctimas, el cual exige un escrito de [&hellip;]<\/p>\n","protected":false},"author":3,"featured_media":30600,"comment_status":"closed","ping_status":"open","sticky":false,"template":"","format":"standard","meta":{"_jetpack_memberships_contains_paid_content":false,"footnotes":""},"categories":[4],"tags":[],"jetpack_sharing_enabled":true,"jetpack_featured_media_url":"http:\/\/www.salgadonoticias.com\/wp-content\/uploads\/2024\/12\/reparacion.jpg","_links":{"self":[{"href":"http:\/\/www.salgadonoticias.com\/index.php?rest_route=\/wp\/v2\/posts\/30591"}],"collection":[{"href":"http:\/\/www.salgadonoticias.com\/index.php?rest_route=\/wp\/v2\/posts"}],"about":[{"href":"http:\/\/www.salgadonoticias.com\/index.php?rest_route=\/wp\/v2\/types\/post"}],"author":[{"embeddable":true,"href":"http:\/\/www.salgadonoticias.com\/index.php?rest_route=\/wp\/v2\/users\/3"}],"replies":[{"embeddable":true,"href":"http:\/\/www.salgadonoticias.com\/index.php?rest_route=%2Fwp%2Fv2%2Fcomments&post=30591"}],"version-history":[{"count":5,"href":"http:\/\/www.salgadonoticias.com\/index.php?rest_route=\/wp\/v2\/posts\/30591\/revisions"}],"predecessor-version":[{"id":30616,"href":"http:\/\/www.salgadonoticias.com\/index.php?rest_route=\/wp\/v2\/posts\/30591\/revisions\/30616"}],"wp:featuredmedia":[{"embeddable":true,"href":"http:\/\/www.salgadonoticias.com\/index.php?rest_route=\/wp\/v2\/media\/30600"}],"wp:attachment":[{"href":"http:\/\/www.salgadonoticias.com\/index.php?rest_route=%2Fwp%2Fv2%2Fmedia&parent=30591"}],"wp:term":[{"taxonomy":"category","embeddable":true,"href":"http:\/\/www.salgadonoticias.com\/index.php?rest_route=%2Fwp%2Fv2%2Fcategories&post=30591"},{"taxonomy":"post_tag","embeddable":true,"href":"http:\/\/www.salgadonoticias.com\/index.php?rest_route=%2Fwp%2Fv2%2Ftags&post=30591"}],"curies":[{"name":"wp","href":"https:\/\/api.w.org\/{rel}","templated":true}]}}