{"id":30628,"date":"2024-12-13T00:38:00","date_gmt":"2024-12-13T06:38:00","guid":{"rendered":"https:\/\/www.salgadonoticias.com\/?p=30628"},"modified":"2024-12-13T18:46:37","modified_gmt":"2024-12-14T00:46:37","slug":"30628","status":"publish","type":"post","link":"http:\/\/www.salgadonoticias.com\/?p=30628","title":{"rendered":"PENSI\u00d3N aun CON carrera T\u00c9CNICA; concluye hasta el FINAL de Licenciatura\u2026!!!"},"content":{"rendered":"<p>Views: 25<\/p>\n<p>.<\/p>\n\n\n\n<figure class=\"wp-block-embed is-type-video is-provider-youtube wp-block-embed-youtube wp-embed-aspect-16-9 wp-has-aspect-ratio\"><div class=\"wp-block-embed__wrapper\">\n<iframe loading=\"lazy\" title=\"Pensi\u00f3n aun CON carrera T\u00c9CNICA; concluye hasta el FINAL de Licenciatura...!!!\" width=\"640\" height=\"360\" src=\"https:\/\/www.youtube.com\/embed\/PnfitTrw9as?feature=oembed\" frameborder=\"0\" allow=\"accelerometer; autoplay; clipboard-write; encrypted-media; gyroscope; picture-in-picture; web-share\" referrerpolicy=\"strict-origin-when-cross-origin\" allowfullscreen><\/iframe>\n<\/div><\/figure>\n\n\n\n<p>.<\/p>\n\n\n\n<p>Este <strong>ANTECEDENTE<\/strong><\/p>\n\n\n\n<p>Surge despu\u00e9s de que Dos Tribunales Colegiados de Circuito tuvieron <strong>opiniones diferentes<\/strong> sobre el <mark style=\"background-color:#b9fa6d\" class=\"has-inline-color\"><strong>derecho a percibir alimentos<\/strong><\/mark><mark style=\"background-color:#ffffff\" class=\"has-inline-color\"> despu\u00e9s de que se <\/mark><mark style=\"background-color:#b9fa6d\" class=\"has-inline-color\"><strong>concluyen<\/strong><\/mark><mark style=\"background-color:#ffffff\" class=\"has-inline-color\"> los <\/mark><mark style=\"background-color:#b9fa6d\" class=\"has-inline-color\"><strong>estudios<\/strong><\/mark><mark style=\"background-color:#ffffff\" class=\"has-inline-color\"> en una instituci\u00f3n de <\/mark><mark style=\"background-color:#b9fa6d\" class=\"has-inline-color\"><strong>bachillerato t\u00e9cnico<\/strong>. <\/mark><\/p>\n\n\n\n<p><mark style=\"background-color:#ffffff\" class=\"has-inline-color\">Uno consider\u00f3 que la <\/mark><mark style=\"background-color:#b9fa6d\" class=\"has-inline-color\"><strong>certificaci\u00f3n<\/strong><\/mark><mark style=\"background-color:#ffffff\" class=\"has-inline-color\"> de estas instituciones <\/mark><mark style=\"background-color:#b9fa6d\" class=\"has-inline-color\"><strong>es suficiente<\/strong><\/mark><mark style=\"background-color:#ffffff\" class=\"has-inline-color\"> para que la persona pueda <\/mark><mark style=\"background-color:#b9fa6d\" class=\"has-inline-color\"><strong>ingresar al mercado laboral<\/strong><\/mark><mark style=\"background-color:#ffffff\" class=\"has-inline-color\"> y <\/mark><mark style=\"background-color:#b9fa6d\" class=\"has-inline-color\"><strong>obtener ingresos propios<\/strong>.<\/mark><mark style=\"background-color:#ffffff\" class=\"has-inline-color\"> <\/mark><\/p>\n\n\n\n<p><mark style=\"background-color:#ffffff\" class=\"has-inline-color\">El otro concluy\u00f3 que <\/mark><mark style=\"background-color:#b9fa6d\" class=\"has-inline-color\"><strong>no hay raz\u00f3n<\/strong><\/mark><mark style=\"background-color:#ffffff\" class=\"has-inline-color\"> para tratar de manera <\/mark><mark style=\"background-color:#b9fa6d\" class=\"has-inline-color\"><strong>diferente<\/strong><\/mark><mark style=\"background-color:#ffffff\" class=\"has-inline-color\"> a quienes desean <\/mark><mark style=\"background-color:#b9fa6d\" class=\"has-inline-color\"><strong>continuar su educaci\u00f3n a nivel universitario<\/strong>, <\/mark><mark style=\"background-color:#ffffff\" class=\"has-inline-color\">independientemente de la ins<\/mark>tituci\u00f3n de educaci\u00f3n media superior de la que egresaron.<\/p>\n\n\n\n<p>.<\/p>\n\n\n\n<p>La <strong><mark style=\"background-color:rgba(0, 0, 0, 0);color:#1d0485\" class=\"has-inline-color\">Suprema Corte de Justicia<\/mark> <\/strong>ante lo anterior<mark style=\"background-color:rgba(0, 0, 0, 0);color:#890404\" class=\"has-inline-color\"> <strong>DETERMIN\u00d3 <\/strong><\/mark>que el<mark style=\"background-color:#feb9cb\" class=\"has-inline-color\"> <strong>DERECHO<\/strong> a <strong>percibir alimentos<\/strong> <strong>NO concluye<\/strong> para quienes, <strong>tras concluir el bachillerato t\u00e9cnico<\/strong><\/mark>, desean <strong><mark style=\"background-color:rgba(0, 0, 0, 0);color:#df5e02\" class=\"has-inline-color\">continuar sus estudios en una universidad<\/mark><\/strong>, por tanto, <mark style=\"background-color:#f7b0c1\" class=\"has-inline-color\">DEBEN <strong>recibir<\/strong> el mismo trato que aquellos que <strong>cursaron otras modalidades de bachillerato<\/strong>.<\/mark><\/p>\n\n\n\n<p>.<\/p>\n\n\n\n<p>La justificaci\u00f3n de la <strong><mark style=\"background-color:rgba(0, 0, 0, 0);color:#3107e3\" class=\"has-inline-color\">SCJN<\/mark><\/strong> es que la <mark style=\"background-color:rgba(0, 0, 0, 0);color:#b90423\" class=\"has-inline-color\"><strong>obligaci\u00f3n <\/strong>alimentaria NO termina necesariamente al cumplir la mayor\u00eda de edad<\/mark>, <strong><mark style=\"background-color:#8ec8ec\" class=\"has-inline-color has-black-color\">sino que puede extenderse en algunos casos hasta la conclusi\u00f3n de la formaci\u00f3n acad\u00e9mica.<\/mark><\/strong><\/p>\n\n\n\n<p>Por lo que el trato diferenciado ENTRE quienes <strong>cursaron bachillerato t\u00e9cnico<\/strong> y <strong>otras modalidades<\/strong>, respecto al derecho a percibir alimentos durante estudios universitarios, <strong>carece de validez constitucional<\/strong>. Ya que la certificaci\u00f3n de bachillerato t\u00e9cnico <strong>no equivale a un t\u00edtulo de licenciatura<\/strong>, sino que solo cumple con los requisitos para ingresar a la educaci\u00f3n superior.<\/p>\n\n\n\n<p>Y en ambos casos, <mark style=\"background-color:rgba(0, 0, 0, 0);color:#da0606\" class=\"has-inline-color\"><strong>las personas con estudios de bachillerato<\/strong> <\/mark><mark style=\"background-color:rgba(0, 0, 0, 0)\" class=\"has-inline-color has-black-color\">cuentan con la misma libertad para <\/mark><mark style=\"background-color:rgba(0, 0, 0, 0);color:#da0606\" class=\"has-inline-color\"><strong>elegir proseguir sus estudios en una instituci\u00f3n de educaci\u00f3n superior<\/strong>,<\/mark><mark style=\"background-color:rgba(0, 0, 0, 0)\" class=\"has-inline-color has-black-color\"> caso en el cual, <\/mark><mark style=\"background-color:rgba(0, 0, 0, 0);color:#da0606\" class=\"has-inline-color\"><strong>tendr\u00e1n derecho a percibir alimentos<\/strong><\/mark> a cargo de quien ostente esa obligaci\u00f3n.<\/p>\n\n\n\n<p>.<\/p>\n\n\n\n<p>Adem\u00e1s, <mark style=\"background-color:rgba(0, 0, 0, 0);color:#027d50\" class=\"has-inline-color\"><strong>exentar<\/strong><\/mark><mark style=\"background-color:rgba(0, 0, 0, 0)\" class=\"has-inline-color has-black-color\"> a los progenitores de su<\/mark><mark style=\"background-color:rgba(0, 0, 0, 0);color:#027d50\" class=\"has-inline-color\"> <strong>deber alimentario<\/strong> <\/mark><mark style=\"background-color:rgba(0, 0, 0, 0)\" class=\"has-inline-color has-black-color\">debido a la elecci\u00f3n de bachillerato tomada durante la minor\u00eda de edad de sus hijos<\/mark><mark style=\"background-color:rgba(0, 0, 0, 0);color:#027d50\" class=\"has-inline-color\"> <strong>podr\u00eda afectar<\/strong><\/mark><mark style=\"background-color:rgba(0, 0, 0, 0)\" class=\"has-inline-color has-black-color\"><strong> <\/strong>negativamente su<\/mark><mark style=\"background-color:rgba(0, 0, 0, 0);color:#027d50\" class=\"has-inline-color\"><strong> derecho a elegir su propio plan de vida con libertad y autonom\u00eda<\/strong>.<\/mark><\/p>\n\n\n\n<p>.<\/p>\n\n\n\n<p>.<\/p>\n\n\n\n<p>Esta<mark style=\"background-color:#b0ecd4\" class=\"has-inline-color\"> <strong>RESOLUCI\u00d3N<\/strong><\/mark><strong> <\/strong>es de <strong>aplicaci\u00f3n <mark style=\"background-color:rgba(0, 0, 0, 0);color:#800505\" class=\"has-inline-color\">OBLIGATORIA<\/mark> <\/strong>en todo el pa\u00eds a partir de esta semana.<\/p>\n\n\n\n<p><strong><mark style=\"background-color:rgba(0, 0, 0, 0);color:#07038f\" class=\"has-inline-color\">Jurisprudencia CIVIL<\/mark><\/strong><\/p>\n\n\n\n<p>.<\/p>\n\n\n\n<p>.<\/p>\n\n\n\n<p class=\"wp-embed-aspect-16-9 wp-has-aspect-ratio\">Si estas en el <strong><mark style=\"background-color:rgba(0, 0, 0, 0)\" class=\"has-inline-color has-vivid-red-color\">Extranjero <\/mark><\/strong>nosotros somos tu <strong><mark style=\"background-color:rgba(0, 0, 0, 0)\" class=\"has-inline-color has-vivid-green-cyan-color\">mejor<\/mark><\/strong> alternativa para <strong><mark style=\"background-color:rgba(0, 0, 0, 0)\" class=\"has-inline-color has-luminous-vivid-orange-color\">velar<\/mark><\/strong> por tus <strong><mark style=\"background-color:rgba(0, 0, 0, 0)\" class=\"has-inline-color has-vivid-cyan-blue-color\">intereses<\/mark><\/strong>, escr\u00edbenos o ll\u00e1manos al Tel <strong>55581-11311<\/strong>.<\/p>\n\n\n\n<p class=\"wp-embed-aspect-16-9 wp-has-aspect-ratio\">.<\/p>\n\n\n\n<p class=\"wp-embed-aspect-16-9 wp-has-aspect-ratio\">Cuando<strong> necesites<\/strong> ayuda, <strong>asistencia<\/strong> o <strong>planeaci\u00f3n<\/strong> legal, <strong>solicita<\/strong> <strong>Cita Privada<\/strong> <a rel=\"noreferrer noopener\" href=\"mailto:bi@sm99.mx\" target=\"_blank\"><strong>Aqu\u00ed<\/strong><\/a><\/p>\n\n\n\n<p class=\"wp-embed-aspect-16-9 wp-has-aspect-ratio\">La informaci\u00f3n que AQU\u00cd te presentamos <strong>deriva<\/strong> de los <strong>Peri\u00f3dicos Oficiales <\/strong>de la<strong> CdMx<\/strong>, <strong>Estado<\/strong> de Mex., Diario <strong>Oficial<\/strong> de la Federaci\u00f3n, Suprema Corte de<strong> Justicia<\/strong> de la Naci\u00f3n, por lo tanto es de <strong>aplicaci\u00f3n OBLIGATORIA<\/strong>.<\/p>\n\n\n\n<p class=\"wp-embed-aspect-16-9 wp-has-aspect-ratio\">La informaci\u00f3n de HOY procede de la Suprema Corte de Justicia<\/p>\n\n\n\n<p class=\"wp-embed-aspect-16-9 wp-has-aspect-ratio\"><strong><mark style=\"background-color:rgba(0, 0, 0, 0)\" class=\"has-inline-color has-luminous-vivid-orange-color\">AY\u00daDANOS<\/mark><\/strong> para que m\u00e1s personas conozcan esta informaci\u00f3n, <strong>Comp\u00e1rtelo<\/strong> en tus redes sociales.<\/p>\n","protected":false},"excerpt":{"rendered":"<p>Views: 25 . . Este ANTECEDENTE Surge despu\u00e9s de que Dos Tribunales Colegiados de Circuito tuvieron opiniones diferentes sobre el derecho a percibir alimentos despu\u00e9s de que se concluyen los estudios en una instituci\u00f3n de bachillerato t\u00e9cnico. Uno consider\u00f3 que la certificaci\u00f3n de estas instituciones es suficiente para que la persona pueda ingresar al mercado [&hellip;]<\/p>\n","protected":false},"author":3,"featured_media":30630,"comment_status":"closed","ping_status":"open","sticky":false,"template":"","format":"standard","meta":{"_jetpack_memberships_contains_paid_content":false,"footnotes":""},"categories":[4],"tags":[],"jetpack_sharing_enabled":true,"jetpack_featured_media_url":"http:\/\/www.salgadonoticias.com\/wp-content\/uploads\/2024\/12\/PENSION.webp","_links":{"self":[{"href":"http:\/\/www.salgadonoticias.com\/index.php?rest_route=\/wp\/v2\/posts\/30628"}],"collection":[{"href":"http:\/\/www.salgadonoticias.com\/index.php?rest_route=\/wp\/v2\/posts"}],"about":[{"href":"http:\/\/www.salgadonoticias.com\/index.php?rest_route=\/wp\/v2\/types\/post"}],"author":[{"embeddable":true,"href":"http:\/\/www.salgadonoticias.com\/index.php?rest_route=\/wp\/v2\/users\/3"}],"replies":[{"embeddable":true,"href":"http:\/\/www.salgadonoticias.com\/index.php?rest_route=%2Fwp%2Fv2%2Fcomments&post=30628"}],"version-history":[{"count":6,"href":"http:\/\/www.salgadonoticias.com\/index.php?rest_route=\/wp\/v2\/posts\/30628\/revisions"}],"predecessor-version":[{"id":30646,"href":"http:\/\/www.salgadonoticias.com\/index.php?rest_route=\/wp\/v2\/posts\/30628\/revisions\/30646"}],"wp:featuredmedia":[{"embeddable":true,"href":"http:\/\/www.salgadonoticias.com\/index.php?rest_route=\/wp\/v2\/media\/30630"}],"wp:attachment":[{"href":"http:\/\/www.salgadonoticias.com\/index.php?rest_route=%2Fwp%2Fv2%2Fmedia&parent=30628"}],"wp:term":[{"taxonomy":"category","embeddable":true,"href":"http:\/\/www.salgadonoticias.com\/index.php?rest_route=%2Fwp%2Fv2%2Fcategories&post=30628"},{"taxonomy":"post_tag","embeddable":true,"href":"http:\/\/www.salgadonoticias.com\/index.php?rest_route=%2Fwp%2Fv2%2Ftags&post=30628"}],"curies":[{"name":"wp","href":"https:\/\/api.w.org\/{rel}","templated":true}]}}