{"id":30664,"date":"2024-12-18T00:45:00","date_gmt":"2024-12-18T06:45:00","guid":{"rendered":"https:\/\/www.salgadonoticias.com\/?p=30664"},"modified":"2024-12-18T10:46:04","modified_gmt":"2024-12-18T16:46:04","slug":"30664","status":"publish","type":"post","link":"http:\/\/www.salgadonoticias.com\/?p=30664","title":{"rendered":"Reforma LABORAL para ERRADICAR Brecha Salarial de G\u00c9NERO&#8230;!!!"},"content":{"rendered":"<p>Views: 2<\/p>\n<p>.<\/p>\n\n\n\n<p>Con la <mark style=\"background-color:#c5eee7\" class=\"has-inline-color\"><strong>reforma<\/strong> al a<strong>rt\u00edculo 86<\/strong> de la <em><strong>Ley Federal del Trabajo<\/strong><\/em><\/mark>, se incluyen nuevas disposiciones para <strong><mark style=\"background-color:rgba(0, 0, 0, 0);color:#950404\" class=\"has-inline-color\">asegurar la igualdad salarial entre hombres y mujeres<\/mark><\/strong>, esto es <mark style=\"background-color:rgba(0, 0, 0, 0)\" class=\"has-inline-color has-black-color\">\u00a0a <\/mark><strong><mark style=\"background-color:#9b51e0\" class=\"has-inline-color has-black-color\">trabajo igual<\/mark><\/strong><mark style=\"background-color:rgba(0, 0, 0, 0);color:#048f5c\" class=\"has-inline-color\"><strong>, <\/strong><\/mark><mark style=\"background-color:rgba(0, 0, 0, 0)\" class=\"has-inline-color has-black-color\">desempe\u00f1ado en<\/mark><mark style=\"background-color:rgba(0, 0, 0, 0);color:#048f5c\" class=\"has-inline-color\"> <strong>puesto, jornada <\/strong><\/mark><mark style=\"background-color:rgba(0, 0, 0, 0)\" class=\"has-inline-color has-black-color\">y condiciones de eficiencia tambi\u00e9n<\/mark><mark style=\"background-color:rgba(0, 0, 0, 0);color:#048f5c\" class=\"has-inline-color\">\u00a0<strong>iguales<\/strong>,<\/mark><mark style=\"background-color:rgba(0, 0, 0, 0)\" class=\"has-inline-color has-black-color\"> DEBE corresponder<\/mark><mark style=\"background-color:rgba(0, 0, 0, 0);color:#048f5c\" class=\"has-inline-color\"> <strong>salario igual<\/strong>; <\/mark><mark style=\"background-color:rgba(0, 0, 0, 0)\" class=\"has-inline-color has-black-color\">en cumplimiento de las <\/mark><mark style=\"background-color:rgba(0, 0, 0, 0);color:#048f5c\" class=\"has-inline-color\"><strong>obligaciones del Estado <\/strong>de <strong>reducir la brecha\u00a0salarial de g\u00e9nero<\/strong> <\/mark><mark style=\"background-color:rgba(0, 0, 0, 0)\" class=\"has-inline-color has-black-color\">se <em>promover\u00e1n acciones para erradicar las<\/em><\/mark><mark style=\"background-color:rgba(0, 0, 0, 0);color:#048f5c\" class=\"has-inline-color\"><em><strong> pr\u00e1cticas retributivas desiguales<\/strong> <\/em><\/mark><mark style=\"background-color:rgba(0, 0, 0, 0)\" class=\"has-inline-color has-black-color\">de conformidad\u00a0con lo dispuesto en la<\/mark><mark style=\"background-color:rgba(0, 0, 0, 0);color:#048f5c\" class=\"has-inline-color\"> <strong>Ley General para la Igualdad entre Mujeres y Hombres<\/strong>. <\/mark><\/p>\n\n\n\n<p>.<\/p>\n\n\n\n<p><mark style=\"background-color:#f1b717\" class=\"has-inline-color\"><strong>Tambi\u00e9n<\/strong> hay <strong>cambios<\/strong> en el a<strong>rt\u00edculo 28 de la Ley Federal de los Trabajadores&nbsp;al Servicio del Estado<\/strong><\/mark>, por lo que<em> cuando los <\/em><mark style=\"background-color:rgba(0, 0, 0, 0);color:#990154\" class=\"has-inline-color\"><strong>trabajadores<\/strong><\/mark><mark style=\"background-color:rgba(0, 0, 0, 0)\" class=\"has-inline-color has-black-color\"> <em>que<\/em><\/mark><mark style=\"background-color:rgba(0, 0, 0, 0);color:#990154\" class=\"has-inline-color\"><em> <strong>realicen<\/strong> <\/em><\/mark><mark style=\"background-color:rgba(0, 0, 0, 0)\" class=\"has-inline-color has-black-color\"><em>una<\/em> <\/mark><mark style=\"background-color:rgba(0, 0, 0, 0);color:#990154\" class=\"has-inline-color\"><strong>ADOPCI\u00d3N <\/strong><\/mark><mark style=\"background-color:rgba(0, 0, 0, 0)\" class=\"has-inline-color has-black-color\">tendr\u00e1n<\/mark><mark style=\"background-color:rgba(0, 0, 0, 0);color:#990154\" class=\"has-inline-color\"> <strong>derecho<\/strong><\/mark><mark style=\"background-color:rgba(0, 0, 0, 0)\" class=\"has-inline-color has-black-color\"><strong> <\/strong>a los <\/mark><mark style=\"background-color:rgba(0, 0, 0, 0);color:#990154\" class=\"has-inline-color\"><strong>permisos maternos <\/strong>y <strong>paternos<\/strong><\/mark><strong> <\/strong>previstos en la normatividad aplicable.<\/p>\n\n\n\n<p>.<\/p>\n\n\n\n<p>Da click aqu\u00ed?  para ver decreto completo<\/p>\n\n\n\n<p><a href=\"https:\/\/www.dof.gob.mx\/nota_detalle.php?codigo=5745425&amp;fecha=16\/12\/2024#gsc.tab=0\">https:\/\/www.dof.gob.mx\/nota_detalle.php?codigo=5745425&amp;fecha=16\/12\/2024#gsc.tab=0<\/a><\/p>\n\n\n\n<p>.<\/p>\n\n\n\n<p>.<\/p>\n\n\n\n<p class=\"wp-embed-aspect-16-9 wp-has-aspect-ratio\">Si estas en el <strong><mark style=\"background-color:rgba(0, 0, 0, 0)\" class=\"has-inline-color has-vivid-red-color\">Extranjero <\/mark><\/strong>nosotros somos tu <strong><mark style=\"background-color:rgba(0, 0, 0, 0)\" class=\"has-inline-color has-vivid-green-cyan-color\">mejor<\/mark><\/strong> alternativa para <strong><mark style=\"background-color:rgba(0, 0, 0, 0)\" class=\"has-inline-color has-luminous-vivid-orange-color\">velar<\/mark><\/strong> por tus <strong><mark style=\"background-color:rgba(0, 0, 0, 0)\" class=\"has-inline-color has-vivid-cyan-blue-color\">intereses<\/mark><\/strong>, escr\u00edbenos o ll\u00e1manos al Tel <strong>55581-11311<\/strong>.<\/p>\n\n\n\n<p>.<\/p>\n\n\n\n<p>Cuando<strong> necesites<\/strong> ayuda, <strong>asistencia<\/strong> o <strong>planeaci\u00f3n<\/strong> legal, <strong>solicita<\/strong> <strong>Cita Privada<\/strong> <a rel=\"noreferrer noopener\" href=\"mailto:bi@sm99.mx\" target=\"_blank\"><strong>Aqu\u00ed<\/strong><\/a><\/p>\n\n\n\n<p>La informaci\u00f3n que AQU\u00cd te presentamos <strong>deriva<\/strong> de los <strong>Peri\u00f3dicos Oficiales <\/strong>de la<strong> CdMx<\/strong>, <strong>Estado<\/strong> de Mex., Diario <strong>Oficial<\/strong> de la Federaci\u00f3n, Suprema Corte de<strong> Justicia<\/strong> de la Naci\u00f3n, por lo tanto es de <strong>aplicaci\u00f3n OBLIGATORIA<\/strong><\/p>\n\n\n\n<p>La <strong>informaci\u00f3n<\/strong> de hoy procede del Diario Oficial<\/p>\n\n\n\n<p><strong><mark style=\"background-color:rgba(0, 0, 0, 0)\" class=\"has-inline-color has-luminous-vivid-orange-color\">AY\u00daDANOS<\/mark><\/strong> para que m\u00e1s personas conozcan esta informaci\u00f3n, <strong>Comp\u00e1rtelo<\/strong> en tus redes sociales.<\/p>\n","protected":false},"excerpt":{"rendered":"<p>Views: 2 . Con la reforma al art\u00edculo 86 de la Ley Federal del Trabajo, se incluyen nuevas disposiciones para asegurar la igualdad salarial entre hombres y mujeres, esto es \u00a0a trabajo igual, desempe\u00f1ado en puesto, jornada y condiciones de eficiencia tambi\u00e9n\u00a0iguales, DEBE corresponder salario igual; en cumplimiento de las obligaciones del Estado de reducir [&hellip;]<\/p>\n","protected":false},"author":3,"featured_media":30671,"comment_status":"closed","ping_status":"open","sticky":false,"template":"","format":"standard","meta":{"_jetpack_memberships_contains_paid_content":false,"footnotes":""},"categories":[4],"tags":[],"jetpack_sharing_enabled":true,"jetpack_featured_media_url":"http:\/\/www.salgadonoticias.com\/wp-content\/uploads\/2024\/12\/brecha.png","_links":{"self":[{"href":"http:\/\/www.salgadonoticias.com\/index.php?rest_route=\/wp\/v2\/posts\/30664"}],"collection":[{"href":"http:\/\/www.salgadonoticias.com\/index.php?rest_route=\/wp\/v2\/posts"}],"about":[{"href":"http:\/\/www.salgadonoticias.com\/index.php?rest_route=\/wp\/v2\/types\/post"}],"author":[{"embeddable":true,"href":"http:\/\/www.salgadonoticias.com\/index.php?rest_route=\/wp\/v2\/users\/3"}],"replies":[{"embeddable":true,"href":"http:\/\/www.salgadonoticias.com\/index.php?rest_route=%2Fwp%2Fv2%2Fcomments&post=30664"}],"version-history":[{"count":3,"href":"http:\/\/www.salgadonoticias.com\/index.php?rest_route=\/wp\/v2\/posts\/30664\/revisions"}],"predecessor-version":[{"id":30684,"href":"http:\/\/www.salgadonoticias.com\/index.php?rest_route=\/wp\/v2\/posts\/30664\/revisions\/30684"}],"wp:featuredmedia":[{"embeddable":true,"href":"http:\/\/www.salgadonoticias.com\/index.php?rest_route=\/wp\/v2\/media\/30671"}],"wp:attachment":[{"href":"http:\/\/www.salgadonoticias.com\/index.php?rest_route=%2Fwp%2Fv2%2Fmedia&parent=30664"}],"wp:term":[{"taxonomy":"category","embeddable":true,"href":"http:\/\/www.salgadonoticias.com\/index.php?rest_route=%2Fwp%2Fv2%2Fcategories&post=30664"},{"taxonomy":"post_tag","embeddable":true,"href":"http:\/\/www.salgadonoticias.com\/index.php?rest_route=%2Fwp%2Fv2%2Ftags&post=30664"}],"curies":[{"name":"wp","href":"https:\/\/api.w.org\/{rel}","templated":true}]}}