{"id":30673,"date":"2024-12-27T00:40:00","date_gmt":"2024-12-27T06:40:00","guid":{"rendered":"https:\/\/www.salgadonoticias.com\/?p=30673"},"modified":"2024-12-27T18:17:49","modified_gmt":"2024-12-28T00:17:49","slug":"30673","status":"publish","type":"post","link":"http:\/\/www.salgadonoticias.com\/?p=30673","title":{"rendered":"Creaci\u00f3n del Registro Nacional de Medidas y \u00d3rdenes de Protecci\u00f3n&#8230;!!!"},"content":{"rendered":"<p>Views: 15<\/p>\n<p>.<\/p>\n\n\n\n<figure class=\"wp-block-embed is-type-video is-provider-youtube wp-block-embed-youtube wp-embed-aspect-16-9 wp-has-aspect-ratio\"><div class=\"wp-block-embed__wrapper\">\n<iframe loading=\"lazy\" title=\"Noticias de la \u00faltima semana de diciembre 2024 .\" width=\"640\" height=\"360\" src=\"https:\/\/www.youtube.com\/embed\/_BLw7kV2ItM?feature=oembed\" frameborder=\"0\" allow=\"accelerometer; autoplay; clipboard-write; encrypted-media; gyroscope; picture-in-picture; web-share\" referrerpolicy=\"strict-origin-when-cross-origin\" allowfullscreen><\/iframe>\n<\/div><\/figure>\n\n\n\n<p>.<\/p>\n\n\n\n<p>Con la <strong><mark style=\"background-color:rgba(0, 0, 0, 0);color:#a20202\" class=\"has-inline-color\">reforma<\/mark> <\/strong>a la <mark style=\"background-color:rgba(0, 0, 0, 0);color:#06b871\" class=\"has-inline-color\"><em><strong>Ley General de Acceso de las Mujeres a una Vida Libre de Violencia<\/strong><\/em> <\/mark><mark style=\"background-color:rgba(0, 0, 0, 0)\" class=\"has-inline-color has-black-color\">y al <\/mark><mark style=\"background-color:rgba(0, 0, 0, 0);color:#06b871\" class=\"has-inline-color\"><em><strong>C\u00f3digo&nbsp;Nacional<\/strong> de <strong>Procedimientos Civiles y Familiares<\/strong><\/em><\/mark> donde se establece lo siguiente:<\/p>\n\n\n\n<p>En <strong><em>Ley de Acceso a una Vida Libre de Violencia<\/em><\/strong>: la <strong><mark style=\"background-color:rgba(0, 0, 0, 0);color:#9c0606\" class=\"has-inline-color\">CREACI\u00d3N<\/mark><\/strong> del <strong><mark style=\"background-color:#fdd771\" class=\"has-inline-color\">Registro Nacional de Medidas y \u00d3rdenes de Protecci\u00f3n de las Mujeres, Adolescentes, Ni\u00f1as y Ni\u00f1os<\/mark><\/strong> para prevenir actos de violencia, el cual ser\u00e1 <mark style=\"background-color:rgba(0, 0, 0, 0);color:#d30a56\" class=\"has-inline-color\"><strong>coordinado<\/strong><\/mark><mark style=\"background-color:rgba(0, 0, 0, 0)\" class=\"has-inline-color has-black-color\"> por los<\/mark><mark style=\"background-color:rgba(0, 0, 0, 0);color:#d30a56\" class=\"has-inline-color\"> <strong>tres \u00f3rganos de Gobierno<\/strong>. <\/mark><mark style=\"background-color:rgba(0, 0, 0, 0)\" class=\"has-inline-color has-black-color\">Y la<\/mark><mark style=\"background-color:rgba(0, 0, 0, 0);color:#d30a56\" class=\"has-inline-color\"> <strong>Secretar\u00eda de Seguridad y Protecci\u00f3n Ciudadana<\/strong> <\/mark><mark style=\"background-color:rgba(0, 0, 0, 0)\" class=\"has-inline-color has-black-color\">SER\u00c1 la<\/mark><mark style=\"background-color:rgba(0, 0, 0, 0);color:#d30a56\" class=\"has-inline-color\"> <strong>encargada<\/strong><\/mark><mark style=\"background-color:rgba(0, 0, 0, 0)\" class=\"has-inline-color has-black-color\"> de su<\/mark><mark style=\"background-color:rgba(0, 0, 0, 0);color:#d30a56\" class=\"has-inline-color\"> <strong>creaci\u00f3n<\/strong><\/mark> y contar\u00e1 con el acompa\u00f1amiento de la Secretar\u00eda de las Mujeres, que dise\u00f1ar\u00e1 los lineamientos de operaci\u00f3n y evaluar\u00e1 su desempe\u00f1o.<\/p>\n\n\n\n<p>El<strong> <\/strong><mark style=\"background-color:#d0f9ac\" class=\"has-inline-color\"><strong>Registro formar\u00e1 parte del del Sistema Nacional de&nbsp;Informaci\u00f3n a que se refiere la Ley General del Sistema Nacional de Seguridad P\u00fablica<\/strong>.<\/mark><\/p>\n\n\n\n<p><mark style=\"background-color:rgba(0, 0, 0, 0);color:#53029f\" class=\"has-inline-color\"><strong>Autoridades<\/strong> <\/mark><mark style=\"background-color:rgba(0, 0, 0, 0)\" class=\"has-inline-color has-black-color\">administrativas, las<\/mark><mark style=\"background-color:rgba(0, 0, 0, 0);color:#53029f\" class=\"has-inline-color\"> <strong>fiscal\u00edas<\/strong>,<\/mark><mark style=\"background-color:rgba(0, 0, 0, 0)\" class=\"has-inline-color has-black-color\"> los<\/mark><mark style=\"background-color:rgba(0, 0, 0, 0);color:#53029f\" class=\"has-inline-color\"> <strong>poderes judiciales federales y locales<\/strong>&nbsp;<strong>TENDR\u00c1N<\/strong> <\/mark><mark style=\"background-color:rgba(0, 0, 0, 0)\" class=\"has-inline-color has-black-color\"><em>acceso a la plataforma del Registro<\/em>, para<\/mark><mark style=\"background-color:rgba(0, 0, 0, 0);color:#53029f\" class=\"has-inline-color\"> <strong>garantizar<\/strong> la <strong>continuidad, efectividad y no&nbsp;interrupci\u00f3n<\/strong><\/mark><mark style=\"background-color:rgba(0, 0, 0, 0)\" class=\"has-inline-color has-black-color\"> de las<\/mark><mark style=\"background-color:rgba(0, 0, 0, 0);color:#53029f\" class=\"has-inline-color\"> <strong>medidas u \u00f3rdenes de protecci\u00f3n<\/strong><\/mark><mark style=\"background-color:rgba(0, 0, 0, 0)\" class=\"has-inline-color has-vivid-cyan-blue-color\"> <\/mark>independientemente del lugar en que hayan sido&nbsp;ordenadas.<\/p>\n\n\n\n<p>.<\/p>\n\n\n\n<p><mark style=\"background-color:#9cf2e7\" class=\"has-inline-color\">Registro Nacional <strong>contendr\u00e1<\/strong> al menos, los siguientes rubros:<\/mark><\/p>\n\n\n\n<ul>\n<li><mark style=\"background-color:rgba(0, 0, 0, 0);color:#027b4f\" class=\"has-inline-color\"><strong>Autoridad que ordena las medidas u \u00f3rdenes de protecci\u00f3n y de la autoridad o&nbsp;autoridades destinatarias<\/strong>;<\/mark><\/li>\n\n\n\n<li><mark style=\"background-color:rgba(0, 0, 0, 0);color:#ca0c0c\" class=\"has-inline-color\"><strong>Datos de la o las V\u00cdCTIMAS, <\/strong>y en su caso de los padres o tutores;<\/mark><\/li>\n\n\n\n<li><mark style=\"background-color:rgba(0, 0, 0, 0);color:#1809aa\" class=\"has-inline-color\"><strong>Datos de la persona AGRESORA<\/strong> y <em><u>en su caso, relaci\u00f3n de parentesco o afinidad con la v\u00edctima;<\/u><\/em><\/mark><\/li>\n\n\n\n<li><mark style=\"background-color:rgba(0, 0, 0, 0);color:#e46103\" class=\"has-inline-color\"><strong>Descripci\u00f3n o s\u00edntesis de la medida u orden de protecci\u00f3n otorgada<\/strong>;<\/mark><\/li>\n\n\n\n<li><strong><mark style=\"background-color:rgba(0, 0, 0, 0);color:#5880a5\" class=\"has-inline-color\">Fecha de inicio y terminaci\u00f3n;<\/mark><\/strong><\/li>\n\n\n\n<li><mark style=\"background-color:rgba(0, 0, 0, 0);color:#c49107\" class=\"has-inline-color\"><strong>Conductas por las que se impusieron<\/strong> <strong>las medidas<\/strong> u \u00f3rdenes, en su caso si fueron&nbsp;modificadas;<\/mark><\/li>\n\n\n\n<li><mark style=\"background-color:rgba(0, 0, 0, 0);color:#a1084b\" class=\"has-inline-color\"><strong>Nivel de riesgo<\/strong>, <\/mark>y<\/li>\n\n\n\n<li><strong><mark style=\"background-color:rgba(0, 0, 0, 0);color:#029f09\" class=\"has-inline-color\">Plazo o t\u00e9rmino para que la autoridad o autoridades requeridas cumplimenten y den&nbsp;contestaci\u00f3n a la autoridad emisora, el cual no podr\u00e1 exceder de 48 horas.<\/mark><\/strong><\/li>\n<\/ul>\n\n\n\n<p>.<\/p>\n\n\n\n<p>En el <strong><mark style=\"background-color:#f6c2cf\" class=\"has-inline-color\">C\u00f3digo Procedimientos Civiles y Familiares<\/mark><\/strong> los art\u00edculos 554 y 573 se establecen medidas de protecci\u00f3n a favor de las mujeres y sus hijos. Adem\u00e1s, queda <strong><mark style=\"background-color:rgba(0, 0, 0, 0);color:#e51111\" class=\"has-inline-color\">definida la violencia vicaria<\/mark><\/strong> como: Cualquier <mark style=\"background-color:rgba(0, 0, 0, 0);color:#0b07b6\" class=\"has-inline-color\"><strong>acto u omisi\u00f3n<\/strong><\/mark><mark style=\"background-color:rgba(0, 0, 0, 0)\" class=\"has-inline-color has-black-color\"> que, con el objetivo de causar perjuicio o<\/mark><mark style=\"background-color:rgba(0, 0, 0, 0);color:#0b07b6\" class=\"has-inline-color\"> <strong>da\u00f1o a las mujeres<\/strong>, se <strong>dirige contra las hijas y\/o hijos, familiares o personas allegadas<\/strong>, <\/mark><mark style=\"background-color:rgba(0, 0, 0, 0)\" class=\"has-inline-color has-black-color\">ya sea que se <\/mark><mark style=\"background-color:rgba(0, 0, 0, 0);color:#0b07b6\" class=\"has-inline-color\"><strong>tenga o se haya tenido<\/strong> <strong>relaci\u00f3n<\/strong> <\/mark><mark style=\"background-color:rgba(0, 0, 0, 0)\" class=\"has-inline-color has-black-color\">de matrimonio o concubinato; o mantenga o se haya mantenido una relaci\u00f3n de hecho con la<\/mark><mark style=\"background-color:rgba(0, 0, 0, 0);color:#0b07b6\" class=\"has-inline-color\"> <strong>persona agresora<\/strong>; <\/mark>lo anterior aplica incluso cuando no se cohabite en el mismo domicilio\u201d.<\/p>\n\n\n\n<p>.<\/p>\n\n\n\n<p class=\"wp-embed-aspect-16-9 wp-has-aspect-ratio\">Si estas en el <strong><mark style=\"background-color:rgba(0, 0, 0, 0)\" class=\"has-inline-color has-vivid-red-color\">Extranjero <\/mark><\/strong>nosotros somos tu <strong><mark style=\"background-color:rgba(0, 0, 0, 0)\" class=\"has-inline-color has-vivid-green-cyan-color\">mejor<\/mark><\/strong> alternativa para <strong><mark style=\"background-color:rgba(0, 0, 0, 0)\" class=\"has-inline-color has-luminous-vivid-orange-color\">velar<\/mark><\/strong> por tus <strong><mark style=\"background-color:rgba(0, 0, 0, 0)\" class=\"has-inline-color has-vivid-cyan-blue-color\">intereses<\/mark><\/strong>, escr\u00edbenos o ll\u00e1manos al Tel <strong>55581-11311<\/strong>.<\/p>\n\n\n\n<p>.<\/p>\n\n\n\n<p>Cuando<strong> necesites<\/strong> ayuda, <strong>asistencia<\/strong> o <strong>planeaci\u00f3n<\/strong> legal, <strong>solicita<\/strong> <strong>Cita Privada<\/strong> <a rel=\"noreferrer noopener\" href=\"mailto:bi@sm99.mx\" target=\"_blank\"><strong>Aqu\u00ed<\/strong><\/a><\/p>\n\n\n\n<p>La informaci\u00f3n que AQU\u00cd te presentamos <strong>deriva<\/strong> de los <strong>Peri\u00f3dicos Oficiales <\/strong>de la<strong> CdMx<\/strong>, <strong>Estado<\/strong> de Mex., Diario <strong>Oficial<\/strong> de la Federaci\u00f3n, Suprema Corte de<strong> Justicia<\/strong> de la Naci\u00f3n, por lo tanto es de <strong>aplicaci\u00f3n OBLIGATORIA<\/strong><\/p>\n\n\n\n<p>La <strong>informaci\u00f3n<\/strong> de hoy procede del Diario Oficial<\/p>\n\n\n\n<p><strong><mark style=\"background-color:rgba(0, 0, 0, 0)\" class=\"has-inline-color has-luminous-vivid-orange-color\">AY\u00daDANOS<\/mark><\/strong> para que m\u00e1s personas conozcan esta informaci\u00f3n, <strong>Comp\u00e1rtelo<\/strong> en tus redes sociales.<\/p>\n","protected":false},"excerpt":{"rendered":"<p>Views: 15 . . Con la reforma a la Ley General de Acceso de las Mujeres a una Vida Libre de Violencia y al C\u00f3digo&nbsp;Nacional de Procedimientos Civiles y Familiares donde se establece lo siguiente: En Ley de Acceso a una Vida Libre de Violencia: la CREACI\u00d3N del Registro Nacional de Medidas y \u00d3rdenes de [&hellip;]<\/p>\n","protected":false},"author":3,"featured_media":30688,"comment_status":"closed","ping_status":"open","sticky":false,"template":"","format":"standard","meta":{"_jetpack_memberships_contains_paid_content":false,"footnotes":""},"categories":[4],"tags":[],"jetpack_sharing_enabled":true,"jetpack_featured_media_url":"http:\/\/www.salgadonoticias.com\/wp-content\/uploads\/2024\/12\/registro.jpg","_links":{"self":[{"href":"http:\/\/www.salgadonoticias.com\/index.php?rest_route=\/wp\/v2\/posts\/30673"}],"collection":[{"href":"http:\/\/www.salgadonoticias.com\/index.php?rest_route=\/wp\/v2\/posts"}],"about":[{"href":"http:\/\/www.salgadonoticias.com\/index.php?rest_route=\/wp\/v2\/types\/post"}],"author":[{"embeddable":true,"href":"http:\/\/www.salgadonoticias.com\/index.php?rest_route=\/wp\/v2\/users\/3"}],"replies":[{"embeddable":true,"href":"http:\/\/www.salgadonoticias.com\/index.php?rest_route=%2Fwp%2Fv2%2Fcomments&post=30673"}],"version-history":[{"count":4,"href":"http:\/\/www.salgadonoticias.com\/index.php?rest_route=\/wp\/v2\/posts\/30673\/revisions"}],"predecessor-version":[{"id":30762,"href":"http:\/\/www.salgadonoticias.com\/index.php?rest_route=\/wp\/v2\/posts\/30673\/revisions\/30762"}],"wp:featuredmedia":[{"embeddable":true,"href":"http:\/\/www.salgadonoticias.com\/index.php?rest_route=\/wp\/v2\/media\/30688"}],"wp:attachment":[{"href":"http:\/\/www.salgadonoticias.com\/index.php?rest_route=%2Fwp%2Fv2%2Fmedia&parent=30673"}],"wp:term":[{"taxonomy":"category","embeddable":true,"href":"http:\/\/www.salgadonoticias.com\/index.php?rest_route=%2Fwp%2Fv2%2Fcategories&post=30673"},{"taxonomy":"post_tag","embeddable":true,"href":"http:\/\/www.salgadonoticias.com\/index.php?rest_route=%2Fwp%2Fv2%2Ftags&post=30673"}],"curies":[{"name":"wp","href":"https:\/\/api.w.org\/{rel}","templated":true}]}}