{"id":30692,"date":"2024-12-20T01:06:00","date_gmt":"2024-12-20T07:06:00","guid":{"rendered":"https:\/\/www.salgadonoticias.com\/?p=30692"},"modified":"2024-12-20T16:46:28","modified_gmt":"2024-12-20T22:46:28","slug":"30692","status":"publish","type":"post","link":"http:\/\/www.salgadonoticias.com\/?p=30692","title":{"rendered":"Citatorio para Comparecencia en Procedimiento Laboral\u2026!!!"},"content":{"rendered":"<p>Views: 92<\/p>\n<p>.<\/p>\n\n\n\n<p>Este <strong>ANTECEDENTE<\/strong><\/p>\n\n\n\n<p>Surge luego de que Tribunales Colegiados de Circuito emitieron criterios contradictorios sobre la <mark style=\"background-color:rgba(0, 0, 0, 0);color:#4b058c\" class=\"has-inline-color\"><strong>pr\u00f3rroga del plazo para citar a una persona para emplazamiento,<\/strong><\/mark><mark style=\"background-color:rgba(0, 0, 0, 0)\" class=\"has-inline-color has-black-color\"><strong> <\/strong>esto seg\u00fan el art\u00edculo 743 de la LFT. Un tribunal sostiene que el<\/mark><mark style=\"background-color:rgba(0, 0, 0, 0);color:#4b058c\" class=\"has-inline-color\"> <strong>plazo debe ser al d\u00eda siguiente de entregado el citatorio<\/strong>,<\/mark><mark style=\"background-color:rgba(0, 0, 0, 0)\" class=\"has-inline-color has-black-color\"> mientras que otro <\/mark><mark style=\"background-color:rgba(0, 0, 0, 0);color:#4b058c\" class=\"has-inline-color\"><strong>considera que puede ser en cualquier momento a partir del d\u00eda siguiente.<\/strong><\/mark><\/p>\n\n\n\n<p>.<\/p>\n\n\n\n<p>La <strong><mark style=\"background-color:rgba(0, 0, 0, 0);color:#24058f\" class=\"has-inline-color\">Suprema Corte de Justicia<\/mark> <\/strong>a trav\u00e9s de la segunda sala <strong><mark style=\"background-color:rgba(0, 0, 0, 0);color:#900606\" class=\"has-inline-color\">DETERMIN\u00d3<\/mark> <\/strong>que, seg\u00fan el art\u00edculo sen menci\u00f3n (antes de la reforma del 1 de mayo de 2019), SI el <mark style=\"background-color:#95e4c6\" class=\"has-inline-color\"><strong>actuario<\/strong> <strong>NO encuentra<\/strong> al <em><u>interesado o a su representante<\/u><\/em> al <em><u>realizar la primera notificaci\u00f3n personal<\/u><\/em>, DEBE <strong>dejar un citatorio<\/strong> <em><u>indicando una hora h\u00e1bil del<\/u><\/em> <strong>d\u00eda siguiente para realizar la notificaci\u00f3n.\u201d<\/strong><\/mark><\/p>\n\n\n\n<p>.<\/p>\n\n\n\n<p>La justificaci\u00f3n de la <strong><mark style=\"background-color:rgba(0, 0, 0, 0);color:#030490\" class=\"has-inline-color\">SCJN<\/mark> <\/strong>es que, seg\u00fan el art\u00edculo se\u00f1alado, <em><u>si no se encuentra a la persona a notificar o a su representante<\/u><\/em>, <mark style=\"background-color:#de708c\" class=\"has-inline-color\"><strong>debe dejarse un citatorio para realizar la diligencia al d\u00eda h\u00e1bil siguiente, a una hora h\u00e1bil determinada<\/strong>. Esto <strong>respeta<\/strong> los principios de <strong>seguridad jur\u00eddica y justicia pronta<\/strong>, <em><u>asegurando as\u00ed que los plazos sean razonables y objetivos<\/u><\/em><\/mark>. Ya que <mark style=\"background-color:#d6f382\" class=\"has-inline-color\">indicar un plazo mayor a 24 horas incumplir\u00eda estos principios, permitiendo plazos arbitrarios que prolongar\u00edan el procedimiento.<\/mark><\/p>\n\n\n\n<p>.<\/p>\n\n\n\n<p>Esta <strong><mark style=\"background-color:#f1c2a0\" class=\"has-inline-color\">RESOLUCI\u00d3N<\/mark> <\/strong>es de <strong>aplicaci\u00f3n <mark style=\"background-color:rgba(0, 0, 0, 0);color:#750303\" class=\"has-inline-color\">OBLIGATORIA<\/mark> <\/strong>en todo el pa\u00eds a partir de esta semana.<\/p>\n\n\n\n<p><strong><mark style=\"background-color:rgba(0, 0, 0, 0);color:#c55809\" class=\"has-inline-color\">Jurisprudencia LABORAL<\/mark><\/strong><\/p>\n\n\n\n<p><\/p>\n\n\n\n<p>.<\/p>\n\n\n\n<p class=\"wp-embed-aspect-16-9 wp-has-aspect-ratio\">Si estas en el <strong><mark style=\"background-color:rgba(0, 0, 0, 0)\" class=\"has-inline-color has-vivid-red-color\">Extranjero <\/mark><\/strong>nosotros somos tu <strong><mark style=\"background-color:rgba(0, 0, 0, 0)\" class=\"has-inline-color has-vivid-green-cyan-color\">mejor<\/mark><\/strong> alternativa para <strong><mark style=\"background-color:rgba(0, 0, 0, 0)\" class=\"has-inline-color has-luminous-vivid-orange-color\">velar<\/mark><\/strong> por tus <strong><mark style=\"background-color:rgba(0, 0, 0, 0)\" class=\"has-inline-color has-vivid-cyan-blue-color\">intereses<\/mark><\/strong>, escr\u00edbenos o ll\u00e1manos al Tel <strong>55581-11311<\/strong>.<\/p>\n\n\n\n<p>.<\/p>\n\n\n\n<p>Cuando<strong> necesites<\/strong> ayuda, <strong>asistencia<\/strong> o <strong>planeaci\u00f3n<\/strong> legal, <strong>solicita<\/strong> <strong>Cita Privada<\/strong> <a rel=\"noreferrer noopener\" href=\"mailto:bi@sm99.mx\" target=\"_blank\"><strong>Aqu\u00ed<\/strong><\/a><\/p>\n\n\n\n<p>La informaci\u00f3n que AQU\u00cd te presentamos <strong>deriva<\/strong> de los <strong>Peri\u00f3dicos Oficiales <\/strong>de la<strong> CdMx<\/strong>, <strong>Estado<\/strong> de Mex., Diario <strong>Oficial<\/strong> de la Federaci\u00f3n, Suprema Corte de<strong> Justicia<\/strong> de la Naci\u00f3n, por lo tanto es de <strong>aplicaci\u00f3n OBLIGATORIA<\/strong><\/p>\n\n\n\n<p>La <strong>informaci\u00f3n<\/strong> de hoy procede de la Suprema Corte de Justicia<\/p>\n\n\n\n<p><strong><mark style=\"background-color:rgba(0, 0, 0, 0)\" class=\"has-inline-color has-luminous-vivid-orange-color\">AY\u00daDANOS<\/mark><\/strong> para que m\u00e1s personas conozcan esta informaci\u00f3n, <strong>Comp\u00e1rtelo<\/strong> en tus redes sociales.<\/p>\n","protected":false},"excerpt":{"rendered":"<p>Views: 92 . Este ANTECEDENTE Surge luego de que Tribunales Colegiados de Circuito emitieron criterios contradictorios sobre la pr\u00f3rroga del plazo para citar a una persona para emplazamiento, esto seg\u00fan el art\u00edculo 743 de la LFT. Un tribunal sostiene que el plazo debe ser al d\u00eda siguiente de entregado el citatorio, mientras que otro considera [&hellip;]<\/p>\n","protected":false},"author":3,"featured_media":30696,"comment_status":"closed","ping_status":"open","sticky":false,"template":"","format":"standard","meta":{"_jetpack_memberships_contains_paid_content":false,"footnotes":""},"categories":[4],"tags":[],"jetpack_sharing_enabled":true,"jetpack_featured_media_url":"http:\/\/www.salgadonoticias.com\/wp-content\/uploads\/2024\/12\/citatorio.jpg","_links":{"self":[{"href":"http:\/\/www.salgadonoticias.com\/index.php?rest_route=\/wp\/v2\/posts\/30692"}],"collection":[{"href":"http:\/\/www.salgadonoticias.com\/index.php?rest_route=\/wp\/v2\/posts"}],"about":[{"href":"http:\/\/www.salgadonoticias.com\/index.php?rest_route=\/wp\/v2\/types\/post"}],"author":[{"embeddable":true,"href":"http:\/\/www.salgadonoticias.com\/index.php?rest_route=\/wp\/v2\/users\/3"}],"replies":[{"embeddable":true,"href":"http:\/\/www.salgadonoticias.com\/index.php?rest_route=%2Fwp%2Fv2%2Fcomments&post=30692"}],"version-history":[{"count":4,"href":"http:\/\/www.salgadonoticias.com\/index.php?rest_route=\/wp\/v2\/posts\/30692\/revisions"}],"predecessor-version":[{"id":30701,"href":"http:\/\/www.salgadonoticias.com\/index.php?rest_route=\/wp\/v2\/posts\/30692\/revisions\/30701"}],"wp:featuredmedia":[{"embeddable":true,"href":"http:\/\/www.salgadonoticias.com\/index.php?rest_route=\/wp\/v2\/media\/30696"}],"wp:attachment":[{"href":"http:\/\/www.salgadonoticias.com\/index.php?rest_route=%2Fwp%2Fv2%2Fmedia&parent=30692"}],"wp:term":[{"taxonomy":"category","embeddable":true,"href":"http:\/\/www.salgadonoticias.com\/index.php?rest_route=%2Fwp%2Fv2%2Fcategories&post=30692"},{"taxonomy":"post_tag","embeddable":true,"href":"http:\/\/www.salgadonoticias.com\/index.php?rest_route=%2Fwp%2Fv2%2Ftags&post=30692"}],"curies":[{"name":"wp","href":"https:\/\/api.w.org\/{rel}","templated":true}]}}