{"id":30702,"date":"2024-12-23T01:00:00","date_gmt":"2024-12-23T07:00:00","guid":{"rendered":"https:\/\/www.salgadonoticias.com\/?p=30702"},"modified":"2024-12-20T17:12:22","modified_gmt":"2024-12-20T23:12:22","slug":"distribucion-de-carga-de-la-prueba-en-juicios-laborales-por-covid-19","status":"publish","type":"post","link":"http:\/\/www.salgadonoticias.com\/?p=30702","title":{"rendered":"Distribuci\u00f3n de Carga de la Prueba en Juicios Laborales por COVID-19\u2026!!!"},"content":{"rendered":"<p>Views: 2<\/p>\n<p>.<\/p>\n\n\n\n<p>Este <strong>ANTECEDENTE:<\/strong><\/p>\n\n\n\n<p><strong>Surge <\/strong>luego de que, en un procedimiento de <mark style=\"background-color:rgba(0, 0, 0, 0);color:#026f47\" class=\"has-inline-color\"><strong>designaci\u00f3n de beneficiarios<\/strong>, <\/mark><mark style=\"background-color:rgba(0, 0, 0, 0)\" class=\"has-inline-color has-black-color\">se demand\u00f3 el pago de gastos funerarios e indemnizaci\u00f3n por muerte, argumentando que la <em><u>persona trabajadora<\/u><\/em><\/mark><mark style=\"background-color:rgba(0, 0, 0, 0);color:#026f47\" class=\"has-inline-color\"> <strong>fallecida contrajo <\/strong><\/mark><mark style=\"background-color:rgba(0, 0, 0, 0)\" class=\"has-inline-color has-black-color\">el virus SARS-CoV-2<\/mark><mark style=\"background-color:rgba(0, 0, 0, 0);color:#026f47\" class=\"has-inline-color\"><strong> (COVID-19)<\/strong> <strong>durante su empleo<\/strong>.<\/mark><mark style=\"background-color:rgba(0, 0, 0, 0)\" class=\"has-inline-color has-black-color\"> La autoridad laboral <\/mark><mark style=\"background-color:rgba(0, 0, 0, 0);color:#026f47\" class=\"has-inline-color\"><strong>declar\u00f3 a la actora como beneficiaria<\/strong>, <\/mark><mark style=\"background-color:rgba(0, 0, 0, 0)\" class=\"has-inline-color has-black-color\">pero<\/mark><mark style=\"background-color:rgba(0, 0, 0, 0);color:#026f47\" class=\"has-inline-color\"> <strong>absolvi\u00f3 el pago de las prestaciones reclamadas<\/strong>. <\/mark><mark style=\"background-color:rgba(0, 0, 0, 0)\" class=\"has-inline-color has-black-color\">Debido a que el <\/mark><mark style=\"background-color:rgba(0, 0, 0, 0);color:#026f47\" class=\"has-inline-color\"><strong>padecimiento NO est\u00e1 especificado en el art\u00edculo 513<\/strong> <\/mark><mark style=\"background-color:rgba(0, 0, 0, 0)\" class=\"has-inline-color has-black-color\">de la Ley del Trabajo (antes de la reforma del 4 de diciembre de 2023) por lo que la<\/mark><mark style=\"background-color:rgba(0, 0, 0, 0);color:#026f47\" class=\"has-inline-color\"> <strong>actora deb\u00eda probar la relaci\u00f3n causa-efecto entre la enfermedad y el trabajo<\/strong>, y<\/mark>a que no se presume como enfermedad profesional<\/p>\n\n\n\n<p>.<\/p>\n\n\n\n<p>La <strong><mark style=\"background-color:rgba(0, 0, 0, 0);color:#10048b\" class=\"has-inline-color\">Suprema Corte de Justicia<\/mark> <\/strong>a trav\u00e9s del Tribunal Colegiado de Circuito<mark style=\"background-color:rgba(0, 0, 0, 0);color:#940000\" class=\"has-inline-color\"> <strong>DETERMIN\u00d3<\/strong><\/mark><strong> <\/strong>que, en <em><u>juicios laborales<\/u><\/em>, la <mark style=\"background-color:#f3a56e\" class=\"has-inline-color\"><strong>carga de la prueba<\/strong> DEBE <strong>dividirse entre las partes<\/strong><\/mark> cuando el <mark style=\"background-color:#8aed51\" class=\"has-inline-color\"><strong><em>Beneficiario<\/em> <\/strong>de una <em>persona trabajadora<\/em> <strong>alegue que esta contrajo el virus SARS-CoV-2 (COVID-19) debido a su trabajo y que esto le caus\u00f3 la muerte<\/strong>.<\/mark><\/p>\n\n\n\n<p>.<\/p>\n\n\n\n<p>La Justificaci\u00f3n de la<mark style=\"background-color:rgba(0, 0, 0, 0);color:#040b99\" class=\"has-inline-color\"> <strong>SCJN <\/strong><\/mark>es que, <mark style=\"background-color:rgba(0, 0, 0, 0);color:#a2053b\" class=\"has-inline-color\"><strong>seg\u00fan los art\u00edculos 784, 804 y 805<\/strong> de la <em><u>Ley Federal del Trabajo<\/u><\/em>, <strong>cuando los beneficiarios alegan<\/strong> <\/mark><mark style=\"background-color:rgba(0, 0, 0, 0)\" class=\"has-inline-color has-black-color\">que una persona trabajadora <\/mark><mark style=\"background-color:rgba(0, 0, 0, 0);color:#a2053b\" class=\"has-inline-color\"><strong>contrajo COVID-19 en el trabajo y falleci\u00f3<\/strong>, la <strong><em><u>carga de la prueba se divide<\/u><\/em><\/strong>. <\/mark><mark style=\"background-color:rgba(0, 0, 0, 0)\" class=\"has-inline-color has-black-color\">Por tanto, los<\/mark><mark style=\"background-color:rgba(0, 0, 0, 0);color:#a2053b\" class=\"has-inline-color\"> <strong>beneficiarios<\/strong> <strong>deben probar la causa de muerte<\/strong>, <strong><em>SIN<\/em><\/strong> <\/mark><mark style=\"background-color:rgba(0, 0, 0, 0)\" class=\"has-inline-color has-black-color\">necesidad de un<\/mark><mark style=\"background-color:rgba(0, 0, 0, 0);color:#a2053b\" class=\"has-inline-color\"> <strong>dictamen pericial<\/strong>, <\/mark><mark style=\"background-color:rgba(0, 0, 0, 0)\" class=\"has-inline-color has-black-color\">mientras que el<\/mark><mark style=\"background-color:rgba(0, 0, 0, 0);color:#a2053b\" class=\"has-inline-color\"> <strong>patr\u00f3n<\/strong> <\/mark><mark style=\"background-color:rgba(0, 0, 0, 0)\" class=\"has-inline-color has-black-color\"><strong>DEBE<\/strong><\/mark><mark style=\"background-color:rgba(0, 0, 0, 0);color:#a2053b\" class=\"has-inline-color\"> <strong>demostrar que la enfermedad no se origin\u00f3 en el trabajo<\/strong>.<\/mark><\/p>\n\n\n\n<p>.<\/p>\n\n\n\n<p>Esta <strong><mark style=\"background-color:#c5a4e4\" class=\"has-inline-color\">RESOLUCI\u00d3N<\/mark><\/strong> esta <strong>disponible<\/strong> para quien la <strong><mark style=\"background-color:rgba(0, 0, 0, 0)\" class=\"has-inline-color has-vivid-red-color\">conozca y la haga VALER<\/mark><\/strong> a partir de esta semana.<\/p>\n\n\n\n<p><mark style=\"background-color:rgba(0, 0, 0, 0);color:#43067b\" class=\"has-inline-color\">Tesis <strong>LABORAL<\/strong><\/mark><\/p>\n\n\n\n<p><\/p>\n\n\n\n<p>.<\/p>\n\n\n\n<p class=\"wp-embed-aspect-16-9 wp-has-aspect-ratio\">Si estas en el <strong><mark style=\"background-color:rgba(0, 0, 0, 0)\" class=\"has-inline-color has-vivid-red-color\">Extranjero <\/mark><\/strong>nosotros somos tu <strong><mark style=\"background-color:rgba(0, 0, 0, 0)\" class=\"has-inline-color has-vivid-green-cyan-color\">mejor<\/mark><\/strong> alternativa para <strong><mark style=\"background-color:rgba(0, 0, 0, 0)\" class=\"has-inline-color has-luminous-vivid-orange-color\">velar<\/mark><\/strong> por tus <strong><mark style=\"background-color:rgba(0, 0, 0, 0)\" class=\"has-inline-color has-vivid-cyan-blue-color\">intereses<\/mark><\/strong>, escr\u00edbenos o ll\u00e1manos al Tel <strong>55581-11311<\/strong>.<\/p>\n\n\n\n<p>.<\/p>\n\n\n\n<p>Cuando<strong> necesites<\/strong> ayuda, <strong>asistencia<\/strong> o <strong>planeaci\u00f3n<\/strong> legal, <strong>solicita<\/strong> <strong>Cita Privada<\/strong> <a rel=\"noreferrer noopener\" href=\"mailto:bi@sm99.mx\" target=\"_blank\"><strong>Aqu\u00ed<\/strong><\/a><\/p>\n\n\n\n<p>La informaci\u00f3n que AQU\u00cd te presentamos <strong>deriva<\/strong> de los <strong>Peri\u00f3dicos Oficiales <\/strong>de la<strong> CdMx<\/strong>, <strong>Estado<\/strong> de Mex., Diario <strong>Oficial<\/strong> de la Federaci\u00f3n, Suprema Corte de<strong> Justicia<\/strong> de la Naci\u00f3n, por lo tanto es de <strong>aplicaci\u00f3n OBLIGATORIA<\/strong><\/p>\n\n\n\n<p>La <strong>informaci\u00f3n<\/strong> de hoy procede de la Suprema Corte de Justicia<\/p>\n\n\n\n<p><strong><mark style=\"background-color:rgba(0, 0, 0, 0)\" class=\"has-inline-color has-luminous-vivid-orange-color\">AY\u00daDANOS<\/mark><\/strong> para que m\u00e1s personas conozcan esta informaci\u00f3n, <strong>Comp\u00e1rtelo<\/strong> en tus redes sociales.<\/p>\n","protected":false},"excerpt":{"rendered":"<p>Views: 2 . Este ANTECEDENTE: Surge luego de que, en un procedimiento de designaci\u00f3n de beneficiarios, se demand\u00f3 el pago de gastos funerarios e indemnizaci\u00f3n por muerte, argumentando que la persona trabajadora fallecida contrajo el virus SARS-CoV-2 (COVID-19) durante su empleo. La autoridad laboral declar\u00f3 a la actora como beneficiaria, pero absolvi\u00f3 el pago de [&hellip;]<\/p>\n","protected":false},"author":3,"featured_media":30703,"comment_status":"closed","ping_status":"open","sticky":false,"template":"","format":"standard","meta":{"_jetpack_memberships_contains_paid_content":false,"footnotes":""},"categories":[4],"tags":[],"jetpack_sharing_enabled":true,"jetpack_featured_media_url":"http:\/\/www.salgadonoticias.com\/wp-content\/uploads\/2024\/12\/MUERTE.jpg","_links":{"self":[{"href":"http:\/\/www.salgadonoticias.com\/index.php?rest_route=\/wp\/v2\/posts\/30702"}],"collection":[{"href":"http:\/\/www.salgadonoticias.com\/index.php?rest_route=\/wp\/v2\/posts"}],"about":[{"href":"http:\/\/www.salgadonoticias.com\/index.php?rest_route=\/wp\/v2\/types\/post"}],"author":[{"embeddable":true,"href":"http:\/\/www.salgadonoticias.com\/index.php?rest_route=\/wp\/v2\/users\/3"}],"replies":[{"embeddable":true,"href":"http:\/\/www.salgadonoticias.com\/index.php?rest_route=%2Fwp%2Fv2%2Fcomments&post=30702"}],"version-history":[{"count":1,"href":"http:\/\/www.salgadonoticias.com\/index.php?rest_route=\/wp\/v2\/posts\/30702\/revisions"}],"predecessor-version":[{"id":30704,"href":"http:\/\/www.salgadonoticias.com\/index.php?rest_route=\/wp\/v2\/posts\/30702\/revisions\/30704"}],"wp:featuredmedia":[{"embeddable":true,"href":"http:\/\/www.salgadonoticias.com\/index.php?rest_route=\/wp\/v2\/media\/30703"}],"wp:attachment":[{"href":"http:\/\/www.salgadonoticias.com\/index.php?rest_route=%2Fwp%2Fv2%2Fmedia&parent=30702"}],"wp:term":[{"taxonomy":"category","embeddable":true,"href":"http:\/\/www.salgadonoticias.com\/index.php?rest_route=%2Fwp%2Fv2%2Fcategories&post=30702"},{"taxonomy":"post_tag","embeddable":true,"href":"http:\/\/www.salgadonoticias.com\/index.php?rest_route=%2Fwp%2Fv2%2Ftags&post=30702"}],"curies":[{"name":"wp","href":"https:\/\/api.w.org\/{rel}","templated":true}]}}