{"id":30706,"date":"2024-12-26T01:02:00","date_gmt":"2024-12-26T07:02:00","guid":{"rendered":"https:\/\/www.salgadonoticias.com\/?p=30706"},"modified":"2024-12-23T11:31:17","modified_gmt":"2024-12-23T17:31:17","slug":"registro-de-titulos-y-cedulas-profesionales-un-tramite-formal-no-un-requisito-adicional","status":"publish","type":"post","link":"http:\/\/www.salgadonoticias.com\/?p=30706","title":{"rendered":"Registro de T\u00edtulos y C\u00e9dulas Profesionales: Un Tr\u00e1mite Formal, No un Requisito Adicional&#8230;!!!"},"content":{"rendered":"<p>Views: 115<\/p>\n<p>.<\/p>\n\n\n\n<p>Esta <strong>ANTECEDENTE<\/strong><\/p>\n\n\n\n<p><mark style=\"background-color:rgba(0, 0, 0, 0);color:#cf5a06\" class=\"has-inline-color\"><strong>Surge<\/strong><\/mark><mark style=\"background-color:rgba(0, 0, 0, 0)\" class=\"has-inline-color has-black-color\"><strong> <\/strong>despu\u00e9s de que la Primera Sala de la SCJN, revis\u00f3 el caso de una<\/mark><mark style=\"background-color:rgba(0, 0, 0, 0);color:#cf5a06\" class=\"has-inline-color\"> <strong>profesional de la salud <\/strong>que <strong>estudi\u00f3<\/strong> <\/mark><mark style=\"background-color:rgba(0, 0, 0, 0)\" class=\"has-inline-color has-black-color\">enfermer\u00eda quir\u00fargica en<\/mark><mark style=\"background-color:rgba(0, 0, 0, 0);color:#cf5a06\" class=\"has-inline-color\"> <strong>Tamaulipas<\/strong> y <strong>solicit\u00f3 su registro en Chihuahua<\/strong>, <\/mark><mark style=\"background-color:rgba(0, 0, 0, 0)\" class=\"has-inline-color has-black-color\">la cual le fue<\/mark><mark style=\"background-color:rgba(0, 0, 0, 0);color:#cf5a06\" class=\"has-inline-color\"> <strong>negada porque el instituto donde estudi\u00f3 no estaba registrado en Chihuahua<\/strong>. <\/mark><mark style=\"background-color:rgba(0, 0, 0, 0)\" class=\"has-inline-color has-black-color\">La enfermera <em>impugn\u00f3 la constitucionalidad del art\u00edculo 13 de la Ley de Profesiones de ese estado<\/em>, pero el<em> Juzgado de Distrito<\/em><\/mark><mark style=\"background-color:rgba(0, 0, 0, 0);color:#cf5a06\" class=\"has-inline-color\"> <strong>neg\u00f3 el amparo,<\/strong> <strong>argumentando la autonom\u00eda de las entidades federativas<\/strong><\/mark><strong>.<\/strong> Inconforme, la profesional interpuso un recurso de revisi\u00f3n que fue atra\u00eddo por la Suprema Corte.<\/p>\n\n\n\n<p>.<\/p>\n\n\n\n<p>La <strong><mark style=\"background-color:rgba(0, 0, 0, 0);color:#19026a\" class=\"has-inline-color\">Suprema Corte de Justicia <\/mark><\/strong>a trav\u00e9s de la Primera Sala, <strong><mark style=\"background-color:rgba(0, 0, 0, 0);color:#920505\" class=\"has-inline-color\">DETERMIN\u00d3 <\/mark><\/strong>que los <mark style=\"background-color:#6deebf\" class=\"has-inline-color\"><strong>T\u00edtulos Profesionales<\/strong> <strong>DEBEN ser respetados en todos los Estados del Pa\u00eds<\/strong><\/mark><mark style=\"background-color:#ffffff\" class=\"has-inline-color\"> seg\u00fan el art\u00edculo 121 fracc. V de l a Constituci\u00f3n por lo que el <\/mark><mark style=\"background-color:#6deebf\" class=\"has-inline-color\"><strong>Registro<\/strong><\/mark><mark style=\"background-color:#ffffff\" class=\"has-inline-color\"><strong> <\/strong>de estos<\/mark><mark style=\"background-color:#6deebf\" class=\"has-inline-color\"> <strong>solo es un tr\u00e1mite formal sin requisitos adicionales<\/strong>.<\/mark><\/p>\n\n\n\n<p>.<\/p>\n\n\n\n<p>La justificaci\u00f3n de la <strong>SCJN <\/strong>es que el <mark style=\"background-color:#f4cfd8\" class=\"has-inline-color has-black-color\"><em>art\u00edculo 13 de la Ley de Profesiones de Chihuahua<\/em> <strong>debe interpretarse conforme al art\u00edculo 121 de la Constituci\u00f3n<\/strong><\/mark>, <strong><mark style=\"background-color:rgba(0, 0, 0, 0);color:#880505\" class=\"has-inline-color\">permitiendo el registro de t\u00edtulos de otras entidades federativas<\/mark><\/strong> para ejercer en Chihuahua. Debido a que<strong> <\/strong><mark style=\"background-color:rgba(0, 0, 0, 0);color:#800202\" class=\"has-inline-color\"><strong>este registro es solo un tr\u00e1mite formal para conocer a los profesionistas en el estado.<\/strong> <\/mark><\/p>\n\n\n\n<p>Adem\u00e1s, las <mark style=\"background-color:rgba(0, 0, 0, 0);color:#148408\" class=\"has-inline-color\"><strong>Direcciones Estatales de Profesiones puede verificar la idoneidad de los documentos<\/strong>, <\/mark><mark style=\"background-color:rgba(0, 0, 0, 0)\" class=\"has-inline-color has-black-color\">m\u00e1s <\/mark><mark style=\"background-color:rgba(0, 0, 0, 0);color:#148408\" class=\"has-inline-color\"><strong>NO cuestionar su contenido<\/strong>, <\/mark><mark style=\"background-color:rgba(0, 0, 0, 0)\" class=\"has-inline-color has-black-color\">ante lo anterior la Sala <\/mark><mark style=\"background-color:rgba(0, 0, 0, 0);color:#148408\" class=\"has-inline-color\"><strong>concedi\u00f3 la protecci\u00f3n constitucional<\/strong> <strong>para que se<\/strong> <strong>registren las c\u00e9dulas de los solicitantes<\/strong><\/mark><strong>,<\/strong> cumpliendo con los requisitos formales.<\/p>\n\n\n\n<p>.-<\/p>\n\n\n\n<p>Esta <strong>RESOLUCI\u00d3N<\/strong> est\u00e1 <strong>disponible <\/strong>para <strong>quien la conozca y la haga valer<\/strong> a partir de esta semana.<\/p>\n\n\n\n<p>.<\/p>\n\n\n\n<p class=\"wp-embed-aspect-16-9 wp-has-aspect-ratio\">Si estas en el <strong><mark style=\"background-color:rgba(0, 0, 0, 0)\" class=\"has-inline-color has-vivid-red-color\">Extranjero <\/mark><\/strong>nosotros somos tu <strong><mark style=\"background-color:rgba(0, 0, 0, 0)\" class=\"has-inline-color has-vivid-green-cyan-color\">mejor<\/mark><\/strong> alternativa para <strong><mark style=\"background-color:rgba(0, 0, 0, 0)\" class=\"has-inline-color has-luminous-vivid-orange-color\">velar<\/mark><\/strong> por tus <strong><mark style=\"background-color:rgba(0, 0, 0, 0)\" class=\"has-inline-color has-vivid-cyan-blue-color\">intereses<\/mark><\/strong>, escr\u00edbenos o ll\u00e1manos al Tel <strong>55581-11311<\/strong>.<\/p>\n\n\n\n<p>.<\/p>\n\n\n\n<p>Cuando<strong> necesites<\/strong> ayuda, <strong>asistencia<\/strong> o <strong>planeaci\u00f3n<\/strong> legal, <strong>solicita<\/strong> <strong>Cita Privada<\/strong> <a rel=\"noreferrer noopener\" href=\"mailto:bi@sm99.mx\" target=\"_blank\"><strong>Aqu\u00ed<\/strong><\/a><\/p>\n\n\n\n<p>La informaci\u00f3n que AQU\u00cd te presentamos <strong>deriva<\/strong> de los <strong>Peri\u00f3dicos Oficiales <\/strong>de la<strong> CdMx<\/strong>, <strong>Estado<\/strong> de Mex., Diario <strong>Oficial<\/strong> de la Federaci\u00f3n, Suprema Corte de<strong> Justicia<\/strong> de la Naci\u00f3n, por lo tanto es de <strong>aplicaci\u00f3n OBLIGATORIA<\/strong><\/p>\n\n\n\n<p>La <strong>informaci\u00f3n<\/strong> de hoy procede de la Suprema Corte de Justicia<\/p>\n\n\n\n<p><strong><mark style=\"background-color:rgba(0, 0, 0, 0)\" class=\"has-inline-color has-luminous-vivid-orange-color\">AY\u00daDANOS<\/mark><\/strong> para que m\u00e1s personas conozcan esta informaci\u00f3n, <strong>Comp\u00e1rtelo<\/strong> en tus redes sociales.<\/p>\n","protected":false},"excerpt":{"rendered":"<p>Views: 115 . Esta ANTECEDENTE Surge despu\u00e9s de que la Primera Sala de la SCJN, revis\u00f3 el caso de una profesional de la salud que estudi\u00f3 enfermer\u00eda quir\u00fargica en Tamaulipas y solicit\u00f3 su registro en Chihuahua, la cual le fue negada porque el instituto donde estudi\u00f3 no estaba registrado en Chihuahua. La enfermera impugn\u00f3 la [&hellip;]<\/p>\n","protected":false},"author":3,"featured_media":30708,"comment_status":"closed","ping_status":"open","sticky":false,"template":"","format":"standard","meta":{"_jetpack_memberships_contains_paid_content":false,"footnotes":""},"categories":[4],"tags":[],"jetpack_sharing_enabled":true,"jetpack_featured_media_url":"http:\/\/www.salgadonoticias.com\/wp-content\/uploads\/2024\/12\/titulos.jpg","_links":{"self":[{"href":"http:\/\/www.salgadonoticias.com\/index.php?rest_route=\/wp\/v2\/posts\/30706"}],"collection":[{"href":"http:\/\/www.salgadonoticias.com\/index.php?rest_route=\/wp\/v2\/posts"}],"about":[{"href":"http:\/\/www.salgadonoticias.com\/index.php?rest_route=\/wp\/v2\/types\/post"}],"author":[{"embeddable":true,"href":"http:\/\/www.salgadonoticias.com\/index.php?rest_route=\/wp\/v2\/users\/3"}],"replies":[{"embeddable":true,"href":"http:\/\/www.salgadonoticias.com\/index.php?rest_route=%2Fwp%2Fv2%2Fcomments&post=30706"}],"version-history":[{"count":4,"href":"http:\/\/www.salgadonoticias.com\/index.php?rest_route=\/wp\/v2\/posts\/30706\/revisions"}],"predecessor-version":[{"id":30713,"href":"http:\/\/www.salgadonoticias.com\/index.php?rest_route=\/wp\/v2\/posts\/30706\/revisions\/30713"}],"wp:featuredmedia":[{"embeddable":true,"href":"http:\/\/www.salgadonoticias.com\/index.php?rest_route=\/wp\/v2\/media\/30708"}],"wp:attachment":[{"href":"http:\/\/www.salgadonoticias.com\/index.php?rest_route=%2Fwp%2Fv2%2Fmedia&parent=30706"}],"wp:term":[{"taxonomy":"category","embeddable":true,"href":"http:\/\/www.salgadonoticias.com\/index.php?rest_route=%2Fwp%2Fv2%2Fcategories&post=30706"},{"taxonomy":"post_tag","embeddable":true,"href":"http:\/\/www.salgadonoticias.com\/index.php?rest_route=%2Fwp%2Fv2%2Ftags&post=30706"}],"curies":[{"name":"wp","href":"https:\/\/api.w.org\/{rel}","templated":true}]}}