{"id":30714,"date":"2024-12-24T00:29:00","date_gmt":"2024-12-24T06:29:00","guid":{"rendered":"https:\/\/www.salgadonoticias.com\/?p=30714"},"modified":"2024-12-23T14:43:23","modified_gmt":"2024-12-23T20:43:23","slug":"30714","status":"publish","type":"post","link":"http:\/\/www.salgadonoticias.com\/?p=30714","title":{"rendered":"Oficial&#8230;La Desaparici\u00f3n de 7 Organismos Aut\u00f3nomos&#8230;!!!"},"content":{"rendered":"<p>Views: 2<\/p>\n<p>.<\/p>\n\n\n\n<p>Con la publicaci\u00f3n del<strong>\u00a0Decreto en el Diario Oficial,<\/strong>\u00a0por el que se <strong>reforman<\/strong>, adicionan y derogan diversas <strong>disposiciones<\/strong> de la <strong>Constituci\u00f3n<\/strong> materia de<strong>\u00a0simplificaci\u00f3n org\u00e1nica,\u00a0<\/strong><mark style=\"background-color:#ffffff;color:#9b0707\" class=\"has-inline-color\"><em><strong>desaparecen<\/strong><\/em> <em>formalmente<\/em> los <em><strong>siguientes organismos aut\u00f3nomos<\/strong><\/em>:  <\/mark><\/p>\n\n\n\n<ul>\n<li><mark style=\"background-color:rgba(0, 0, 0, 0);color:#38026a\" class=\"has-inline-color\">Comisi\u00f3n Federal de Competencia Econ\u00f3mica (<strong>Cofece<\/strong>);<\/mark> <\/li>\n\n\n\n<li><mark style=\"background-color:rgba(0, 0, 0, 0);color:#076a46\" class=\"has-inline-color\">Instituto Federal de Telecomunicaciones (<strong>IFT<\/strong>);<\/mark><\/li>\n\n\n\n<li><mark style=\"background-color:rgba(0, 0, 0, 0);color:#a94b07\" class=\"has-inline-color\">Consejo Nacional de Evaluaci\u00f3n de la Pol\u00edtica de Desarrollo Social (<strong>Coneval<\/strong>), <\/mark><\/li>\n\n\n\n<li><mark style=\"background-color:rgba(0, 0, 0, 0);color:#1e0197\" class=\"has-inline-color\">Comisi\u00f3n Nacional de Hidrocarburos (<strong>CNH<\/strong>).<\/mark><\/li>\n\n\n\n<li><mark style=\"background-color:rgba(0, 0, 0, 0);color:#c39107\" class=\"has-inline-color\">Comisi\u00f3n Reguladora de Energ\u00eda (<strong>CRE)<\/strong>; <\/mark><\/li>\n\n\n\n<li><mark style=\"background-color:rgba(0, 0, 0, 0);color:#4e7698\" class=\"has-inline-color\">Sistema Nacional de Mejora Continua de la Educaci\u00f3n <strong>(Mejoredu)<\/strong>;<\/mark> y <\/li>\n\n\n\n<li><mark style=\"background-color:rgba(0, 0, 0, 0)\" class=\"has-inline-color has-vivid-red-color\">Instituto Nacional de Transparencia, Acceso a la Informaci\u00f3n y Protecci\u00f3n de Datos Personales (<strong>INAI<\/strong>).<\/mark><\/li>\n<\/ul>\n\n\n\n<p><mark style=\"background-color:#96ec4b\" class=\"has-inline-color\">Tras la <strong>desaparici\u00f3n<\/strong> de los referidos organismos aut\u00f3nomos<strong>, sus funciones ser\u00edan absorbidas por dependencias\u00a0<\/strong>de la administraci\u00f3n p\u00fablica federal.<\/mark><\/p>\n\n\n\n<p>En el caso del<strong>\u00a0<mark style=\"background-color:rgba(0, 0, 0, 0)\" class=\"has-inline-color has-vivid-red-color\">INAI<\/mark><\/strong>, sus<mark style=\"background-color:rgba(0, 0, 0, 0)\" class=\"has-inline-color has-vivid-red-color\"> <strong>funciones<\/strong> de transparencia<strong> ir\u00e1n a la Secretar\u00eda del Buen Gobierno y Anticorrupci\u00f3n<\/strong><\/mark>, antes Secretar\u00eda de la Funci\u00f3n P\u00fablica, a los <strong><mark style=\"background-color:rgba(0, 0, 0, 0)\" class=\"has-inline-color has-vivid-red-color\">\u00d3rganos Internos de Control<\/mark><\/strong>, al <mark style=\"background-color:rgba(0, 0, 0, 0)\" class=\"has-inline-color has-vivid-red-color\"><strong>Tribunal de Disciplina Judicial<\/strong> en el <em>caso del Poder Judicial<\/em><\/mark>, al <strong>I<\/strong><mark style=\"background-color:rgba(0, 0, 0, 0)\" class=\"has-inline-color has-vivid-red-color\"><strong>nstituto Nacional Electoral<\/strong> en el <em>caso de los partidos pol\u00edticos<\/em><\/mark> y en la <mark style=\"background-color:rgba(0, 0, 0, 0)\" class=\"has-inline-color has-vivid-red-color\"><em>protecci\u00f3n de datos personales,<\/em> sus funciones las<strong> tomar\u00e1 la Agencia de Transformaci\u00f3n Digital.<\/strong><\/mark><\/p>\n\n\n\n<p>.<\/p>\n\n\n\n<p>En cuanto al <mark style=\"background-color:rgba(0, 0, 0, 0);color:#490589\" class=\"has-inline-color\"><strong>Cofece<\/strong>\u00a0y<strong> <\/strong>el <\/mark><strong><mark style=\"background-color:rgba(0, 0, 0, 0);color:#068053\" class=\"has-inline-color\">IFT<\/mark><\/strong><mark style=\"background-color:rgba(0, 0, 0, 0);color:#490589\" class=\"has-inline-color\">\u00a0se <strong>fusionar\u00e1n para CREAR OTRO organismo aut\u00f3nomo<\/strong><\/mark> descentralizado que <em>dependa de la Secretar\u00eda de Econom\u00eda<\/em>.\u00a0<\/p>\n\n\n\n<p>Mientras que la <strong><mark style=\"background-color:rgba(0, 0, 0, 0);color:#be8b00\" class=\"has-inline-color\">CRE<\/mark><\/strong>\u00a0y la <strong><mark style=\"background-color:rgba(0, 0, 0, 0);color:#130aa3\" class=\"has-inline-color\">CNH<\/mark>\u00a0<\/strong>paran a <strong><mark style=\"background-color:rgba(0, 0, 0, 0);color:#4007e3\" class=\"has-inline-color\">formar\u00e1n parte de la Secretar\u00eda de Energ\u00eda<\/mark><\/strong> y el Sistema Nacional de Mejora Continua de la Educaci\u00f3n<strong>\u00a0<\/strong><mark style=\"background-color:rgba(0, 0, 0, 0);color:#115f8b\" class=\"has-inline-color\"><strong>Mejoredu\u00a0<\/strong><\/mark><mark style=\"background-color:rgba(0, 0, 0, 0)\" class=\"has-inline-color has-black-color\">ser\u00e1<\/mark><mark style=\"background-color:rgba(0, 0, 0, 0);color:#115f8b\" class=\"has-inline-color\"> <strong>integrado a la SEP<\/strong>, as\u00ed como el <strong>Coneval<\/strong>\u00a0ser\u00e1 <strong>absorbido INEGI<\/strong>.<\/mark><\/p>\n\n\n\n<p>.<\/p>\n\n\n\n<p>Congreso tendr\u00e1 un plazo de\u00a0<strong>90 d\u00edas naturales<\/strong>\u00a0a partir de la entrada en vigor del presente para realizar las adecuaciones necesarias a las leyes para cumplirlo esto es a m\u00e1s tardar el 20 de febrero de 2025<\/p>\n\n\n\n<p>.<\/p>\n\n\n\n<p>El decreto tambi\u00e9n establece en el <mark style=\"background-color:#f4d682\" class=\"has-inline-color\"><strong>art\u00edculo s\u00e9ptimo transitorio<\/strong> que los <strong>derechos laborales de las personas servidoras p\u00fablicas ser\u00e1n respetados en su totalidad<\/strong><\/mark>, es as\u00ed que los recursos humanos con que cuenten los entres p\u00fablico que se extinguen pasar\u00e1n a formar parte de aquellos que asuman sus atribuciones \u201ccuando corresponda\u201d.<\/p>\n\n\n\n<p>.<\/p>\n\n\n\n<p>Da click aqu\u00ed ? para ver decreto completo&#8230;<\/p>\n\n\n\n<p><a href=\"https:\/\/www.dof.gob.mx\/nota_detalle.php?codigo=5745905&amp;fecha=20\/12\/2024#gsc.tab=0\">https:\/\/www.dof.gob.mx\/nota_detalle.php?codigo=5745905&amp;fecha=20\/12\/2024#gsc.tab=0<\/a><\/p>\n\n\n\n<p>.<\/p>\n\n\n\n<p class=\"wp-embed-aspect-16-9 wp-has-aspect-ratio\">Si estas en el <strong><mark style=\"background-color:rgba(0, 0, 0, 0)\" class=\"has-inline-color has-vivid-red-color\">Extranjero <\/mark><\/strong>nosotros somos tu <strong><mark style=\"background-color:rgba(0, 0, 0, 0)\" class=\"has-inline-color has-vivid-green-cyan-color\">mejor<\/mark><\/strong> alternativa para <strong><mark style=\"background-color:rgba(0, 0, 0, 0)\" class=\"has-inline-color has-luminous-vivid-orange-color\">velar<\/mark><\/strong> por tus <strong><mark style=\"background-color:rgba(0, 0, 0, 0)\" class=\"has-inline-color has-vivid-cyan-blue-color\">intereses<\/mark><\/strong>, escr\u00edbenos o ll\u00e1manos al Tel <strong>55581-11311<\/strong>.<\/p>\n\n\n\n<p>.<\/p>\n\n\n\n<p>Cuando<strong> necesites<\/strong> ayuda, <strong>asistencia<\/strong> o <strong>planeaci\u00f3n<\/strong> legal, <strong>solicita<\/strong> <strong>Cita Privada<\/strong> <a rel=\"noreferrer noopener\" href=\"mailto:bi@sm99.mx\" target=\"_blank\"><strong>Aqu\u00ed<\/strong><\/a><\/p>\n\n\n\n<p>La informaci\u00f3n que AQU\u00cd te presentamos <strong>deriva<\/strong> de los <strong>Peri\u00f3dicos Oficiales <\/strong>de la<strong> CdMx<\/strong>, <strong>Estado<\/strong> de Mex., Diario <strong>Oficial<\/strong> de la Federaci\u00f3n, Suprema Corte de<strong> Justicia<\/strong> de la Naci\u00f3n, por lo tanto es de <strong>aplicaci\u00f3n OBLIGATORIA<\/strong><\/p>\n\n\n\n<p>La <strong>informaci\u00f3n<\/strong> de hoy procede del Diario Oficial<\/p>\n\n\n\n<p><strong><mark style=\"background-color:rgba(0, 0, 0, 0)\" class=\"has-inline-color has-luminous-vivid-orange-color\">AY\u00daDANOS<\/mark><\/strong> para que m\u00e1s personas conozcan esta informaci\u00f3n, <strong>Comp\u00e1rtelo<\/strong> en tus redes sociales.<\/p>\n","protected":false},"excerpt":{"rendered":"<p>Views: 2 . Con la publicaci\u00f3n del\u00a0Decreto en el Diario Oficial,\u00a0por el que se reforman, adicionan y derogan diversas disposiciones de la Constituci\u00f3n materia de\u00a0simplificaci\u00f3n org\u00e1nica,\u00a0desaparecen formalmente los siguientes organismos aut\u00f3nomos: Tras la desaparici\u00f3n de los referidos organismos aut\u00f3nomos, sus funciones ser\u00edan absorbidas por dependencias\u00a0de la administraci\u00f3n p\u00fablica federal. En el caso del\u00a0INAI, sus funciones [&hellip;]<\/p>\n","protected":false},"author":3,"featured_media":30717,"comment_status":"closed","ping_status":"open","sticky":false,"template":"","format":"standard","meta":{"_jetpack_memberships_contains_paid_content":false,"footnotes":""},"categories":[4],"tags":[],"jetpack_sharing_enabled":true,"jetpack_featured_media_url":"http:\/\/www.salgadonoticias.com\/wp-content\/uploads\/2024\/12\/organismos.jpg","_links":{"self":[{"href":"http:\/\/www.salgadonoticias.com\/index.php?rest_route=\/wp\/v2\/posts\/30714"}],"collection":[{"href":"http:\/\/www.salgadonoticias.com\/index.php?rest_route=\/wp\/v2\/posts"}],"about":[{"href":"http:\/\/www.salgadonoticias.com\/index.php?rest_route=\/wp\/v2\/types\/post"}],"author":[{"embeddable":true,"href":"http:\/\/www.salgadonoticias.com\/index.php?rest_route=\/wp\/v2\/users\/3"}],"replies":[{"embeddable":true,"href":"http:\/\/www.salgadonoticias.com\/index.php?rest_route=%2Fwp%2Fv2%2Fcomments&post=30714"}],"version-history":[{"count":2,"href":"http:\/\/www.salgadonoticias.com\/index.php?rest_route=\/wp\/v2\/posts\/30714\/revisions"}],"predecessor-version":[{"id":30718,"href":"http:\/\/www.salgadonoticias.com\/index.php?rest_route=\/wp\/v2\/posts\/30714\/revisions\/30718"}],"wp:featuredmedia":[{"embeddable":true,"href":"http:\/\/www.salgadonoticias.com\/index.php?rest_route=\/wp\/v2\/media\/30717"}],"wp:attachment":[{"href":"http:\/\/www.salgadonoticias.com\/index.php?rest_route=%2Fwp%2Fv2%2Fmedia&parent=30714"}],"wp:term":[{"taxonomy":"category","embeddable":true,"href":"http:\/\/www.salgadonoticias.com\/index.php?rest_route=%2Fwp%2Fv2%2Fcategories&post=30714"},{"taxonomy":"post_tag","embeddable":true,"href":"http:\/\/www.salgadonoticias.com\/index.php?rest_route=%2Fwp%2Fv2%2Ftags&post=30714"}],"curies":[{"name":"wp","href":"https:\/\/api.w.org\/{rel}","templated":true}]}}