{"id":30756,"date":"2025-01-02T01:36:00","date_gmt":"2025-01-02T07:36:00","guid":{"rendered":"https:\/\/www.salgadonoticias.com\/?p=30756"},"modified":"2025-01-02T10:54:49","modified_gmt":"2025-01-02T16:54:49","slug":"nins-y-adolescentes-victimas-silenciosas-de-la-violencia-de-genero-y-familiar","status":"publish","type":"post","link":"http:\/\/www.salgadonoticias.com\/?p=30756","title":{"rendered":"Ni\u00f1@s y ADOLECENTES, Son V\u00edctimas SILENCIOSAS en Violencia de G\u00c9NERO y Familiar\u2026!!!"},"content":{"rendered":"<p>Views: 2<\/p>\n<p>.<\/p>\n\n\n\n<p>Este <strong>ANTECEDENTE<\/strong><\/p>\n\n\n\n<p>Surge luego de que una <mark style=\"background-color:rgba(0, 0, 0, 0);color:#3b0370\" class=\"has-inline-color\"><strong>mujer<\/strong>, <\/mark><strong><mark style=\"background-color:rgba(0, 0, 0, 0)\" class=\"has-inline-color has-vivid-red-color\">en representaci\u00f3n de su hija menor<\/mark><\/strong><mark style=\"background-color:rgba(0, 0, 0, 0)\" class=\"has-inline-color has-black-color\">, <\/mark><mark style=\"background-color:rgba(0, 0, 0, 0);color:#3b0370\" class=\"has-inline-color\"><strong>inici\u00f3 un procedimiento por violencia familiar<\/strong> <\/mark><mark style=\"background-color:rgba(0, 0, 0, 0)\" class=\"has-inline-color has-black-color\">contra su expareja, alegando violencia f\u00edsica, psicol\u00f3gica y patrimonial, y<\/mark><mark style=\"background-color:rgba(0, 0, 0, 0);color:#3b0370\" class=\"has-inline-color\"> <strong>solicit\u00f3 medidas de protecci\u00f3n<\/strong>. <\/mark><\/p>\n\n\n\n<p><mark style=\"background-color:rgba(0, 0, 0, 0)\" class=\"has-inline-color has-black-color\">En primera instancia, se determin\u00f3 que<\/mark><mark style=\"background-color:rgba(0, 0, 0, 0);color:#3b0370\" class=\"has-inline-color\"> <strong>no se hab\u00eda probado la violencia familiar<\/strong> <\/mark><mark style=\"background-color:#abb8c3\" class=\"has-inline-color has-black-color\">y se orden\u00f3 que ambas partes asistieran a terapia psicol\u00f3gica y sesiones de justicia restaurativa familiar<\/mark><mark style=\"background-color:rgba(0, 0, 0, 0);color:#3b0370\" class=\"has-inline-color\">. <\/mark><\/p>\n\n\n\n<p><mark style=\"background-color:rgba(0, 0, 0, 0);color:#3b0370\" class=\"has-inline-color\"><strong>La madre promovi\u00f3 un juicio de amparo <\/strong>directo <strong>argumentando falta de perspectiva de g\u00e9nero<\/strong><\/mark><strong> <\/strong>en la sentencia, pero el amparo fue negado, por lo que interpuso un recurso de revisi\u00f3n.<\/p>\n\n\n\n<p><strong>.<\/strong><\/p>\n\n\n\n<p>La <strong><mark style=\"background-color:rgba(0, 0, 0, 0);color:#2008a1\" class=\"has-inline-color\">Suprema Corte de Justicia<\/mark> <\/strong>a trav\u00e9s de la Primera Sala<strong> <mark style=\"background-color:rgba(0, 0, 0, 0);color:#9f0707\" class=\"has-inline-color\">DETERMIN\u00d3<\/mark> <\/strong>que los <em><u>ni\u00f1os, ni\u00f1as y adolescentes<\/u> <\/em><strong><mark style=\"background-color:#ea8fdc\" class=\"has-inline-color\">pueden ser v\u00edctimas de violencia de g\u00e9nero o familiar INCLUSO si esta no se ejerce directamente contra ellos.<\/mark><\/strong><\/p>\n\n\n\n<p><strong>.<\/strong><\/p>\n\n\n\n<p>La justificaci\u00f3n de la <strong><mark style=\"background-color:rgba(0, 0, 0, 0);color:#1e0aa5\" class=\"has-inline-color\">SCJN<\/mark> <\/strong>es que las <mark style=\"background-color:rgba(0, 0, 0, 0);color:#aa0b4c\" class=\"has-inline-color\"><strong>acciones<\/strong> <\/mark><mark style=\"background-color:rgba(0, 0, 0, 0)\" class=\"has-inline-color has-black-color\">de las <em><u>personas adultas que conviven en un mismo n\u00facleo familiar<\/u><\/em><\/mark><mark style=\"background-color:rgba(0, 0, 0, 0);color:#aa0b4c\" class=\"has-inline-color\"> <strong>tienen<\/strong><\/mark><mark style=\"background-color:rgba(0, 0, 0, 0)\" class=\"has-inline-color has-black-color\"> una<\/mark><mark style=\"background-color:rgba(0, 0, 0, 0);color:#aa0b4c\" class=\"has-inline-color\"> <strong>influencia<\/strong> <\/mark><mark style=\"background-color:rgba(0, 0, 0, 0)\" class=\"has-inline-color has-black-color\">primordial en el<\/mark><mark style=\"background-color:rgba(0, 0, 0, 0);color:#aa0b4c\" class=\"has-inline-color\"> <strong>crecimiento de los infantes<\/strong>, <\/mark><mark style=\"background-color:rgba(0, 0, 0, 0)\" class=\"has-inline-color has-black-color\">de ah\u00ed que, cuando se<\/mark><mark style=\"background-color:rgba(0, 0, 0, 0);color:#aa0b4c\" class=\"has-inline-color\"> <strong>ejerce violencia de g\u00e9nero en el hogar<\/strong>, <\/mark><mark style=\"background-color:rgba(0, 0, 0, 0)\" class=\"has-inline-color has-black-color\">los <em><u>menores de edad<\/u><\/em><\/mark><mark style=\"background-color:rgba(0, 0, 0, 0);color:#aa0b4c\" class=\"has-inline-color\"> <strong>sufren afectaciones en su visi\u00f3n sobre el g\u00e9nero<\/strong>, <\/mark><mark style=\"background-color:rgba(0, 0, 0, 0)\" class=\"has-inline-color has-black-color\">por tanto, demuestran y<\/mark><mark style=\"background-color:rgba(0, 0, 0, 0);color:#aa0b4c\" class=\"has-inline-color\"> <strong>normalizan la violencia<\/strong> <\/mark><mark style=\"background-color:rgba(0, 0, 0, 0)\" class=\"has-inline-color has-black-color\">y una<strong> <\/strong><\/mark><strong><mark style=\"background-color:rgba(0, 0, 0, 0);color:#99077f\" class=\"has-inline-color\">indefensi\u00f3n aprendida<\/mark><\/strong><mark style=\"background-color:rgba(0, 0, 0, 0)\" class=\"has-inline-color has-black-color\">; lo cual<\/mark><mark style=\"background-color:rgba(0, 0, 0, 0);color:#aa0b4c\" class=\"has-inline-color\"><strong> afecta su desarrollo<\/strong> <\/mark><mark style=\"background-color:rgba(0, 0, 0, 0)\" class=\"has-inline-color has-black-color\">y es un elemento que<\/mark><mark style=\"background-color:rgba(0, 0, 0, 0);color:#aa0b4c\" class=\"has-inline-color\"> <strong>perpetua la violencia de g\u00e9nero<\/strong><\/mark> como fen\u00f3meno social.<\/p>\n\n\n\n<p>.<\/p>\n\n\n\n<p>Esta <strong><mark style=\"background-color:#96f4d2\" class=\"has-inline-color\">RESOLUCI\u00d3N<\/mark><\/strong> es de <strong>aplicaci\u00f3n <mark style=\"background-color:rgba(0, 0, 0, 0);color:#ae0808\" class=\"has-inline-color\">OBLIGATORIA<\/mark> <\/strong>en todo el pa\u00eds.<\/p>\n\n\n\n<p><strong><mark style=\"background-color:rgba(0, 0, 0, 0);color:#03a368\" class=\"has-inline-color\">Jurisprudencia CIVIL-CONSTITUCIONAL<\/mark><\/strong><\/p>\n\n\n\n<p>.<\/p>\n\n\n\n<p>.<\/p>\n\n\n\n<p class=\"wp-embed-aspect-16-9 wp-has-aspect-ratio\">Si estas en el <strong><mark style=\"background-color:rgba(0, 0, 0, 0)\" class=\"has-inline-color has-vivid-red-color\">Extranjero <\/mark><\/strong>nosotros somos tu <strong><mark style=\"background-color:rgba(0, 0, 0, 0)\" class=\"has-inline-color has-vivid-green-cyan-color\">mejor<\/mark><\/strong> alternativa para <strong><mark style=\"background-color:rgba(0, 0, 0, 0)\" class=\"has-inline-color has-luminous-vivid-orange-color\">velar<\/mark><\/strong> por tus <strong><mark style=\"background-color:rgba(0, 0, 0, 0)\" class=\"has-inline-color has-vivid-cyan-blue-color\">intereses<\/mark><\/strong>, escr\u00edbenos o ll\u00e1manos al Tel <strong>55581-11311<\/strong>.<\/p>\n\n\n\n<p>.<\/p>\n\n\n\n<p>Cuando<strong> necesites<\/strong> ayuda, <strong>asistencia<\/strong> o <strong>planeaci\u00f3n<\/strong> legal, <strong>solicita<\/strong> <strong>Cita Privada<\/strong> <a rel=\"noreferrer noopener\" href=\"mailto:bi@sm99.mx\" target=\"_blank\"><strong>Aqu\u00ed<\/strong><\/a><\/p>\n\n\n\n<p>La informaci\u00f3n que AQU\u00cd te presentamos <strong>deriva<\/strong> de los <strong>Peri\u00f3dicos Oficiales <\/strong>de la<strong> CdMx<\/strong>, <strong>Estado<\/strong> de Mex., Diario <strong>Oficial<\/strong> de la Federaci\u00f3n, Suprema Corte de<strong> Justicia<\/strong> de la Naci\u00f3n, por lo tanto es de <strong>aplicaci\u00f3n OBLIGATORIA<\/strong><\/p>\n\n\n\n<p>La <strong>informaci\u00f3n<\/strong> de hoy procede de la Suprema Corte de Justicia<\/p>\n\n\n\n<p><strong><mark style=\"background-color:rgba(0, 0, 0, 0)\" class=\"has-inline-color has-luminous-vivid-orange-color\">AY\u00daDANOS<\/mark><\/strong> para que m\u00e1s personas conozcan esta informaci\u00f3n, <strong>Comp\u00e1rtelo<\/strong> en tus redes sociales.<\/p>\n","protected":false},"excerpt":{"rendered":"<p>Views: 2 . Este ANTECEDENTE Surge luego de que una mujer, en representaci\u00f3n de su hija menor, inici\u00f3 un procedimiento por violencia familiar contra su expareja, alegando violencia f\u00edsica, psicol\u00f3gica y patrimonial, y solicit\u00f3 medidas de protecci\u00f3n. En primera instancia, se determin\u00f3 que no se hab\u00eda probado la violencia familiar y se orden\u00f3 que ambas [&hellip;]<\/p>\n","protected":false},"author":3,"featured_media":30759,"comment_status":"closed","ping_status":"open","sticky":false,"template":"","format":"standard","meta":{"_jetpack_memberships_contains_paid_content":false,"footnotes":""},"categories":[4],"tags":[],"jetpack_sharing_enabled":true,"jetpack_featured_media_url":"http:\/\/www.salgadonoticias.com\/wp-content\/uploads\/2025\/01\/GENERO.jpg","_links":{"self":[{"href":"http:\/\/www.salgadonoticias.com\/index.php?rest_route=\/wp\/v2\/posts\/30756"}],"collection":[{"href":"http:\/\/www.salgadonoticias.com\/index.php?rest_route=\/wp\/v2\/posts"}],"about":[{"href":"http:\/\/www.salgadonoticias.com\/index.php?rest_route=\/wp\/v2\/types\/post"}],"author":[{"embeddable":true,"href":"http:\/\/www.salgadonoticias.com\/index.php?rest_route=\/wp\/v2\/users\/3"}],"replies":[{"embeddable":true,"href":"http:\/\/www.salgadonoticias.com\/index.php?rest_route=%2Fwp%2Fv2%2Fcomments&post=30756"}],"version-history":[{"count":4,"href":"http:\/\/www.salgadonoticias.com\/index.php?rest_route=\/wp\/v2\/posts\/30756\/revisions"}],"predecessor-version":[{"id":30790,"href":"http:\/\/www.salgadonoticias.com\/index.php?rest_route=\/wp\/v2\/posts\/30756\/revisions\/30790"}],"wp:featuredmedia":[{"embeddable":true,"href":"http:\/\/www.salgadonoticias.com\/index.php?rest_route=\/wp\/v2\/media\/30759"}],"wp:attachment":[{"href":"http:\/\/www.salgadonoticias.com\/index.php?rest_route=%2Fwp%2Fv2%2Fmedia&parent=30756"}],"wp:term":[{"taxonomy":"category","embeddable":true,"href":"http:\/\/www.salgadonoticias.com\/index.php?rest_route=%2Fwp%2Fv2%2Fcategories&post=30756"},{"taxonomy":"post_tag","embeddable":true,"href":"http:\/\/www.salgadonoticias.com\/index.php?rest_route=%2Fwp%2Fv2%2Ftags&post=30756"}],"curies":[{"name":"wp","href":"https:\/\/api.w.org\/{rel}","templated":true}]}}