{"id":30768,"date":"2025-01-06T00:30:00","date_gmt":"2025-01-06T06:30:00","guid":{"rendered":"https:\/\/www.salgadonoticias.com\/?p=30768"},"modified":"2025-01-06T17:50:58","modified_gmt":"2025-01-06T23:50:58","slug":"30768","status":"publish","type":"post","link":"http:\/\/www.salgadonoticias.com\/?p=30768","title":{"rendered":"Se INCREMENTAN casi en 5% las Multas en Juicios Mercantiles&#8230;!!!"},"content":{"rendered":"<p>Views: 10<\/p>\n<p>.<\/p>\n\n\n\n<figure class=\"wp-block-embed is-type-video is-provider-youtube wp-block-embed-youtube wp-embed-aspect-16-9 wp-has-aspect-ratio\"><div class=\"wp-block-embed__wrapper\">\n<iframe loading=\"lazy\" title=\"Empezando el a\u00f1o bien informado\" width=\"640\" height=\"360\" src=\"https:\/\/www.youtube.com\/embed\/KitvkiSI-IA?feature=oembed\" frameborder=\"0\" allow=\"accelerometer; autoplay; clipboard-write; encrypted-media; gyroscope; picture-in-picture; web-share\" referrerpolicy=\"strict-origin-when-cross-origin\" allowfullscreen><\/iframe>\n<\/div><\/figure>\n\n\n\n<p>.<\/p>\n\n\n\n<p>Con las <mark style=\"background-color:#eebac7\" class=\"has-inline-color\"><em>modificaciones<\/em> al <em>C\u00f3digo de Comercio<\/em><\/mark> se actualizan los montos de las <mark style=\"background-color:rgba(0, 0, 0, 0);color:#8a0202\" class=\"has-inline-color\"><strong>MULTAS<\/strong><\/mark> y <mark style=\"background-color:rgba(0, 0, 0, 0);color:#055787\" class=\"has-inline-color\"><strong>CANTIDADES m\u00ednimas<\/strong><\/mark> con referencia a los<mark style=\"background-color:#9ff45e\" class=\"has-inline-color has-black-color\"> <strong>juicios Mercantiles<\/strong><\/mark>.<\/p>\n\n\n<div class=\"wp-block-image\">\n<figure class=\"aligncenter size-full\"><a href=\"https:\/\/www.salgadonoticias.com\/wp-content\/uploads\/2024\/12\/image-3.png\"><img loading=\"lazy\" decoding=\"async\" width=\"590\" height=\"261\" src=\"https:\/\/www.salgadonoticias.com\/wp-content\/uploads\/2024\/12\/image-3.png\" alt=\"\" class=\"wp-image-30771\" srcset=\"http:\/\/www.salgadonoticias.com\/wp-content\/uploads\/2024\/12\/image-3.png 590w, http:\/\/www.salgadonoticias.com\/wp-content\/uploads\/2024\/12\/image-3-300x133.png 300w\" sizes=\"(max-width: 590px) 100vw, 590px\" \/><\/a><\/figure><\/div>\n\n\n<p>.<\/p>\n\n\n\n<p><mark style=\"background-color:#f0b512\" class=\"has-inline-color\">Estos montos estar\u00e1n <strong>VIGENTES <\/strong>a partir del <strong>1<\/strong> de <strong>enero <\/strong>de <strong>2025.<\/strong><\/mark><\/p>\n\n\n\n<p>.<\/p>\n\n\n\n<p>Da click aqu\u00ed para ver listado completo&#8230;<\/p>\n\n\n\n<p><a href=\"https:\/\/www.dof.gob.mx\/nota_detalle.php?codigo=5746335&amp;fecha=30\/12\/2024#gsc.tab=0\">https:\/\/www.dof.gob.mx\/nota_detalle.php?codigo=5746335&amp;fecha=30\/12\/2024#gsc.tab=0<\/a><\/p>\n\n\n\n<p>.<\/p>\n\n\n\n<p>.<\/p>\n\n\n\n<p class=\"wp-embed-aspect-16-9 wp-has-aspect-ratio\">Si estas en el <strong><mark style=\"background-color:rgba(0, 0, 0, 0)\" class=\"has-inline-color has-vivid-red-color\">Extranjero <\/mark><\/strong>nosotros somos tu <strong><mark style=\"background-color:rgba(0, 0, 0, 0)\" class=\"has-inline-color has-vivid-green-cyan-color\">mejor<\/mark><\/strong> alternativa para <strong><mark style=\"background-color:rgba(0, 0, 0, 0)\" class=\"has-inline-color has-luminous-vivid-orange-color\">velar<\/mark><\/strong> por tus <strong><mark style=\"background-color:rgba(0, 0, 0, 0)\" class=\"has-inline-color has-vivid-cyan-blue-color\">intereses<\/mark><\/strong>, escr\u00edbenos o ll\u00e1manos al Tel <strong>55581-11311<\/strong>.<\/p>\n\n\n\n<p>.<\/p>\n\n\n\n<p>Cuando<strong> necesites<\/strong> ayuda, <strong>asistencia<\/strong> o <strong>planeaci\u00f3n<\/strong> legal, <strong>solicita<\/strong> <strong>Cita Privada<\/strong> <a rel=\"noreferrer noopener\" href=\"mailto:bi@sm99.mx\" target=\"_blank\"><strong>Aqu\u00ed<\/strong><\/a><\/p>\n\n\n\n<p>La informaci\u00f3n que AQU\u00cd te presentamos <strong>deriva<\/strong> de los <strong>Peri\u00f3dicos Oficiales <\/strong>de la<strong> CdMx<\/strong>, <strong>Estado<\/strong> de Mex., Diario <strong>Oficial<\/strong> de la Federaci\u00f3n, Suprema Corte de<strong> Justicia<\/strong> de la Naci\u00f3n, por lo tanto es de <strong>aplicaci\u00f3n OBLIGATORIA<\/strong><\/p>\n\n\n\n<p>La <strong>informaci\u00f3n<\/strong> de hoy procede del Diario Oficial<\/p>\n\n\n\n<p><strong><mark style=\"background-color:rgba(0, 0, 0, 0)\" class=\"has-inline-color has-luminous-vivid-orange-color\">AY\u00daDANOS<\/mark><\/strong> para que m\u00e1s personas conozcan esta informaci\u00f3n, <strong>Comp\u00e1rtelo<\/strong> en tus redes sociales.<\/p>\n","protected":false},"excerpt":{"rendered":"<p>Views: 10 . . Con las modificaciones al C\u00f3digo de Comercio se actualizan los montos de las MULTAS y CANTIDADES m\u00ednimas con referencia a los juicios Mercantiles. . Estos montos estar\u00e1n VIGENTES a partir del 1 de enero de 2025. . Da click aqu\u00ed para ver listado completo&#8230; https:\/\/www.dof.gob.mx\/nota_detalle.php?codigo=5746335&amp;fecha=30\/12\/2024#gsc.tab=0 . . Si estas en el [&hellip;]<\/p>\n","protected":false},"author":3,"featured_media":30772,"comment_status":"closed","ping_status":"open","sticky":false,"template":"","format":"standard","meta":{"_jetpack_memberships_contains_paid_content":false,"footnotes":""},"categories":[4],"tags":[],"jetpack_sharing_enabled":true,"jetpack_featured_media_url":"http:\/\/www.salgadonoticias.com\/wp-content\/uploads\/2025\/01\/MULTAS.jpg","_links":{"self":[{"href":"http:\/\/www.salgadonoticias.com\/index.php?rest_route=\/wp\/v2\/posts\/30768"}],"collection":[{"href":"http:\/\/www.salgadonoticias.com\/index.php?rest_route=\/wp\/v2\/posts"}],"about":[{"href":"http:\/\/www.salgadonoticias.com\/index.php?rest_route=\/wp\/v2\/types\/post"}],"author":[{"embeddable":true,"href":"http:\/\/www.salgadonoticias.com\/index.php?rest_route=\/wp\/v2\/users\/3"}],"replies":[{"embeddable":true,"href":"http:\/\/www.salgadonoticias.com\/index.php?rest_route=%2Fwp%2Fv2%2Fcomments&post=30768"}],"version-history":[{"count":6,"href":"http:\/\/www.salgadonoticias.com\/index.php?rest_route=\/wp\/v2\/posts\/30768\/revisions"}],"predecessor-version":[{"id":30841,"href":"http:\/\/www.salgadonoticias.com\/index.php?rest_route=\/wp\/v2\/posts\/30768\/revisions\/30841"}],"wp:featuredmedia":[{"embeddable":true,"href":"http:\/\/www.salgadonoticias.com\/index.php?rest_route=\/wp\/v2\/media\/30772"}],"wp:attachment":[{"href":"http:\/\/www.salgadonoticias.com\/index.php?rest_route=%2Fwp%2Fv2%2Fmedia&parent=30768"}],"wp:term":[{"taxonomy":"category","embeddable":true,"href":"http:\/\/www.salgadonoticias.com\/index.php?rest_route=%2Fwp%2Fv2%2Fcategories&post=30768"},{"taxonomy":"post_tag","embeddable":true,"href":"http:\/\/www.salgadonoticias.com\/index.php?rest_route=%2Fwp%2Fv2%2Ftags&post=30768"}],"curies":[{"name":"wp","href":"https:\/\/api.w.org\/{rel}","templated":true}]}}