{"id":30792,"date":"2025-01-03T00:35:00","date_gmt":"2025-01-03T06:35:00","guid":{"rendered":"https:\/\/www.salgadonoticias.com\/?p=30792"},"modified":"2025-01-03T10:35:33","modified_gmt":"2025-01-03T16:35:33","slug":"30792","status":"publish","type":"post","link":"http:\/\/www.salgadonoticias.com\/?p=30792","title":{"rendered":"M\u00c1S Facultades a la Secretar\u00eda de SEGURIDAD de Protecci\u00f3n Ciudadana \u2026!!!"},"content":{"rendered":"<p>Views: 7<\/p>\n<p>.<\/p>\n\n\n\n<p>A partir de esta semana, la\u00a0<mark style=\"background-color:#9accf8\" class=\"has-inline-color\"><strong>Secretar\u00eda de Seguridad y Protecci\u00f3n Ciudadana (SSPC)<\/strong><\/mark> cuenta con<mark style=\"background-color:rgba(0, 0, 0, 0);color:#ab065a\" class=\"has-inline-color\"> <strong>nuevas facultades<\/strong> <\/mark><mark style=\"background-color:rgba(0, 0, 0, 0)\" class=\"has-inline-color has-black-color\">para<\/mark><mark style=\"background-color:rgba(0, 0, 0, 0);color:#ab065a\" class=\"has-inline-color\"> <strong>fortalecer<\/strong><\/mark><mark style=\"background-color:rgba(0, 0, 0, 0)\" class=\"has-inline-color has-black-color\"> sus <\/mark><mark style=\"background-color:rgba(0, 0, 0, 0);color:#ab065a\" class=\"has-inline-color\"><strong>operaciones<\/strong><\/mark><mark style=\"background-color:rgba(0, 0, 0, 0)\" class=\"has-inline-color has-black-color\"> en materia de<\/mark><mark style=\"background-color:rgba(0, 0, 0, 0);color:#ab065a\" class=\"has-inline-color\"> <\/mark><strong><mark style=\"background-color:#ff6900;color:#ab065a\" class=\"has-inline-color\">seguridad p\u00fablica<\/mark><\/strong><mark style=\"background-color:rgba(0, 0, 0, 0);color:#ab065a\" class=\"has-inline-color\">, <\/mark><mark style=\"background-color:rgba(0, 0, 0, 0)\" class=\"has-inline-color has-black-color\">esto conforme a la <strong>entrada en vigor de la reforma <\/strong>del\u00a0<\/mark><mark style=\"background-color:rgba(0, 0, 0, 0);color:#ab065a\" class=\"has-inline-color\"><strong>art\u00edculo 21 de la Constituci\u00f3n.<\/strong><\/mark><\/p>\n\n\n\n<p>.<\/p>\n\n\n\n<p><strong><em>La reforma otorga a la SSPC la capacidad de<\/em>:<\/strong><\/p>\n\n\n\n<p>\u2022<strong> <\/strong><mark style=\"background-color:#f36d8e\" class=\"has-inline-color\"><strong>Formular, coordinar y dirigir<\/strong> la<strong>&nbsp;Estrategia Nacional de Seguridad P\u00fablica.<\/strong><\/mark><\/p>\n\n\n\n<p>\u2022 <mark style=\"background-color:#2bf9ae\" class=\"has-inline-color has-black-color\"><strong>Coordinar<\/strong> el&nbsp;<strong>Sistema Nacional de Inteligencia&nbsp;<\/strong>en el \u00e1mbito de seguridad p\u00fablica.<\/mark><\/p>\n\n\n\n<p>\u2022 <mark style=\"background-color:#fda160\" class=\"has-inline-color\"><strong>Solicitar<\/strong> <strong>informaci\u00f3n<\/strong> a instituciones y dependencias del Estado para <strong>esclarecer delitos<\/strong><\/mark>.<\/p>\n\n\n\n<p>\u2022<mark style=\"background-color:#95cef0\" class=\"has-inline-color\"> <strong>Colaborar<\/strong> con los tres \u00f3rdenes de gobierno en <strong>acciones de seguridad p\u00fablica<\/strong>.<\/mark><\/p>\n\n\n\n<p>Tambi\u00e9n, se<strong> <\/strong><mark style=\"background-color:rgba(0, 0, 0, 0);color:#b80505\" class=\"has-inline-color\"><strong>establece <\/strong><\/mark><mark style=\"background-color:rgba(0, 0, 0, 0)\" class=\"has-inline-color has-black-color\">que los <\/mark><mark style=\"background-color:rgba(0, 0, 0, 0);color:#b80505\" class=\"has-inline-color\"><strong>fondos federales<\/strong> <\/mark><mark style=\"background-color:rgba(0, 0, 0, 0)\" class=\"has-inline-color has-black-color\">destinados a la seguridad p\u00fablica deber\u00e1n ser administrados por las entidades y municipios exclusivamente para estos fines<strong>,<\/strong><\/mark><mark style=\"background-color:rgba(0, 0, 0, 0);color:#b80505\" class=\"has-inline-color\"><strong> bajo la vigilancia<\/strong> del&nbsp;<strong>Secretariado Ejecutivo del Sistema Nacional de Seguridad P\u00fablica (SESNSP).<\/strong><\/mark><\/p>\n\n\n\n<p>Con todo lo anterior se busca <mark style=\"background-color:rgba(0, 0, 0, 0);color:#9b0761\" class=\"has-inline-color\"><strong>optimizar el uso de recursos y fortalecer la coordinaci\u00f3n interinstitucional <\/strong>para <strong>combatir el delito de manera m\u00e1s eficiente<\/strong>. <\/mark>El <mark style=\"background-color:#f7cb52\" class=\"has-inline-color\"><strong>SESNSP<\/strong> <strong>podr\u00e1 emitir lineamientos y acuerdos para homologar est\u00e1ndares <\/strong>en los tres niveles de gobierno, aline\u00e1ndose con los objetivos de la&nbsp;<strong>Estrategia Nacional de Seguridad P\u00fablica.<\/strong><\/mark><\/p>\n\n\n\n<p>.<\/p>\n\n\n\n<p>Da click aqu\u00ed ?para ver decreto completo&#8230;<\/p>\n\n\n\n<p><a href=\"https:\/\/www.dof.gob.mx\/nota_detalle.php?codigo=5746526&amp;fecha=31\/12\/2024#gsc.tab=0\">https:\/\/www.dof.gob.mx\/nota_detalle.php?codigo=5746526&amp;fecha=31\/12\/2024#gsc.tab=0<\/a><\/p>\n\n\n\n<p>.<\/p>\n\n\n\n<p class=\"wp-embed-aspect-16-9 wp-has-aspect-ratio\">Si estas en el <strong><mark style=\"background-color:rgba(0, 0, 0, 0)\" class=\"has-inline-color has-vivid-red-color\">Extranjero <\/mark><\/strong>nosotros somos tu <strong><mark style=\"background-color:rgba(0, 0, 0, 0)\" class=\"has-inline-color has-vivid-green-cyan-color\">mejor<\/mark><\/strong> alternativa para <strong><mark style=\"background-color:rgba(0, 0, 0, 0)\" class=\"has-inline-color has-luminous-vivid-orange-color\">velar<\/mark><\/strong> por tus <strong><mark style=\"background-color:rgba(0, 0, 0, 0)\" class=\"has-inline-color has-vivid-cyan-blue-color\">intereses<\/mark><\/strong>, escr\u00edbenos o ll\u00e1manos al Tel <strong>55581-11311<\/strong>.<\/p>\n\n\n\n<p>.<\/p>\n\n\n\n<p>Cuando<strong> necesites<\/strong> ayuda, <strong>asistencia<\/strong> o <strong>planeaci\u00f3n<\/strong> legal, <strong>solicita<\/strong> <strong>Cita Privada<\/strong> <a rel=\"noreferrer noopener\" href=\"mailto:bi@sm99.mx\" target=\"_blank\"><strong>Aqu\u00ed<\/strong><\/a><\/p>\n\n\n\n<p>La informaci\u00f3n que AQU\u00cd te presentamos <strong>deriva<\/strong> de los <strong>Peri\u00f3dicos Oficiales <\/strong>de la<strong> CdMx<\/strong>, <strong>Estado<\/strong> de Mex., Diario <strong>Oficial<\/strong> de la Federaci\u00f3n, Suprema Corte de<strong> Justicia<\/strong> de la Naci\u00f3n, por lo tanto es de <strong>aplicaci\u00f3n OBLIGATORIA<\/strong><\/p>\n\n\n\n<p>La <strong>informaci\u00f3n<\/strong> de hoy procede del Diario Oficial<\/p>\n\n\n\n<p><strong><mark style=\"background-color:rgba(0, 0, 0, 0)\" class=\"has-inline-color has-luminous-vivid-orange-color\">AY\u00daDANOS<\/mark><\/strong> para que m\u00e1s personas conozcan esta informaci\u00f3n, <strong>Comp\u00e1rtelo<\/strong> en tus redes sociales.<\/p>\n","protected":false},"excerpt":{"rendered":"<p>Views: 7 . A partir de esta semana, la\u00a0Secretar\u00eda de Seguridad y Protecci\u00f3n Ciudadana (SSPC) cuenta con nuevas facultades para fortalecer sus operaciones en materia de seguridad p\u00fablica, esto conforme a la entrada en vigor de la reforma del\u00a0art\u00edculo 21 de la Constituci\u00f3n. . La reforma otorga a la SSPC la capacidad de: \u2022 Formular, [&hellip;]<\/p>\n","protected":false},"author":3,"featured_media":30798,"comment_status":"closed","ping_status":"open","sticky":false,"template":"","format":"standard","meta":{"_jetpack_memberships_contains_paid_content":false,"footnotes":""},"categories":[4],"tags":[],"jetpack_sharing_enabled":true,"jetpack_featured_media_url":"http:\/\/www.salgadonoticias.com\/wp-content\/uploads\/2025\/01\/SSCP.jpg","_links":{"self":[{"href":"http:\/\/www.salgadonoticias.com\/index.php?rest_route=\/wp\/v2\/posts\/30792"}],"collection":[{"href":"http:\/\/www.salgadonoticias.com\/index.php?rest_route=\/wp\/v2\/posts"}],"about":[{"href":"http:\/\/www.salgadonoticias.com\/index.php?rest_route=\/wp\/v2\/types\/post"}],"author":[{"embeddable":true,"href":"http:\/\/www.salgadonoticias.com\/index.php?rest_route=\/wp\/v2\/users\/3"}],"replies":[{"embeddable":true,"href":"http:\/\/www.salgadonoticias.com\/index.php?rest_route=%2Fwp%2Fv2%2Fcomments&post=30792"}],"version-history":[{"count":6,"href":"http:\/\/www.salgadonoticias.com\/index.php?rest_route=\/wp\/v2\/posts\/30792\/revisions"}],"predecessor-version":[{"id":30821,"href":"http:\/\/www.salgadonoticias.com\/index.php?rest_route=\/wp\/v2\/posts\/30792\/revisions\/30821"}],"wp:featuredmedia":[{"embeddable":true,"href":"http:\/\/www.salgadonoticias.com\/index.php?rest_route=\/wp\/v2\/media\/30798"}],"wp:attachment":[{"href":"http:\/\/www.salgadonoticias.com\/index.php?rest_route=%2Fwp%2Fv2%2Fmedia&parent=30792"}],"wp:term":[{"taxonomy":"category","embeddable":true,"href":"http:\/\/www.salgadonoticias.com\/index.php?rest_route=%2Fwp%2Fv2%2Fcategories&post=30792"},{"taxonomy":"post_tag","embeddable":true,"href":"http:\/\/www.salgadonoticias.com\/index.php?rest_route=%2Fwp%2Fv2%2Ftags&post=30792"}],"curies":[{"name":"wp","href":"https:\/\/api.w.org\/{rel}","templated":true}]}}