{"id":30802,"date":"2025-01-05T00:30:00","date_gmt":"2025-01-05T06:30:00","guid":{"rendered":"https:\/\/www.salgadonoticias.com\/?p=30802"},"modified":"2025-01-06T10:32:50","modified_gmt":"2025-01-06T16:32:50","slug":"6-meses-de-prorroga-a-cruceristas","status":"publish","type":"post","link":"http:\/\/www.salgadonoticias.com\/?p=30802","title":{"rendered":"Exenci\u00f3n a VISITANTE de CRUCEROS por su Estad\u00eda SIN permiso de Trabajo &#8230;!!!"},"content":{"rendered":"<p>Views: 2<\/p>\n<p>.<\/p>\n\n\n\n<p>Se<strong> <\/strong><mark style=\"background-color:rgba(0, 0, 0, 0);color:#940101\" class=\"has-inline-color\"><strong>otorga<\/strong><\/mark><mark style=\"background-color:rgba(0, 0, 0, 0)\" class=\"has-inline-color has-black-color\"> un <\/mark><mark style=\"background-color:rgba(0, 0, 0, 0);color:#940101\" class=\"has-inline-color\"><strong>est\u00edmulo fiscal a los cruceristas que llegan a M\u00e9xico<\/strong>, <\/mark><mark style=\"background-color:rgba(0, 0, 0, 0)\" class=\"has-inline-color has-black-color\">por lo que<\/mark><mark style=\"background-color:rgba(0, 0, 0, 0);color:#940101\" class=\"has-inline-color\"><strong> NO<\/strong><\/mark><mark style=\"background-color:rgba(0, 0, 0, 0)\" class=\"has-inline-color has-black-color\"> se les<\/mark><mark style=\"background-color:rgba(0, 0, 0, 0);color:#940101\" class=\"has-inline-color\"> <strong>cobrar\u00e1<\/strong> el <strong>Derecho de No Residente<\/strong> (DNR) <strong>durante los primeros 6 meses de este 2025<\/strong><\/mark>, est\u00e1 prorroga fue publicada el 31 de diciembre de 2024 en la edici\u00f3n vespertina del Diario Oficial.<\/p>\n\n\n\n<p>.<\/p>\n\n\n\n<p>Esta <strong>pr\u00f3rroga<\/strong> dice el ejecutivo, es \u201ccomo medida de apoyo al sector tur\u00edstico, resulta conveniente otorgar un est\u00edmulo fiscal a los pasajeros extranjeros que ingresen al pa\u00eds v\u00eda mar\u00edtima a bordo de cruceros, consistente en una cantidad <strong>equivalente al 100 % del derecho relativo<\/strong> a la recepci\u00f3n, estudio de la solicitud y, en su caso, la expedici\u00f3n del documento migratorio que acredita la condici\u00f3n de estancia de visitante sin permiso para realizar actividades remuneradas \u201c.<\/p>\n\n\n\n<p>En el art\u00edculo segundo transitorio del decreto se precisa que la exenci\u00f3n ser\u00e1 aplicable \u00fanicamente durante los primeros 6 meses.<\/p>\n\n\n\n<p>.<\/p>\n\n\n\n<p>Pese a este est\u00edmulo, la <strong>aplicaci\u00f3n de la tarifa<\/strong> de 860 pesos, equivalentes a <strong>42 d\u00f3lares<\/strong>, <em><u>por pasajero de cruceros que llegue a puertos mexicanos<\/u><\/em>, <strong>entr\u00f3 en vigor a partir del 1 de enero<\/strong>, junto con las dem\u00e1s reformas a la Ley Federal de Derechos que se hicieron para este a\u00f1o, por lo que una vez transcurridos los 6 meses, se deber\u00e1 aplicar.<\/p>\n\n\n\n<p>.<\/p>\n\n\n\n<p>Da click aqu\u00ed para ver decreto&#8230;<\/p>\n\n\n\n<p><a href=\"https:\/\/www.dof.gob.mx\/nota_detalle.php?codigo=5746530&amp;fecha=31\/12\/2024#gsc.tab=0\">https:\/\/www.dof.gob.mx\/nota_detalle.php?codigo=5746530&amp;fecha=31\/12\/2024#gsc.tab=0<\/a><\/p>\n\n\n\n<p>.<\/p>\n\n\n\n<p class=\"wp-embed-aspect-16-9 wp-has-aspect-ratio\">Si estas en el <strong><mark style=\"background-color:rgba(0, 0, 0, 0)\" class=\"has-inline-color has-vivid-red-color\">Extranjero <\/mark><\/strong>nosotros somos tu <strong><mark style=\"background-color:rgba(0, 0, 0, 0)\" class=\"has-inline-color has-vivid-green-cyan-color\">mejor<\/mark><\/strong> alternativa para <strong><mark style=\"background-color:rgba(0, 0, 0, 0)\" class=\"has-inline-color has-luminous-vivid-orange-color\">velar<\/mark><\/strong> por tus <strong><mark style=\"background-color:rgba(0, 0, 0, 0)\" class=\"has-inline-color has-vivid-cyan-blue-color\">intereses<\/mark><\/strong>, escr\u00edbenos o ll\u00e1manos al Tel <strong>55581-11311<\/strong>.<\/p>\n\n\n\n<p>.<\/p>\n\n\n\n<p>Cuando<strong> necesites<\/strong> ayuda, <strong>asistencia<\/strong> o <strong>planeaci\u00f3n<\/strong> legal, <strong>solicita<\/strong> <strong>Cita Privada<\/strong> <a rel=\"noreferrer noopener\" href=\"mailto:bi@sm99.mx\" target=\"_blank\"><strong>Aqu\u00ed<\/strong><\/a><\/p>\n\n\n\n<p>La informaci\u00f3n que AQU\u00cd te presentamos <strong>deriva<\/strong> de los <strong>Peri\u00f3dicos Oficiales <\/strong>de la<strong> CdMx<\/strong>, <strong>Estado<\/strong> de Mex., Diario <strong>Oficial<\/strong> de la Federaci\u00f3n, Suprema Corte de<strong> Justicia<\/strong> de la Naci\u00f3n, por lo tanto es de <strong>aplicaci\u00f3n OBLIGATORIA<\/strong><\/p>\n\n\n\n<p>La <strong>informaci\u00f3n<\/strong> de hoy procede del Diario Oficial<\/p>\n\n\n\n<p><strong><mark style=\"background-color:rgba(0, 0, 0, 0)\" class=\"has-inline-color has-luminous-vivid-orange-color\">AY\u00daDANOS<\/mark><\/strong> para que m\u00e1s personas conozcan esta informaci\u00f3n, <strong>Comp\u00e1rtelo<\/strong> en tus redes sociales.<\/p>\n","protected":false},"excerpt":{"rendered":"<p>Views: 2 . Se otorga un est\u00edmulo fiscal a los cruceristas que llegan a M\u00e9xico, por lo que NO se les cobrar\u00e1 el Derecho de No Residente (DNR) durante los primeros 6 meses de este 2025, est\u00e1 prorroga fue publicada el 31 de diciembre de 2024 en la edici\u00f3n vespertina del Diario Oficial. . Esta [&hellip;]<\/p>\n","protected":false},"author":3,"featured_media":30803,"comment_status":"closed","ping_status":"open","sticky":false,"template":"","format":"standard","meta":{"_jetpack_memberships_contains_paid_content":false,"footnotes":""},"categories":[3,4],"tags":[],"jetpack_sharing_enabled":true,"jetpack_featured_media_url":"http:\/\/www.salgadonoticias.com\/wp-content\/uploads\/2025\/01\/crucero.jpg","_links":{"self":[{"href":"http:\/\/www.salgadonoticias.com\/index.php?rest_route=\/wp\/v2\/posts\/30802"}],"collection":[{"href":"http:\/\/www.salgadonoticias.com\/index.php?rest_route=\/wp\/v2\/posts"}],"about":[{"href":"http:\/\/www.salgadonoticias.com\/index.php?rest_route=\/wp\/v2\/types\/post"}],"author":[{"embeddable":true,"href":"http:\/\/www.salgadonoticias.com\/index.php?rest_route=\/wp\/v2\/users\/3"}],"replies":[{"embeddable":true,"href":"http:\/\/www.salgadonoticias.com\/index.php?rest_route=%2Fwp%2Fv2%2Fcomments&post=30802"}],"version-history":[{"count":6,"href":"http:\/\/www.salgadonoticias.com\/index.php?rest_route=\/wp\/v2\/posts\/30802\/revisions"}],"predecessor-version":[{"id":30832,"href":"http:\/\/www.salgadonoticias.com\/index.php?rest_route=\/wp\/v2\/posts\/30802\/revisions\/30832"}],"wp:featuredmedia":[{"embeddable":true,"href":"http:\/\/www.salgadonoticias.com\/index.php?rest_route=\/wp\/v2\/media\/30803"}],"wp:attachment":[{"href":"http:\/\/www.salgadonoticias.com\/index.php?rest_route=%2Fwp%2Fv2%2Fmedia&parent=30802"}],"wp:term":[{"taxonomy":"category","embeddable":true,"href":"http:\/\/www.salgadonoticias.com\/index.php?rest_route=%2Fwp%2Fv2%2Fcategories&post=30802"},{"taxonomy":"post_tag","embeddable":true,"href":"http:\/\/www.salgadonoticias.com\/index.php?rest_route=%2Fwp%2Fv2%2Ftags&post=30802"}],"curies":[{"name":"wp","href":"https:\/\/api.w.org\/{rel}","templated":true}]}}