{"id":30811,"date":"2025-01-04T01:39:00","date_gmt":"2025-01-04T07:39:00","guid":{"rendered":"https:\/\/www.salgadonoticias.com\/?p=30811"},"modified":"2025-01-06T10:35:09","modified_gmt":"2025-01-06T16:35:09","slug":"2025-ano-conmemorativo-de-los-700-anos-de-la-fundacion-de-mexico-tenochtitlan","status":"publish","type":"post","link":"http:\/\/www.salgadonoticias.com\/?p=30811","title":{"rendered":"2025 Conmemorativo de 700 A\u00f1os de la FUNDACI\u00d3N de M\u00e9xico-Tenochtitlan&#8230;!!!"},"content":{"rendered":"<p>Views: 23<\/p>\n<p>.<\/p>\n\n\n\n<p class=\"has-text-align-justify\">El <strong>Gobierno<\/strong> de la <strong>CDMX,  <mark style=\"background-color:rgba(0, 0, 0, 0);color:#9f0909\" class=\"has-inline-color\">DETERMIN\u00d3<\/mark><\/strong><mark style=\"background-color:rgba(0, 0, 0, 0)\" class=\"has-inline-color has-vivid-red-color\"><strong> <\/strong><\/mark> que este a\u00f1o, estar\u00e1 dedicado a la Fundaci\u00f3n de M\u00e9xico-Tenochtitlan, debido a que se cumplen <strong>700<\/strong> <strong><mark style=\"background-color:rgba(0, 0, 0, 0)\" class=\"has-inline-color has-vivid-red-color\">a\u00f1os<\/mark><\/strong> de este acontecimiento; por lo tanto todas las <strong>Dependencias<\/strong> y <strong>Entidades<\/strong> de la Administraci\u00f3n P\u00fablica de la CdMx,&nbsp;<strong>DEBER\u00c1N<\/strong> inscribir en toda la <strong>Documentaci\u00f3n Oficial<\/strong> la leyenda&#8230;<\/p>\n\n\n\n<p class=\"has-text-align-center\"><strong><mark style=\"background-color:#f4b88d\" class=\"has-inline-color\">\u201c2025. 700 A\u00d1OS DE LA FUNDACI\u00d3N DE M\u00c9XICO TENOCHTITLAN&#8221;<\/mark><\/strong><\/p>\n\n\n\n<p>.<\/p>\n\n\n\n<p>Adem\u00e1s de que deber\u00e1n efectuar en la CdMx diversas actividades que permitan conmemorar y reflexionar sobre este hecho hist\u00f3rico.<\/p>\n\n\n\n<p>.<\/p>\n\n\n\n<p class=\"wp-embed-aspect-16-9 wp-has-aspect-ratio\">Si estas en el <strong><mark style=\"background-color:rgba(0, 0, 0, 0)\" class=\"has-inline-color has-vivid-red-color\">Extranjero <\/mark><\/strong>nosotros somos tu <strong><mark style=\"background-color:rgba(0, 0, 0, 0)\" class=\"has-inline-color has-vivid-green-cyan-color\">mejor<\/mark><\/strong> alternativa para <strong><mark style=\"background-color:rgba(0, 0, 0, 0)\" class=\"has-inline-color has-luminous-vivid-orange-color\">velar<\/mark><\/strong> por tus <strong><mark style=\"background-color:rgba(0, 0, 0, 0)\" class=\"has-inline-color has-vivid-cyan-blue-color\">intereses<\/mark><\/strong>, escr\u00edbenos o ll\u00e1manos al Tel <strong>55581-11311<\/strong>.<\/p>\n\n\n\n<p>.<\/p>\n\n\n\n<p>Cuando<strong> necesites<\/strong> ayuda, <strong>asistencia<\/strong> o <strong>planeaci\u00f3n<\/strong> legal, <strong>solicita<\/strong> <strong>Cita Privada<\/strong> <a rel=\"noreferrer noopener\" href=\"mailto:bi@sm99.mx\" target=\"_blank\"><strong>Aqu\u00ed<\/strong><\/a><\/p>\n\n\n\n<p>La informaci\u00f3n que AQU\u00cd te presentamos <strong>deriva<\/strong> de los <strong>Peri\u00f3dicos Oficiales <\/strong>de la<strong> CdMx<\/strong>, <strong>Estado<\/strong> de Mex., Diario <strong>Oficial<\/strong> de la Federaci\u00f3n, Suprema Corte de<strong> Justicia<\/strong> de la Naci\u00f3n, por lo tanto es de <strong>aplicaci\u00f3n OBLIGATORIA<\/strong><\/p>\n\n\n\n<p>La <strong>informaci\u00f3n<\/strong> de hoy procede de la Gaceta de la CdMx.<\/p>\n\n\n\n<p><strong><mark style=\"background-color:rgba(0, 0, 0, 0)\" class=\"has-inline-color has-luminous-vivid-orange-color\">AY\u00daDANOS<\/mark><\/strong> para que m\u00e1s personas conozcan esta informaci\u00f3n, <strong>Comp\u00e1rtelo<\/strong> en tus redes sociales<\/p>\n","protected":false},"excerpt":{"rendered":"<p>Views: 23 . El Gobierno de la CDMX, DETERMIN\u00d3 que este a\u00f1o, estar\u00e1 dedicado a la Fundaci\u00f3n de M\u00e9xico-Tenochtitlan, debido a que se cumplen 700 a\u00f1os de este acontecimiento; por lo tanto todas las Dependencias y Entidades de la Administraci\u00f3n P\u00fablica de la CdMx,&nbsp;DEBER\u00c1N inscribir en toda la Documentaci\u00f3n Oficial la leyenda&#8230; \u201c2025. 700 A\u00d1OS [&hellip;]<\/p>\n","protected":false},"author":3,"featured_media":30812,"comment_status":"closed","ping_status":"open","sticky":false,"template":"","format":"standard","meta":{"_jetpack_memberships_contains_paid_content":false,"footnotes":""},"categories":[7],"tags":[],"jetpack_sharing_enabled":true,"jetpack_featured_media_url":"http:\/\/www.salgadonoticias.com\/wp-content\/uploads\/2025\/01\/fundacion.jpg","_links":{"self":[{"href":"http:\/\/www.salgadonoticias.com\/index.php?rest_route=\/wp\/v2\/posts\/30811"}],"collection":[{"href":"http:\/\/www.salgadonoticias.com\/index.php?rest_route=\/wp\/v2\/posts"}],"about":[{"href":"http:\/\/www.salgadonoticias.com\/index.php?rest_route=\/wp\/v2\/types\/post"}],"author":[{"embeddable":true,"href":"http:\/\/www.salgadonoticias.com\/index.php?rest_route=\/wp\/v2\/users\/3"}],"replies":[{"embeddable":true,"href":"http:\/\/www.salgadonoticias.com\/index.php?rest_route=%2Fwp%2Fv2%2Fcomments&post=30811"}],"version-history":[{"count":4,"href":"http:\/\/www.salgadonoticias.com\/index.php?rest_route=\/wp\/v2\/posts\/30811\/revisions"}],"predecessor-version":[{"id":30834,"href":"http:\/\/www.salgadonoticias.com\/index.php?rest_route=\/wp\/v2\/posts\/30811\/revisions\/30834"}],"wp:featuredmedia":[{"embeddable":true,"href":"http:\/\/www.salgadonoticias.com\/index.php?rest_route=\/wp\/v2\/media\/30812"}],"wp:attachment":[{"href":"http:\/\/www.salgadonoticias.com\/index.php?rest_route=%2Fwp%2Fv2%2Fmedia&parent=30811"}],"wp:term":[{"taxonomy":"category","embeddable":true,"href":"http:\/\/www.salgadonoticias.com\/index.php?rest_route=%2Fwp%2Fv2%2Fcategories&post=30811"},{"taxonomy":"post_tag","embeddable":true,"href":"http:\/\/www.salgadonoticias.com\/index.php?rest_route=%2Fwp%2Fv2%2Ftags&post=30811"}],"curies":[{"name":"wp","href":"https:\/\/api.w.org\/{rel}","templated":true}]}}