{"id":30893,"date":"2025-01-13T01:30:00","date_gmt":"2025-01-13T07:30:00","guid":{"rendered":"https:\/\/www.salgadonoticias.com\/?p=30893"},"modified":"2025-01-11T13:29:53","modified_gmt":"2025-01-11T19:29:53","slug":"30893","status":"publish","type":"post","link":"http:\/\/www.salgadonoticias.com\/?p=30893","title":{"rendered":"MULTAS a Servidores P\u00daBLICOS por INCUMPLIMIENTO de Amparos\u2026!!!"},"content":{"rendered":"<p>Views: 15<\/p>\n<p>.<\/p>\n\n\n\n<p>Este <strong>ANTECEDENTE<\/strong><\/p>\n\n\n\n<p><mark style=\"background-color:rgba(0, 0, 0, 0);color:#9f4708\" class=\"has-inline-color\"><strong>Surge <\/strong><\/mark><mark style=\"background-color:rgba(0, 0, 0, 0)\" class=\"has-inline-color has-black-color\">despu\u00e9s de que, <em><u>Tribunales Colegiados<\/u><\/em> de Circuito <em><u>tuvieron<\/u><\/em><\/mark><mark style=\"background-color:rgba(0, 0, 0, 0);color:#9f4708\" class=\"has-inline-color\"> <strong>opiniones contradictorias<\/strong> SOBRE <strong>cu\u00e1ndo surte efectos la notificaci\u00f3n de una multa impuesta<\/strong> <\/mark><mark style=\"background-color:rgba(0, 0, 0, 0)\" class=\"has-inline-color has-black-color\">a una <em><u>persona servidora p\u00fablica<\/u><\/em><\/mark><mark style=\"background-color:rgba(0, 0, 0, 0);color:#9f4708\" class=\"has-inline-color\"> <strong>por incumplir una sentencia de amparo<\/strong>. <\/mark><\/p>\n\n\n\n<p><mark style=\"background-color:rgba(0, 0, 0, 0)\" class=\"has-inline-color has-black-color\"><em><u>Uno consider\u00f3<\/u><\/em> que la<\/mark><mark style=\"background-color:rgba(0, 0, 0, 0);color:#9f4708\" class=\"has-inline-color\"> <strong>notificaci\u00f3n surte efectos al d\u00eda siguiente de realizada<\/strong>, <\/mark><mark style=\"background-color:rgba(0, 0, 0, 0)\" class=\"has-inline-color has-black-color\"><em><u>bas\u00e1ndose en la fracci\u00f3n II del art\u00edculo 31 de la Ley de Amparo<\/u><\/em>. <\/mark><\/p>\n\n\n\n<p><mark style=\"background-color:rgba(0, 0, 0, 0)\" class=\"has-inline-color has-black-color\"><em><u>El otro opin\u00f3<\/u><\/em> que<\/mark><mark style=\"background-color:rgba(0, 0, 0, 0);color:#9f4708\" class=\"has-inline-color\"> <strong>surte efectos desde que la notificaci\u00f3n queda legalmente hecha<\/strong>, <\/mark><mark style=\"background-color:rgba(0, 0, 0, 0)\" class=\"has-inline-color has-black-color\">aplicando la fracci\u00f3n I del mismo art\u00edculo.<\/mark><\/p>\n\n\n\n<p>.<\/p>\n\n\n\n<p>La <strong><mark style=\"background-color:rgba(0, 0, 0, 0);color:#19077c\" class=\"has-inline-color\">Suprema Corte de Justicia <\/mark><\/strong>a trav\u00e9s del Pleno Regional en Materias Administrativa y Civil con sede en la CdMx, <strong><mark style=\"background-color:rgba(0, 0, 0, 0);color:#7a0606\" class=\"has-inline-color\">DETERMIN\u00d3<\/mark><\/strong> que las <mark style=\"background-color:rgba(0, 0, 0, 0);color:#037d11\" class=\"has-inline-color\"><strong>notificaciones<\/strong> <\/mark><mark style=\"background-color:rgba(0, 0, 0, 0)\" class=\"has-inline-color has-black-color\">del auto que<\/mark><mark style=\"background-color:rgba(0, 0, 0, 0);color:#037d11\" class=\"has-inline-color\"> <strong>impone una multa<\/strong> <\/mark><mark style=\"background-color:rgba(0, 0, 0, 0)\" class=\"has-inline-color has-black-color\">a <em><u>servidores p\u00fablicos<\/u><\/em> por <\/mark><mark style=\"background-color:rgba(0, 0, 0, 0);color:#037d11\" class=\"has-inline-color\"><strong>incumplir una sentencia<\/strong><\/mark><mark style=\"background-color:rgba(0, 0, 0, 0)\" class=\"has-inline-color has-black-color\"> de amparo<\/mark><mark style=\"background-color:rgba(0, 0, 0, 0);color:#037d11\" class=\"has-inline-color\"> <strong>surten efectos desde el momento en que queda legalmente hecha<\/strong>.<\/mark><\/p>\n\n\n\n<p><strong>.<\/strong><\/p>\n\n\n\n<p>La justificaci\u00f3n de la <strong><mark style=\"background-color:rgba(0, 0, 0, 0);color:#0f0360\" class=\"has-inline-color\">SCJN<\/mark> <\/strong>es que, la <em><u>Segunda Sala<\/u><\/em> ha <mark style=\"background-color:rgba(0, 0, 0, 0);color:#8c0538\" class=\"has-inline-color\"><strong>establecido<\/strong> <\/mark><mark style=\"background-color:rgba(0, 0, 0, 0)\" class=\"has-inline-color has-black-color\">que la<\/mark><mark style=\"background-color:rgba(0, 0, 0, 0);color:#8c0538\" class=\"has-inline-color\"> <strong>multa<\/strong> <em><u>impuesta al titular de la autoridad responsable en un amparo<\/u><\/em> <strong>DEBE<\/strong> <em><u>ser pagada con su propio dinero<\/u><\/em> <\/mark><mark style=\"background-color:rgba(0, 0, 0, 0)\" class=\"has-inline-color has-black-color\">y no con el presupuesto de la dependencia. Por lo tanto, esto<\/mark><mark style=\"background-color:rgba(0, 0, 0, 0);color:#8c0538\" class=\"has-inline-color\"> <strong>no justifica<\/strong> a<\/mark><mark style=\"background-color:rgba(0, 0, 0, 0)\" class=\"has-inline-color has-black-color\">plicar la fracc. II del art. 31 de la Ley de Amparo, ya que la medida de apremio se justifica en el contexto del procedimiento de ejecuci\u00f3n del amparo. La autoridad responsable debe tomar acciones personales para restituir al quejoso en sus derechos violados. Por lo que, la<\/mark><mark style=\"background-color:rgba(0, 0, 0, 0);color:#8c0538\" class=\"has-inline-color\"> <strong>sanci\u00f3n<\/strong> DEBE <strong>impactar directamente<\/strong> <\/mark><mark style=\"background-color:rgba(0, 0, 0, 0)\" class=\"has-inline-color has-black-color\">la esfera jur\u00eddica de la<\/mark><mark style=\"background-color:rgba(0, 0, 0, 0);color:#8c0538\" class=\"has-inline-color\"> <strong>persona servidora p\u00fablica para corregir su conducta<\/strong>. <\/mark><mark style=\"background-color:rgba(0, 0, 0, 0)\" class=\"has-inline-color has-black-color\">Esto es congruente con la fracc I del art\u00edculo, y con ello se busca que las <\/mark><mark style=\"background-color:rgba(0, 0, 0, 0);color:#8c0538\" class=\"has-inline-color\"><strong>decisiones judiciales tengan un efecto inmediato<\/strong> en su esfera jur\u00eddica y <strong>eviten que la persona alegue desconocimiento de la resoluci\u00f3n sancionadora<\/strong><\/mark><\/p>\n\n\n\n<p>.<\/p>\n\n\n\n<p>Esta <strong><mark style=\"background-color:#f1bb94\" class=\"has-inline-color has-black-color\">RESOLUCI\u00d3N<\/mark> <\/strong>es de <strong>aplicaci\u00f3n <mark style=\"background-color:rgba(0, 0, 0, 0);color:#9f0808\" class=\"has-inline-color\">OBLIGATORIA<\/mark><\/strong> a partir de esta semana.<\/p>\n\n\n\n<p><strong><mark style=\"background-color:rgba(0, 0, 0, 0)\" class=\"has-inline-color has-luminous-vivid-orange-color\">Jurisprudencia COM\u00daN<\/mark><\/strong><\/p>\n\n\n\n<p>.<\/p>\n\n\n\n<p class=\"wp-embed-aspect-16-9 wp-has-aspect-ratio\">Si estas en el <strong><mark style=\"background-color:rgba(0, 0, 0, 0)\" class=\"has-inline-color has-vivid-red-color\">Extranjero <\/mark><\/strong>nosotros somos tu <strong><mark style=\"background-color:rgba(0, 0, 0, 0)\" class=\"has-inline-color has-vivid-green-cyan-color\">mejor<\/mark><\/strong> alternativa para <strong><mark style=\"background-color:rgba(0, 0, 0, 0)\" class=\"has-inline-color has-luminous-vivid-orange-color\">velar<\/mark><\/strong> por tus <strong><mark style=\"background-color:rgba(0, 0, 0, 0)\" class=\"has-inline-color has-vivid-cyan-blue-color\">intereses<\/mark><\/strong>, escr\u00edbenos o ll\u00e1manos al Tel <strong>55581-11311<\/strong>.<\/p>\n\n\n\n<p>.<\/p>\n\n\n\n<p>Cuando<strong> necesites<\/strong> ayuda, <strong>asistencia<\/strong> o <strong>planeaci\u00f3n<\/strong> legal, <strong>solicita<\/strong> <strong>Cita Privada<\/strong> <a rel=\"noreferrer noopener\" href=\"mailto:bi@sm99.mx\" target=\"_blank\"><strong>Aqu\u00ed<\/strong><\/a><\/p>\n\n\n\n<p>La informaci\u00f3n que AQU\u00cd te presentamos <strong>deriva<\/strong> de los <strong>Peri\u00f3dicos Oficiales <\/strong>de la<strong> CdMx<\/strong>, <strong>Estado<\/strong> de Mex., Diario <strong>Oficial<\/strong> de la Federaci\u00f3n, Suprema Corte de<strong> Justicia<\/strong> de la Naci\u00f3n, por lo tanto es de <strong>aplicaci\u00f3n OBLIGATORIA<\/strong><\/p>\n\n\n\n<p>La <strong>informaci\u00f3n<\/strong> de hoy procede de la Suprema Corte de Justicia<\/p>\n\n\n\n<p><strong><mark style=\"background-color:rgba(0, 0, 0, 0)\" class=\"has-inline-color has-luminous-vivid-orange-color\">AY\u00daDANOS<\/mark><\/strong> para que m\u00e1s personas conozcan esta informaci\u00f3n, <strong>Comp\u00e1rtelo<\/strong> en tus redes sociales.<\/p>\n","protected":false},"excerpt":{"rendered":"<p>Views: 15 . Este ANTECEDENTE Surge despu\u00e9s de que, Tribunales Colegiados de Circuito tuvieron opiniones contradictorias SOBRE cu\u00e1ndo surte efectos la notificaci\u00f3n de una multa impuesta a una persona servidora p\u00fablica por incumplir una sentencia de amparo. Uno consider\u00f3 que la notificaci\u00f3n surte efectos al d\u00eda siguiente de realizada, bas\u00e1ndose en la fracci\u00f3n II del [&hellip;]<\/p>\n","protected":false},"author":3,"featured_media":30899,"comment_status":"closed","ping_status":"open","sticky":false,"template":"","format":"standard","meta":{"_jetpack_memberships_contains_paid_content":false,"footnotes":""},"categories":[4],"tags":[],"jetpack_sharing_enabled":true,"jetpack_featured_media_url":"http:\/\/www.salgadonoticias.com\/wp-content\/uploads\/2025\/01\/DINERO.jpg","_links":{"self":[{"href":"http:\/\/www.salgadonoticias.com\/index.php?rest_route=\/wp\/v2\/posts\/30893"}],"collection":[{"href":"http:\/\/www.salgadonoticias.com\/index.php?rest_route=\/wp\/v2\/posts"}],"about":[{"href":"http:\/\/www.salgadonoticias.com\/index.php?rest_route=\/wp\/v2\/types\/post"}],"author":[{"embeddable":true,"href":"http:\/\/www.salgadonoticias.com\/index.php?rest_route=\/wp\/v2\/users\/3"}],"replies":[{"embeddable":true,"href":"http:\/\/www.salgadonoticias.com\/index.php?rest_route=%2Fwp%2Fv2%2Fcomments&post=30893"}],"version-history":[{"count":5,"href":"http:\/\/www.salgadonoticias.com\/index.php?rest_route=\/wp\/v2\/posts\/30893\/revisions"}],"predecessor-version":[{"id":30904,"href":"http:\/\/www.salgadonoticias.com\/index.php?rest_route=\/wp\/v2\/posts\/30893\/revisions\/30904"}],"wp:featuredmedia":[{"embeddable":true,"href":"http:\/\/www.salgadonoticias.com\/index.php?rest_route=\/wp\/v2\/media\/30899"}],"wp:attachment":[{"href":"http:\/\/www.salgadonoticias.com\/index.php?rest_route=%2Fwp%2Fv2%2Fmedia&parent=30893"}],"wp:term":[{"taxonomy":"category","embeddable":true,"href":"http:\/\/www.salgadonoticias.com\/index.php?rest_route=%2Fwp%2Fv2%2Fcategories&post=30893"},{"taxonomy":"post_tag","embeddable":true,"href":"http:\/\/www.salgadonoticias.com\/index.php?rest_route=%2Fwp%2Fv2%2Ftags&post=30893"}],"curies":[{"name":"wp","href":"https:\/\/api.w.org\/{rel}","templated":true}]}}