{"id":30906,"date":"2025-01-14T00:30:00","date_gmt":"2025-01-14T06:30:00","guid":{"rendered":"https:\/\/www.salgadonoticias.com\/?p=30906"},"modified":"2025-01-14T18:34:20","modified_gmt":"2025-01-15T00:34:20","slug":"30906","status":"publish","type":"post","link":"http:\/\/www.salgadonoticias.com\/?p=30906","title":{"rendered":"CNDH\u2026Viola Derecho a la INFORMACI\u00d3N al Restringir COPIAS \u2026!!!"},"content":{"rendered":"<p>Views: 6<\/p>\n<p>.<\/p>\n\n\n\n<figure class=\"wp-block-embed is-type-video is-provider-youtube wp-block-embed-youtube wp-embed-aspect-16-9 wp-has-aspect-ratio\"><div class=\"wp-block-embed__wrapper\">\n<iframe loading=\"lazy\" title=\"CNDH...Viola  Derecho a la INFORMACI\u00d3N al Restringir COPIAD...!!!\" width=\"640\" height=\"360\" src=\"https:\/\/www.youtube.com\/embed\/vMbDzB1x83s?feature=oembed\" frameborder=\"0\" allow=\"accelerometer; autoplay; clipboard-write; encrypted-media; gyroscope; picture-in-picture; web-share\" referrerpolicy=\"strict-origin-when-cross-origin\" allowfullscreen><\/iframe>\n<\/div><\/figure>\n\n\n\n<p>.<\/p>\n\n\n\n<p>Este <strong>ANTECEDENTE<\/strong><\/p>\n\n\n\n<p><mark style=\"background-color:rgba(0, 0, 0, 0);color:#b34d03\" class=\"has-inline-color\"><strong>Surge <\/strong><\/mark><mark style=\"background-color:rgba(0, 0, 0, 0)\" class=\"has-inline-color has-black-color\">despu\u00e9s de que, una persona present\u00f3 una <\/mark><mark style=\"background-color:rgba(0, 0, 0, 0);color:#b34d03\" class=\"has-inline-color\"><strong>queja<\/strong> <\/mark><mark style=\"background-color:rgba(0, 0, 0, 0)\" class=\"has-inline-color has-black-color\">ante la<\/mark><mark style=\"background-color:rgba(0, 0, 0, 0);color:#b34d03\" class=\"has-inline-color\"> <strong>Comisi\u00f3n Nacional de los Derechos Humanos<\/strong><\/mark><mark style=\"background-color:rgba(0, 0, 0, 0)\" class=\"has-inline-color has-black-color\"> (CNDH) y<\/mark><mark style=\"background-color:rgba(0, 0, 0, 0);color:#b34d03\" class=\"has-inline-color\"> <strong>solicit\u00f3<\/strong> <strong>copia<\/strong> <\/mark><mark style=\"background-color:rgba(0, 0, 0, 0)\" class=\"has-inline-color has-black-color\">de los informes rendidos por las autoridades. <\/mark><\/p>\n\n\n\n<p><mark style=\"background-color:rgba(0, 0, 0, 0)\" class=\"has-inline-color has-black-color\">Sin embargo, dicha solicitud fue <\/mark><mark style=\"background-color:rgba(0, 0, 0, 0);color:#b34d03\" class=\"has-inline-color\"><strong>negada<\/strong> <\/mark><em><u><mark style=\"background-color:rgba(0, 0, 0, 0)\" class=\"has-inline-color has-black-color\">con base en el art. 78, segundo p\u00e1rrafo, fracci\u00f3n I, del reglamento interno de la<\/mark><\/u><\/em><mark style=\"background-color:rgba(0, 0, 0, 0);color:#b34d03\" class=\"has-inline-color\"><em><u> <strong>CNDH<\/strong><\/u><\/em>, <strong>argumentando que el expediente a\u00fan se encontraba en tr\u00e1mite.<\/strong><\/mark><\/p>\n\n\n\n<p><strong>.<\/strong><\/p>\n\n\n\n<p>La <strong><mark style=\"background-color:rgba(0, 0, 0, 0);color:#08059e\" class=\"has-inline-color\">Suprema Corte de Justicia <\/mark><\/strong>a trav\u00e9s del Tribunal Colegiado de Circuito <strong><mark style=\"background-color:rgba(0, 0, 0, 0);color:#b60808\" class=\"has-inline-color\">DETERMIN\u00d3<\/mark><\/strong> que la <mark style=\"background-color:#96f4d2\" class=\"has-inline-color\"><strong>restricci\u00f3n absoluta de copias<\/strong><\/mark><mark style=\"background-color:#ffffff\" class=\"has-inline-color\"> de <em><u>documentos en expedientes en tr\u00e1mite<\/u><\/em>, seg\u00fan el art\u00edculo mencionado, <\/mark><mark style=\"background-color:#96f4d2\" class=\"has-inline-color\"><strong>viola el derecho de acceso a la informaci\u00f3n<\/strong><\/mark><strong>.<\/strong><\/p>\n\n\n\n<p><strong>.<\/strong><\/p>\n\n\n\n<p>La justificaci\u00f3n de la <strong><mark style=\"background-color:rgba(0, 0, 0, 0);color:#110182\" class=\"has-inline-color\">SCJN<\/mark> <\/strong>es que, el art\u00edculo <mark style=\"background-color:rgba(0, 0, 0, 0);color:#a9065a\" class=\"has-inline-color\"><strong>no especifica<\/strong> <\/mark><mark style=\"background-color:rgba(0, 0, 0, 0)\" class=\"has-inline-color has-black-color\">las<\/mark><mark style=\"background-color:rgba(0, 0, 0, 0);color:#a9065a\" class=\"has-inline-color\">&nbsp;<strong>razones de inter\u00e9s p\u00fablico<\/strong>&nbsp;q<\/mark><mark style=\"background-color:rgba(0, 0, 0, 0)\" class=\"has-inline-color has-black-color\">ue justifican la&nbsp;<\/mark><mark style=\"background-color:rgba(0, 0, 0, 0);color:#a9065a\" class=\"has-inline-color\"><strong>restricci\u00f3n absoluta<\/strong><\/mark><mark style=\"background-color:rgba(0, 0, 0, 0)\" class=\"has-inline-color has-black-color\">&nbsp;de informaci\u00f3n en<\/mark><mark style=\"background-color:rgba(0, 0, 0, 0);color:#a9065a\" class=\"has-inline-color\">&nbsp;<strong>expedientes en tr\u00e1mite<\/strong>,<\/mark><mark style=\"background-color:rgba(0, 0, 0, 0)\" class=\"has-inline-color has-black-color\"> ni c\u00f3mo estas razones afectan la<\/mark><mark style=\"background-color:rgba(0, 0, 0, 0);color:#a9065a\" class=\"has-inline-color\">&nbsp;<strong>conducci\u00f3n de los asuntos<\/strong>. <\/mark><mark style=\"background-color:rgba(0, 0, 0, 0)\" class=\"has-inline-color has-black-color\">Por lo tanto, no se alinea con las<\/mark><mark style=\"background-color:rgba(0, 0, 0, 0);color:#a9065a\" class=\"has-inline-color\">&nbsp;<strong>limitaciones al acceso a la informaci\u00f3n<\/strong>&nbsp;<\/mark><mark style=\"background-color:rgba(0, 0, 0, 0)\" class=\"has-inline-color has-black-color\">establecidas en la&nbsp;<\/mark><mark style=\"background-color:rgba(0, 0, 0, 0);color:#a9065a\" class=\"has-inline-color\"><strong>Constituci\u00f3n<\/strong><\/mark><mark style=\"background-color:rgba(0, 0, 0, 0)\" class=\"has-inline-color has-black-color\">&nbsp;(art. 6) y la<\/mark><mark style=\"background-color:rgba(0, 0, 0, 0);color:#a9065a\" class=\"has-inline-color\">&nbsp;<strong>Ley General de Transparencia<\/strong> (<\/mark>art\u00edculo113, fracciones XI y XIII)<\/p>\n\n\n\n<p>.<\/p>\n\n\n\n<p>Esta<mark style=\"background-color:#d2aaf8\" class=\"has-inline-color\"> <strong>RESOLUCI\u00d3N<\/strong><\/mark><strong> <\/strong>esta <strong>disponible<\/strong> para <strong><mark style=\"background-color:rgba(0, 0, 0, 0);color:#950606\" class=\"has-inline-color\">quien la conozca y la haga valer <\/mark><\/strong>a partir de esta semana.<\/p>\n\n\n\n<p><strong><mark style=\"background-color:rgba(0, 0, 0, 0);color:#5605a2\" class=\"has-inline-color\">Tesis ADMINISTRATIVA-CONSTITUCIONAL<\/mark><\/strong><\/p>\n\n\n\n<p>.<\/p>\n\n\n\n<p class=\"wp-embed-aspect-16-9 wp-has-aspect-ratio\">Si estas en el <strong><mark style=\"background-color:rgba(0, 0, 0, 0)\" class=\"has-inline-color has-vivid-red-color\">Extranjero <\/mark><\/strong>nosotros somos tu <strong><mark style=\"background-color:rgba(0, 0, 0, 0)\" class=\"has-inline-color has-vivid-green-cyan-color\">mejor<\/mark><\/strong> alternativa para <strong><mark style=\"background-color:rgba(0, 0, 0, 0)\" class=\"has-inline-color has-luminous-vivid-orange-color\">velar<\/mark><\/strong> por tus <strong><mark style=\"background-color:rgba(0, 0, 0, 0)\" class=\"has-inline-color has-vivid-cyan-blue-color\">intereses<\/mark><\/strong>, escr\u00edbenos o ll\u00e1manos al Tel <strong>55581-11311<\/strong>.<\/p>\n\n\n\n<p>.<\/p>\n\n\n\n<p>Cuando<strong> necesites<\/strong> ayuda, <strong>asistencia<\/strong> o <strong>planeaci\u00f3n<\/strong> legal, <strong>solicita<\/strong> <strong>Cita Privada<\/strong> <a rel=\"noreferrer noopener\" href=\"mailto:bi@sm99.mx\" target=\"_blank\"><strong>Aqu\u00ed<\/strong><\/a><\/p>\n\n\n\n<p>La informaci\u00f3n que AQU\u00cd te presentamos <strong>deriva<\/strong> de los <strong>Peri\u00f3dicos Oficiales <\/strong>de la<strong> CdMx<\/strong>, <strong>Estado<\/strong> de Mex., Diario <strong>Oficial<\/strong> de la Federaci\u00f3n, Suprema Corte de<strong> Justicia<\/strong> de la Naci\u00f3n, por lo tanto es de <strong>aplicaci\u00f3n OBLIGATORIA<\/strong><\/p>\n\n\n\n<p>La <strong>informaci\u00f3n<\/strong> de hoy procede de la Suprema Corte de Justicia<\/p>\n\n\n\n<p><strong><mark style=\"background-color:rgba(0, 0, 0, 0)\" class=\"has-inline-color has-luminous-vivid-orange-color\">AY\u00daDANOS<\/mark><\/strong> para que m\u00e1s personas conozcan esta informaci\u00f3n, <strong>Comp\u00e1rtelo<\/strong> en tus redes sociales.<\/p>\n","protected":false},"excerpt":{"rendered":"<p>Views: 6 . . Este ANTECEDENTE Surge despu\u00e9s de que, una persona present\u00f3 una queja ante la Comisi\u00f3n Nacional de los Derechos Humanos (CNDH) y solicit\u00f3 copia de los informes rendidos por las autoridades. Sin embargo, dicha solicitud fue negada con base en el art. 78, segundo p\u00e1rrafo, fracci\u00f3n I, del reglamento interno de la [&hellip;]<\/p>\n","protected":false},"author":3,"featured_media":30912,"comment_status":"closed","ping_status":"open","sticky":false,"template":"","format":"standard","meta":{"_jetpack_memberships_contains_paid_content":false,"footnotes":""},"categories":[4],"tags":[],"jetpack_sharing_enabled":true,"jetpack_featured_media_url":"http:\/\/www.salgadonoticias.com\/wp-content\/uploads\/2025\/01\/CNDH.jpg","_links":{"self":[{"href":"http:\/\/www.salgadonoticias.com\/index.php?rest_route=\/wp\/v2\/posts\/30906"}],"collection":[{"href":"http:\/\/www.salgadonoticias.com\/index.php?rest_route=\/wp\/v2\/posts"}],"about":[{"href":"http:\/\/www.salgadonoticias.com\/index.php?rest_route=\/wp\/v2\/types\/post"}],"author":[{"embeddable":true,"href":"http:\/\/www.salgadonoticias.com\/index.php?rest_route=\/wp\/v2\/users\/3"}],"replies":[{"embeddable":true,"href":"http:\/\/www.salgadonoticias.com\/index.php?rest_route=%2Fwp%2Fv2%2Fcomments&post=30906"}],"version-history":[{"count":6,"href":"http:\/\/www.salgadonoticias.com\/index.php?rest_route=\/wp\/v2\/posts\/30906\/revisions"}],"predecessor-version":[{"id":30927,"href":"http:\/\/www.salgadonoticias.com\/index.php?rest_route=\/wp\/v2\/posts\/30906\/revisions\/30927"}],"wp:featuredmedia":[{"embeddable":true,"href":"http:\/\/www.salgadonoticias.com\/index.php?rest_route=\/wp\/v2\/media\/30912"}],"wp:attachment":[{"href":"http:\/\/www.salgadonoticias.com\/index.php?rest_route=%2Fwp%2Fv2%2Fmedia&parent=30906"}],"wp:term":[{"taxonomy":"category","embeddable":true,"href":"http:\/\/www.salgadonoticias.com\/index.php?rest_route=%2Fwp%2Fv2%2Fcategories&post=30906"},{"taxonomy":"post_tag","embeddable":true,"href":"http:\/\/www.salgadonoticias.com\/index.php?rest_route=%2Fwp%2Fv2%2Ftags&post=30906"}],"curies":[{"name":"wp","href":"https:\/\/api.w.org\/{rel}","templated":true}]}}