{"id":31185,"date":"2025-02-12T01:00:00","date_gmt":"2025-02-12T07:00:00","guid":{"rendered":"https:\/\/www.salgadonoticias.com\/?p=31185"},"modified":"2025-02-12T10:57:41","modified_gmt":"2025-02-12T16:57:41","slug":"31185","status":"publish","type":"post","link":"http:\/\/www.salgadonoticias.com\/?p=31185","title":{"rendered":"INAPLICABLE Cl\u00e1usula de SUMISI\u00d3N si No HAY JUZGADO en el Lugar en Juicio Mercantil  \u2026!!!"},"content":{"rendered":"<p>Views: 1<\/p>\n<p>.<\/p>\n\n\n\n<p>Este <strong>ANTEDECENTE<\/strong>:<\/p>\n\n\n\n<p><mark style=\"background-color:rgba(0, 0, 0, 0);color:#1702aa\" class=\"has-inline-color\"><strong>Surge<\/strong><\/mark><mark style=\"background-color:rgba(0, 0, 0, 0)\" class=\"has-inline-color has-black-color\"><strong> <\/strong>despu\u00e9s de que, el<\/mark><mark style=\"background-color:rgba(0, 0, 0, 0);color:#1702aa\" class=\"has-inline-color\"> <strong>Juez<\/strong> <em><u>de Distrito en Materia Mercantil Federal en Baja California<\/u><\/em>, c<\/mark><mark style=\"background-color:rgba(0, 0, 0, 0)\" class=\"has-inline-color has-black-color\">on sede en Mexicali, se <\/mark><mark style=\"background-color:rgba(0, 0, 0, 0);color:#1702aa\" class=\"has-inline-color\"><strong>declar\u00f3 incompetente<\/strong> <\/mark><mark style=\"background-color:rgba(0, 0, 0, 0)\" class=\"has-inline-color has-black-color\">para CONOCER del<\/mark><mark style=\"background-color:rgba(0, 0, 0, 0);color:#1702aa\" class=\"has-inline-color\"> <strong>juicio oral mercanti<\/strong>l <\/mark><mark style=\"background-color:rgba(0, 0, 0, 0)\" class=\"has-inline-color has-black-color\">DEBIDO a una<\/mark><mark style=\"background-color:rgba(0, 0, 0, 0);color:#1702aa\" class=\"has-inline-color\"> <em><u>cl\u00e1usula de sumisi\u00f3n expresa<\/u><\/em> <\/mark><mark style=\"background-color:rgba(0, 0, 0, 0)\" class=\"has-inline-color has-black-color\">en la que las partes acordaron<\/mark><mark style=\"background-color:rgba(0, 0, 0, 0);color:#1702aa\" class=\"has-inline-color\"> <em><u>someterse a los tribunales de San Luis R\u00edo Colorado, Sonora.<\/u><\/em><\/mark><\/p>\n\n\n\n<p>.<\/p>\n\n\n\n<p>La <strong><mark style=\"background-color:rgba(0, 0, 0, 0);color:#23027e\" class=\"has-inline-color\">Suprema Corte de Justicia<\/mark> <\/strong>a trav\u00e9s su Tribunal Colegiado de Circuito<strong> <mark style=\"background-color:rgba(0, 0, 0, 0);color:#7c0404\" class=\"has-inline-color\">DETERMIN\u00d3<\/mark><\/strong> que es <mark style=\"background-color:#87ea15\" class=\"has-inline-color\"><strong>INAPLICABLE<\/strong> la <em><u>CL\u00c1USULA DE SUMISI\u00d3N<\/u><\/em> <strong>si no hay un \u00f3rgano jurisdiccional<\/strong> <strong>competente en el lugar acordado.<\/strong><\/mark><\/p>\n\n\n\n<p>.<\/p>\n\n\n\n<p>La justificaci\u00f3n de la <strong><mark style=\"background-color:rgba(0, 0, 0, 0);color:#11058a\" class=\"has-inline-color\">SCJN<\/mark> <\/strong><em><u>es porque debido a que, en San Luis R\u00edo Colorado, Sonora<\/u><\/em>,<mark style=\"background-color:rgba(0, 0, 0, 0);color:#810131\" class=\"has-inline-color\"> <strong>NO existen juzgados orales mercantiles<\/strong> <\/mark>del fuero com\u00fan y los <mark style=\"background-color:#fad5bb\" class=\"has-inline-color\"><em><u><strong>juzgados civiles no tienen competencia para ese tipo de juicios<\/strong><\/u><\/em>,<\/mark> es por ello que la <strong><mark style=\"background-color:rgba(0, 0, 0, 0);color:#9d0649\" class=\"has-inline-color\">cl\u00e1usula de sumisi\u00f3n expresa del contrato es inaplicable<\/mark><\/strong>. Adem\u00e1s, las partes <em><u><mark style=\"background-color:#f3f75b\" class=\"has-inline-color\">no renunciaron al fuero federal ni designaron claramente someterse a tribunales del fuero com\u00fan<\/mark><\/u><\/em>. Por lo tanto, el <strong>Juez <\/strong>de Distrito en Materia Mercantil Federal en Baja California, con sede en Mexicali, <mark style=\"background-color:rgba(0, 0, 0, 0);color:#a30862\" class=\"has-inline-color\"><strong>DEBE conocer del juicio oral mercantil<\/strong>.<\/mark><\/p>\n\n\n\n<p>.<\/p>\n\n\n\n<p>Esta <strong><mark style=\"background-color:#90cdf1\" class=\"has-inline-color\">RESOLUCI\u00d3N<\/mark> <\/strong>es de <strong>aplicaci\u00f3n <mark style=\"background-color:rgba(0, 0, 0, 0);color:#990404\" class=\"has-inline-color\">OBLIGATORIA<\/mark> <\/strong>en todo el pa\u00eds a partir de esta semana<\/p>\n\n\n\n<p><strong><mark style=\"background-color:rgba(0, 0, 0, 0);color:#031f84\" class=\"has-inline-color\">Jurisprudencia CIVIL<\/mark><\/strong><\/p>\n\n\n\n<p>.<\/p>\n\n\n\n<p class=\"wp-embed-aspect-16-9 wp-has-aspect-ratio\">.<\/p>\n\n\n\n<p>Si estas en el <strong><mark style=\"background-color:rgba(0, 0, 0, 0)\" class=\"has-inline-color has-vivid-red-color\">Extranjero <\/mark><\/strong>nosotros somos tu <strong><mark style=\"background-color:rgba(0, 0, 0, 0)\" class=\"has-inline-color has-vivid-green-cyan-color\">mejor<\/mark><\/strong> alternativa para <strong><mark style=\"background-color:rgba(0, 0, 0, 0)\" class=\"has-inline-color has-luminous-vivid-orange-color\">velar<\/mark><\/strong> por tus <strong><mark style=\"background-color:rgba(0, 0, 0, 0)\" class=\"has-inline-color has-vivid-cyan-blue-color\">intereses<\/mark><\/strong>, escr\u00edbenos o ll\u00e1manos al Tel <strong>55581-11311<\/strong>.<\/p>\n\n\n\n<p>.<\/p>\n\n\n\n<p>Cuando<strong> necesites<\/strong> ayuda, <strong>asistencia<\/strong> o <strong>planeaci\u00f3n<\/strong> legal, <strong>solicita<\/strong> <strong>Cita Privada<\/strong> <a rel=\"noreferrer noopener\" href=\"mailto:bi@sm99.mx\" target=\"_blank\"><strong>Aqu\u00ed<\/strong><\/a><\/p>\n\n\n\n<p>La informaci\u00f3n que AQU\u00cd te presentamos <strong>deriva<\/strong> de los <strong>Peri\u00f3dicos Oficiales <\/strong>de la<strong> CdMx<\/strong>, <strong>Estado<\/strong> de Mex., Diario <strong>Oficial<\/strong> de la Federaci\u00f3n, Suprema Corte de<strong> Justicia<\/strong> de la Naci\u00f3n, por lo tanto es de <strong>aplicaci\u00f3n <\/strong><mark style=\"background-color:rgba(0, 0, 0, 0)\" class=\"has-inline-color has-vivid-red-color\"><strong>Obligatoria<\/strong>.<\/mark><\/p>\n\n\n\n<p id=\"block-d670f748-d45d-4f67-97f3-7b291563797e\">La <strong>informaci\u00f3n<\/strong> de hoy procede de la Suprema Corte de Justicia<\/p>\n\n\n\n<p id=\"block-6ff5b2c7-4ab6-440f-bcd1-435cf5a8fe8b\"><strong><mark style=\"background-color:rgba(0, 0, 0, 0)\" class=\"has-inline-color has-luminous-vivid-orange-color\">Ay\u00fadanos<\/mark><\/strong> para que m\u00e1s personas conozcan esta informaci\u00f3n,<strong> Comp\u00e1rtelo<\/strong> en tus redes sociales.<\/p>\n","protected":false},"excerpt":{"rendered":"<p>Views: 1 . Este ANTEDECENTE: Surge despu\u00e9s de que, el Juez de Distrito en Materia Mercantil Federal en Baja California, con sede en Mexicali, se declar\u00f3 incompetente para CONOCER del juicio oral mercantil DEBIDO a una cl\u00e1usula de sumisi\u00f3n expresa en la que las partes acordaron someterse a los tribunales de San Luis R\u00edo Colorado, [&hellip;]<\/p>\n","protected":false},"author":3,"featured_media":31190,"comment_status":"closed","ping_status":"open","sticky":false,"template":"","format":"standard","meta":{"_jetpack_memberships_contains_paid_content":false,"footnotes":""},"categories":[4],"tags":[],"jetpack_sharing_enabled":true,"jetpack_featured_media_url":"http:\/\/www.salgadonoticias.com\/wp-content\/uploads\/2025\/02\/incompetencia.jpg","_links":{"self":[{"href":"http:\/\/www.salgadonoticias.com\/index.php?rest_route=\/wp\/v2\/posts\/31185"}],"collection":[{"href":"http:\/\/www.salgadonoticias.com\/index.php?rest_route=\/wp\/v2\/posts"}],"about":[{"href":"http:\/\/www.salgadonoticias.com\/index.php?rest_route=\/wp\/v2\/types\/post"}],"author":[{"embeddable":true,"href":"http:\/\/www.salgadonoticias.com\/index.php?rest_route=\/wp\/v2\/users\/3"}],"replies":[{"embeddable":true,"href":"http:\/\/www.salgadonoticias.com\/index.php?rest_route=%2Fwp%2Fv2%2Fcomments&post=31185"}],"version-history":[{"count":6,"href":"http:\/\/www.salgadonoticias.com\/index.php?rest_route=\/wp\/v2\/posts\/31185\/revisions"}],"predecessor-version":[{"id":31199,"href":"http:\/\/www.salgadonoticias.com\/index.php?rest_route=\/wp\/v2\/posts\/31185\/revisions\/31199"}],"wp:featuredmedia":[{"embeddable":true,"href":"http:\/\/www.salgadonoticias.com\/index.php?rest_route=\/wp\/v2\/media\/31190"}],"wp:attachment":[{"href":"http:\/\/www.salgadonoticias.com\/index.php?rest_route=%2Fwp%2Fv2%2Fmedia&parent=31185"}],"wp:term":[{"taxonomy":"category","embeddable":true,"href":"http:\/\/www.salgadonoticias.com\/index.php?rest_route=%2Fwp%2Fv2%2Fcategories&post=31185"},{"taxonomy":"post_tag","embeddable":true,"href":"http:\/\/www.salgadonoticias.com\/index.php?rest_route=%2Fwp%2Fv2%2Ftags&post=31185"}],"curies":[{"name":"wp","href":"https:\/\/api.w.org\/{rel}","templated":true}]}}