{"id":31201,"date":"2025-02-13T01:30:00","date_gmt":"2025-02-13T07:30:00","guid":{"rendered":"https:\/\/www.salgadonoticias.com\/?p=31201"},"modified":"2025-02-13T10:54:31","modified_gmt":"2025-02-13T16:54:31","slug":"31201","status":"publish","type":"post","link":"http:\/\/www.salgadonoticias.com\/?p=31201","title":{"rendered":"Sin IVA Cr\u00e9ditos Hipotecarios para VIVIENDA a Personas F\u00cdSICAS\u2026!!!"},"content":{"rendered":"<p>Views: 3<\/p>\n<p>.<\/p>\n\n\n\n<p>Este <strong>ANTEDECENTE<\/strong>:<\/p>\n\n\n\n<p><mark style=\"background-color:rgba(0, 0, 0, 0);color:#037a4e\" class=\"has-inline-color\"><strong>Surge <\/strong><\/mark><mark style=\"background-color:rgba(0, 0, 0, 0)\" class=\"has-inline-color has-black-color\">luego de que, una instituci\u00f3n financiera<\/mark><mark style=\"background-color:rgba(0, 0, 0, 0);color:#037a4e\" class=\"has-inline-color\"> <strong>otorg\u00f3 cr\u00e9ditos hipotecarios<\/strong> a <strong>personas<\/strong> <strong>morales<\/strong> <\/mark><mark style=\"background-color:rgba(0, 0, 0, 0)\" class=\"has-inline-color has-black-color\">para adquirir, construir, ampliar o reparar bienes inmuebles destinados a casa habitaci\u00f3n, y<\/mark><mark style=\"background-color:rgba(0, 0, 0, 0);color:#037a4e\" class=\"has-inline-color\"> <strong>consider\u00f3<\/strong> <\/mark><mark style=\"background-color:rgba(0, 0, 0, 0)\" class=\"has-inline-color has-black-color\">que las <em><u>comisiones generadas estaban<\/u><\/em><\/mark><mark style=\"background-color:rgba(0, 0, 0, 0);color:#037a4e\" class=\"has-inline-color\"> <strong>exentas de IVA<\/strong> <\/mark><mark style=\"background-color:rgba(0, 0, 0, 0)\" class=\"has-inline-color has-black-color\">esto seg\u00fan el<\/mark><mark style=\"background-color:rgba(0, 0, 0, 0);color:#037a4e\" class=\"has-inline-color\"> <strong>art\u00edculo 15<\/strong>, <\/mark><mark style=\"background-color:rgba(0, 0, 0, 0)\" class=\"has-inline-color has-black-color\">fracc. I, de la Ley del IVA. <\/mark><\/p>\n\n\n\n<p><mark style=\"background-color:rgba(0, 0, 0, 0)\" class=\"has-inline-color has-black-color\">Pero la <\/mark><mark style=\"background-color:rgba(0, 0, 0, 0);color:#037a4e\" class=\"has-inline-color\"><strong>autoridad fiscal<\/strong> <\/mark><mark style=\"background-color:rgba(0, 0, 0, 0)\" class=\"has-inline-color has-black-color\"><em><u>determin\u00f3 un cr\u00e9dito fiscal<\/u><\/em>, argumentando que las<\/mark><mark style=\"background-color:rgba(0, 0, 0, 0);color:#037a4e\" class=\"has-inline-color\"> <strong>comisiones no estaban exentas<\/strong><\/mark><mark style=\"background-color:rgba(0, 0, 0, 0)\" class=\"has-inline-color has-black-color\"> esto porque los <em><u>cr\u00e9ditos fueron otorgados a personas morales<\/u><\/em>. <\/mark><\/p>\n\n\n\n<p><mark style=\"background-color:rgba(0, 0, 0, 0)\" class=\"has-inline-color has-black-color\">Tras <strong>impugnar<\/strong> esta resoluci\u00f3n, la Sala Superior del Tribunal Federal de Justicia Administrativa <em><u>declar\u00f3 la nulidad de la resoluci\u00f3n fiscal<\/u><\/em>, pero <em><u>el BANCO <\/u><\/em><strong>promovi\u00f3<\/strong> un juicio de<\/mark><mark style=\"background-color:rgba(0, 0, 0, 0);color:#037a4e\" class=\"has-inline-color\"> <strong>amparo<\/strong> <\/mark><mark style=\"background-color:rgba(0, 0, 0, 0)\" class=\"has-inline-color has-black-color\">directo<\/mark><mark style=\"background-color:rgba(0, 0, 0, 0);color:#037a4e\" class=\"has-inline-color\">, <strong>alegando que el precepto legal violaba el principio de seguridad jur\u00eddica<\/strong><\/mark>. <\/p>\n\n\n\n<p>El Tribunal neg\u00f3 la protecci\u00f3n constitucional, y la instituci\u00f3n interpuso un recurso de revisi\u00f3n ante la SCJN.<\/p>\n\n\n\n<p>.<\/p>\n\n\n\n<p>La <strong><mark style=\"background-color:rgba(0, 0, 0, 0);color:#1b07e3\" class=\"has-inline-color\">Suprema Corte de Justicia<\/mark> <\/strong>a lo anterior <strong><mark style=\"background-color:rgba(0, 0, 0, 0);color:#7d0404\" class=\"has-inline-color\">DETERMIN\u00d3<\/mark><\/strong> que el art\u00edculo <mark style=\"background-color:#7af2c6\" class=\"has-inline-color\"><strong>NO VIOLA<\/strong><\/mark><mark style=\"background-color:#ffffff\" class=\"has-inline-color\"> <em><u>el principio de seguridad jur\u00eddica<\/u><\/em>, esto porque la <\/mark><mark style=\"background-color:#7af2c6\" class=\"has-inline-color\"><strong>exenci\u00f3n de IVA en cr\u00e9ditos hipotecarios<\/strong><\/mark><mark style=\"background-color:#ffffff\" class=\"has-inline-color\"> <em><u>SOLO est\u00e1 destinada a<\/u><\/em> <\/mark><mark style=\"background-color:#7af2c6\" class=\"has-inline-color\"><strong>beneficiar a personas f\u00edsicas<\/strong><\/mark><mark style=\"background-color:#ffffff\" class=\"has-inline-color\"> que <em><u>adquieren, ampl\u00edan, construyen o reparan su <\/u><\/em><\/mark><mark style=\"background-color:#7af2c6\" class=\"has-inline-color\"><em><u><strong>vivienda<\/strong><\/u><\/em><strong>.<\/strong><\/mark><\/p>\n\n\n\n<p>.<\/p>\n\n\n\n<p>La justificaci\u00f3n de la <strong><mark style=\"background-color:rgba(0, 0, 0, 0);color:#02187a\" class=\"has-inline-color\">SCJN<\/mark> <\/strong>es que, el <em><u>art\u00edculo 15, fracc. I, de la Ley del IVA,<\/u><\/em> <mark style=\"background-color:rgba(0, 0, 0, 0);color:#f16806\" class=\"has-inline-color\"><strong>EXENTA<\/strong><\/mark><mark style=\"background-color:rgba(0, 0, 0, 0)\" class=\"has-inline-color has-black-color\"> del <\/mark><mark style=\"background-color:rgba(0, 0, 0, 0);color:#f16806\" class=\"has-inline-color\"><strong>pago <\/strong><\/mark><mark style=\"background-color:rgba(0, 0, 0, 0)\" class=\"has-inline-color has-black-color\">del <\/mark><mark style=\"background-color:rgba(0, 0, 0, 0);color:#f16806\" class=\"has-inline-color\"><strong>impuesto<\/strong> <\/mark><mark style=\"background-color:rgba(0, 0, 0, 0)\" class=\"has-inline-color has-black-color\">a las <em><u>comisiones por cr\u00e9ditos hipotecarios para vivienda,<\/u><\/em><\/mark><mark style=\"background-color:rgba(0, 0, 0, 0);color:#f16806\" class=\"has-inline-color\"> <strong>siempre que sean otorgados a personas f\u00edsicas<\/strong>. <\/mark><\/p>\n\n\n\n<p><mark style=\"background-color:rgba(0, 0, 0, 0)\" class=\"has-inline-color has-black-color\">Esto porque, la<\/mark><mark style=\"background-color:rgba(0, 0, 0, 0);color:#f16806\" class=\"has-inline-color\"> <strong>exenci\u00f3n busca reducir el costo financiero<\/strong> <\/mark><mark style=\"background-color:rgba(0, 0, 0, 0)\" class=\"has-inline-color has-black-color\">para <em><u>quienes adquieren, ampl\u00edan, construyen o reparan su propia casa<\/u><\/em>, y<\/mark><mark style=\"background-color:rgba(0, 0, 0, 0);color:#f16806\" class=\"has-inline-color\"> <strong>NO aplica a personas MORALES con fines econ\u00f3micos.<\/strong><\/mark><\/p>\n\n\n\n<p>.<\/p>\n\n\n\n<p>Esta <strong><mark style=\"background-color:#90cdf1\" class=\"has-inline-color\">RESOLUCI\u00d3N<\/mark> <\/strong>es de <strong>aplicaci\u00f3n <mark style=\"background-color:rgba(0, 0, 0, 0);color:#990404\" class=\"has-inline-color\">OBLIGATORIA<\/mark> <\/strong>en todo el pa\u00eds a partir de esta semana<\/p>\n\n\n\n<p><strong><mark style=\"background-color:rgba(0, 0, 0, 0);color:#031f84\" class=\"has-inline-color\">Jurisprudencia ADMINISTRATIVA<\/mark><\/strong><\/p>\n\n\n\n<p>.<\/p>\n\n\n\n<p class=\"wp-embed-aspect-16-9 wp-has-aspect-ratio\">.<\/p>\n\n\n\n<p>Si estas en el <strong><mark style=\"background-color:rgba(0, 0, 0, 0)\" class=\"has-inline-color has-vivid-red-color\">Extranjero <\/mark><\/strong>nosotros somos tu <strong><mark style=\"background-color:rgba(0, 0, 0, 0)\" class=\"has-inline-color has-vivid-green-cyan-color\">mejor<\/mark><\/strong> alternativa para <strong><mark style=\"background-color:rgba(0, 0, 0, 0)\" class=\"has-inline-color has-luminous-vivid-orange-color\">velar<\/mark><\/strong> por tus <strong><mark style=\"background-color:rgba(0, 0, 0, 0)\" class=\"has-inline-color has-vivid-cyan-blue-color\">intereses<\/mark><\/strong>, escr\u00edbenos o ll\u00e1manos al Tel <strong>55581-11311<\/strong>.<\/p>\n\n\n\n<p>.<\/p>\n\n\n\n<p>Cuando<strong> necesites<\/strong> ayuda, <strong>asistencia<\/strong> o <strong>planeaci\u00f3n<\/strong> legal, <strong>solicita<\/strong> <strong>Cita Privada<\/strong> <a rel=\"noreferrer noopener\" href=\"mailto:bi@sm99.mx\" target=\"_blank\"><strong>Aqu\u00ed<\/strong><\/a><\/p>\n\n\n\n<p>La informaci\u00f3n que AQU\u00cd te presentamos <strong>deriva<\/strong> de los <strong>Peri\u00f3dicos Oficiales <\/strong>de la<strong> CdMx<\/strong>, <strong>Estado<\/strong> de Mex., Diario <strong>Oficial<\/strong> de la Federaci\u00f3n, Suprema Corte de<strong> Justicia<\/strong> de la Naci\u00f3n, por lo tanto es de <strong>aplicaci\u00f3n <\/strong><mark style=\"background-color:rgba(0, 0, 0, 0)\" class=\"has-inline-color has-vivid-red-color\"><strong>Obligatoria<\/strong>.<\/mark><\/p>\n\n\n\n<p id=\"block-d670f748-d45d-4f67-97f3-7b291563797e\">La <strong>informaci\u00f3n<\/strong> de hoy procede de la Suprema Corte de Justicia<\/p>\n\n\n\n<p id=\"block-6ff5b2c7-4ab6-440f-bcd1-435cf5a8fe8b\"><strong><mark style=\"background-color:rgba(0, 0, 0, 0)\" class=\"has-inline-color has-luminous-vivid-orange-color\">Ay\u00fadanos<\/mark><\/strong> para que m\u00e1s personas conozcan esta informaci\u00f3n,<strong> Comp\u00e1rtelo<\/strong> en tus redes sociales.<\/p>\n","protected":false},"excerpt":{"rendered":"<p>Views: 3 . Este ANTEDECENTE: Surge luego de que, una instituci\u00f3n financiera otorg\u00f3 cr\u00e9ditos hipotecarios a personas morales para adquirir, construir, ampliar o reparar bienes inmuebles destinados a casa habitaci\u00f3n, y consider\u00f3 que las comisiones generadas estaban exentas de IVA esto seg\u00fan el art\u00edculo 15, fracc. I, de la Ley del IVA. Pero la autoridad [&hellip;]<\/p>\n","protected":false},"author":3,"featured_media":31205,"comment_status":"closed","ping_status":"open","sticky":false,"template":"","format":"standard","meta":{"_jetpack_memberships_contains_paid_content":false,"footnotes":""},"categories":[4],"tags":[],"jetpack_sharing_enabled":true,"jetpack_featured_media_url":"http:\/\/www.salgadonoticias.com\/wp-content\/uploads\/2025\/02\/IVA.jpg","_links":{"self":[{"href":"http:\/\/www.salgadonoticias.com\/index.php?rest_route=\/wp\/v2\/posts\/31201"}],"collection":[{"href":"http:\/\/www.salgadonoticias.com\/index.php?rest_route=\/wp\/v2\/posts"}],"about":[{"href":"http:\/\/www.salgadonoticias.com\/index.php?rest_route=\/wp\/v2\/types\/post"}],"author":[{"embeddable":true,"href":"http:\/\/www.salgadonoticias.com\/index.php?rest_route=\/wp\/v2\/users\/3"}],"replies":[{"embeddable":true,"href":"http:\/\/www.salgadonoticias.com\/index.php?rest_route=%2Fwp%2Fv2%2Fcomments&post=31201"}],"version-history":[{"count":4,"href":"http:\/\/www.salgadonoticias.com\/index.php?rest_route=\/wp\/v2\/posts\/31201\/revisions"}],"predecessor-version":[{"id":31209,"href":"http:\/\/www.salgadonoticias.com\/index.php?rest_route=\/wp\/v2\/posts\/31201\/revisions\/31209"}],"wp:featuredmedia":[{"embeddable":true,"href":"http:\/\/www.salgadonoticias.com\/index.php?rest_route=\/wp\/v2\/media\/31205"}],"wp:attachment":[{"href":"http:\/\/www.salgadonoticias.com\/index.php?rest_route=%2Fwp%2Fv2%2Fmedia&parent=31201"}],"wp:term":[{"taxonomy":"category","embeddable":true,"href":"http:\/\/www.salgadonoticias.com\/index.php?rest_route=%2Fwp%2Fv2%2Fcategories&post=31201"},{"taxonomy":"post_tag","embeddable":true,"href":"http:\/\/www.salgadonoticias.com\/index.php?rest_route=%2Fwp%2Fv2%2Ftags&post=31201"}],"curies":[{"name":"wp","href":"https:\/\/api.w.org\/{rel}","templated":true}]}}