{"id":31211,"date":"2025-02-14T00:45:00","date_gmt":"2025-02-14T06:45:00","guid":{"rendered":"https:\/\/www.salgadonoticias.com\/?p=31211"},"modified":"2025-02-14T11:32:26","modified_gmt":"2025-02-14T17:32:26","slug":"31211","status":"publish","type":"post","link":"http:\/\/www.salgadonoticias.com\/?p=31211","title":{"rendered":"Necesaria la VOLUNTAD de PROPIETARIOS para Incorporarlos a una ASOCIACI\u00d3N de Colonos\u2026!!!"},"content":{"rendered":"<p>Views: 25<\/p>\n<p>.<\/p>\n\n\n\n<p>Este <strong>ANTEDECENTE<\/strong>:<\/p>\n\n\n\n<p><strong>S<\/strong><mark style=\"background-color:rgba(0, 0, 0, 0)\" class=\"has-inline-color has-black-color\"><strong>urge <\/strong>despu\u00e9s de que, en un juicio, una<\/mark><mark style=\"background-color:rgba(0, 0, 0, 0);color:#641ba9\" class=\"has-inline-color\"> <\/mark><em><u><strong><mark style=\"background-color:rgba(0, 0, 0, 0)\" class=\"has-inline-color has-black-color\">asociaci\u00f3n civil de colonos<\/mark><\/strong><\/u><\/em><mark style=\"background-color:rgba(0, 0, 0, 0);color:#641ba9\" class=\"has-inline-color\"> <strong>demand\u00f3<\/strong> a una <em><u><strong>persona f\u00edsica<\/strong><\/u> <\/em>por el <strong>pago de cuotas como asociada<\/strong>. <\/mark><\/p>\n\n\n\n<p><mark style=\"background-color:rgba(0, 0, 0, 0)\" class=\"has-inline-color has-black-color\">La <\/mark><mark style=\"background-color:rgba(0, 0, 0, 0);color:#641ba9\" class=\"has-inline-color\"><strong>demandada fue absuelta<\/strong> <\/mark><mark style=\"background-color:rgba(0, 0, 0, 0)\" class=\"has-inline-color has-black-color\">porque<\/mark><mark style=\"background-color:rgba(0, 0, 0, 0);color:#641ba9\" class=\"has-inline-color\"> <strong>no se acredit\u00f3 su calidad de asociada<\/strong>.<\/mark><mark style=\"background-color:rgba(0, 0, 0, 0)\" class=\"has-inline-color has-black-color\"> <\/mark><\/p>\n\n\n\n<p><mark style=\"background-color:rgba(0, 0, 0, 0)\" class=\"has-inline-color has-black-color\">En <em><u>apelaci\u00f3n<\/u><\/em>, la <em><u>asociaci\u00f3n argument\u00f3<\/u><\/em> que el <\/mark><mark style=\"background-color:rgba(0, 0, 0, 0);color:#641ba9\" class=\"has-inline-color\"><strong>consentimiento NO ERA NECESARIO para formar parte de la asociaci\u00f3n<\/strong>,<\/mark> <em><u>esto seg\u00fan sus estatutos y el art\u00edculo 2814 del C\u00f3digo Civil en este caso del Edo. de Guerrero<\/u><\/em>, ya que la incorporaci\u00f3n depende de la aprobaci\u00f3n de la asamblea general.<\/p>\n\n\n\n<p>.<\/p>\n\n\n\n<p>La <strong><mark style=\"background-color:rgba(0, 0, 0, 0);color:#01037d\" class=\"has-inline-color\">Suprema Corte de Justicia<\/mark> <\/strong>a trav\u00e9s su Tribunal Colegiado de Circuito<mark style=\"background-color:rgba(0, 0, 0, 0);color:#7e0404\" class=\"has-inline-color\"> <strong>DETERMIN\u00d3<\/strong><\/mark> que, aun cuando los <em><u>Estatutos de una Asociaci\u00f3n Civil de <\/u><\/em>Colonos <strong>indiquen que los propietarios de casas y terrenos<\/strong> son asociados, <strong>e<\/strong><mark style=\"background-color:rgba(0, 0, 0, 0);color:#8c0202\" class=\"has-inline-color\"><strong>s necesaria su voluntad para incorporarlos formalmente<\/strong>.<\/mark><\/p>\n\n\n\n<p>.<\/p>\n\n\n\n<p>La justificaci\u00f3n de la <strong><mark style=\"background-color:rgba(0, 0, 0, 0);color:#160590\" class=\"has-inline-color\">SCJN<\/mark> <\/strong>es que, <strong><mark style=\"background-color:#bcdeed\" class=\"has-inline-color\">derecho a la libertad de asociaci\u00f3n<\/mark><\/strong>, <em><u>reconocido en varios documentos legales y de derechos humanos, incluye libertades positivas y negativas<\/u><\/em>. Y este derecho <strong>permite tres cosas<\/strong>:<\/p>\n\n\n\n<ol>\n<li><strong><mark style=\"background-color:rgba(0, 0, 0, 0);color:#987002\" class=\"has-inline-color\">Formar o unirse a una agrupaci\u00f3n;<\/mark><\/strong><\/li>\n\n\n\n<li><strong><mark style=\"background-color:rgba(0, 0, 0, 0);color:#039f2a\" class=\"has-inline-color\">Permanecer en una asociaci\u00f3n o renunciar a ella; y<\/mark><\/strong><\/li>\n\n\n\n<li><strong><mark style=\"background-color:rgba(0, 0, 0, 0);color:#970707\" class=\"has-inline-color\">NO ASOCIARSE<\/mark><\/strong><\/li>\n<\/ol>\n\n\n\n<p>Por tanto, la <mark style=\"background-color:#f3b4c4\" class=\"has-inline-color\"><strong>autoridad no puede limitar estos derechos ni obligar a alguien a asociarse<\/strong>.<\/mark><\/p>\n\n\n\n<p>Adem\u00e1s, nadie puede ser prohibido de pertenecer a una asociaci\u00f3n por ser parte de otra, entonces, <mark style=\"background-color:rgba(0, 0, 0, 0);color:#071d81\" class=\"has-inline-color\"><strong>nadie puede ser obligado a formar parte de una asociaci\u00f3n<\/strong>.<\/mark><\/p>\n\n\n\n<p>.<\/p>\n\n\n\n<p>Esta <strong><mark style=\"background-color:#a6ecd2\" class=\"has-inline-color\">RESOLUCI\u00d3N<\/mark> <\/strong>esta <strong>disponible <\/strong>para quien la<strong> <\/strong><mark style=\"background-color:rgba(0, 0, 0, 0);color:#a10202\" class=\"has-inline-color\"><strong>CONOZCA <\/strong>y la <strong>HAGA VALER<\/strong><\/mark><strong> <\/strong>en todo el pa\u00eds a partir de esta semana<\/p>\n\n\n\n<p><strong><mark style=\"background-color:rgba(0, 0, 0, 0);color:#02955f\" class=\"has-inline-color\">Tesis ADMINISTRATIVA<\/mark><\/strong><\/p>\n\n\n\n<p>.<\/p>\n\n\n\n<p class=\"wp-embed-aspect-16-9 wp-has-aspect-ratio\">.<\/p>\n\n\n\n<p>Si estas en el <strong><mark style=\"background-color:rgba(0, 0, 0, 0)\" class=\"has-inline-color has-vivid-red-color\">Extranjero <\/mark><\/strong>nosotros somos tu <strong><mark style=\"background-color:rgba(0, 0, 0, 0)\" class=\"has-inline-color has-vivid-green-cyan-color\">mejor<\/mark><\/strong> alternativa para <strong><mark style=\"background-color:rgba(0, 0, 0, 0)\" class=\"has-inline-color has-luminous-vivid-orange-color\">velar<\/mark><\/strong> por tus <strong><mark style=\"background-color:rgba(0, 0, 0, 0)\" class=\"has-inline-color has-vivid-cyan-blue-color\">intereses<\/mark><\/strong>, escr\u00edbenos o ll\u00e1manos al Tel <strong>55581-11311<\/strong>.<\/p>\n\n\n\n<p>.<\/p>\n\n\n\n<p>Cuando<strong> necesites<\/strong> ayuda, <strong>asistencia<\/strong> o <strong>planeaci\u00f3n<\/strong> legal, <strong>solicita<\/strong> <strong>Cita Privada<\/strong> <a rel=\"noreferrer noopener\" href=\"mailto:bi@sm99.mx\" target=\"_blank\"><strong>Aqu\u00ed<\/strong><\/a><\/p>\n\n\n\n<p>La informaci\u00f3n que AQU\u00cd te presentamos <strong>deriva<\/strong> de los <strong>Peri\u00f3dicos Oficiales <\/strong>de la<strong> CdMx<\/strong>, <strong>Estado<\/strong> de Mex., Diario <strong>Oficial<\/strong> de la Federaci\u00f3n, Suprema Corte de<strong> Justicia<\/strong> de la Naci\u00f3n, por lo tanto es de <strong>aplicaci\u00f3n <\/strong><mark style=\"background-color:rgba(0, 0, 0, 0)\" class=\"has-inline-color has-vivid-red-color\"><strong>Obligatoria<\/strong>.<\/mark><\/p>\n\n\n\n<p id=\"block-d670f748-d45d-4f67-97f3-7b291563797e\">La <strong>informaci\u00f3n<\/strong> de hoy procede de la Suprema Corte de Justicia<\/p>\n\n\n\n<p id=\"block-6ff5b2c7-4ab6-440f-bcd1-435cf5a8fe8b\"><strong><mark style=\"background-color:rgba(0, 0, 0, 0)\" class=\"has-inline-color has-luminous-vivid-orange-color\">Ay\u00fadanos<\/mark><\/strong> para que m\u00e1s personas conozcan esta informaci\u00f3n,<strong> Comp\u00e1rtelo<\/strong> en tus redes sociales.<\/p>\n","protected":false},"excerpt":{"rendered":"<p>Views: 25 . Este ANTEDECENTE: Surge despu\u00e9s de que, en un juicio, una asociaci\u00f3n civil de colonos demand\u00f3 a una persona f\u00edsica por el pago de cuotas como asociada. La demandada fue absuelta porque no se acredit\u00f3 su calidad de asociada. En apelaci\u00f3n, la asociaci\u00f3n argument\u00f3 que el consentimiento NO ERA NECESARIO para formar parte [&hellip;]<\/p>\n","protected":false},"author":3,"featured_media":31216,"comment_status":"closed","ping_status":"open","sticky":false,"template":"","format":"standard","meta":{"_jetpack_memberships_contains_paid_content":false,"footnotes":""},"categories":[4],"tags":[],"jetpack_sharing_enabled":true,"jetpack_featured_media_url":"http:\/\/www.salgadonoticias.com\/wp-content\/uploads\/2025\/02\/COLONOS.jpg","_links":{"self":[{"href":"http:\/\/www.salgadonoticias.com\/index.php?rest_route=\/wp\/v2\/posts\/31211"}],"collection":[{"href":"http:\/\/www.salgadonoticias.com\/index.php?rest_route=\/wp\/v2\/posts"}],"about":[{"href":"http:\/\/www.salgadonoticias.com\/index.php?rest_route=\/wp\/v2\/types\/post"}],"author":[{"embeddable":true,"href":"http:\/\/www.salgadonoticias.com\/index.php?rest_route=\/wp\/v2\/users\/3"}],"replies":[{"embeddable":true,"href":"http:\/\/www.salgadonoticias.com\/index.php?rest_route=%2Fwp%2Fv2%2Fcomments&post=31211"}],"version-history":[{"count":5,"href":"http:\/\/www.salgadonoticias.com\/index.php?rest_route=\/wp\/v2\/posts\/31211\/revisions"}],"predecessor-version":[{"id":31221,"href":"http:\/\/www.salgadonoticias.com\/index.php?rest_route=\/wp\/v2\/posts\/31211\/revisions\/31221"}],"wp:featuredmedia":[{"embeddable":true,"href":"http:\/\/www.salgadonoticias.com\/index.php?rest_route=\/wp\/v2\/media\/31216"}],"wp:attachment":[{"href":"http:\/\/www.salgadonoticias.com\/index.php?rest_route=%2Fwp%2Fv2%2Fmedia&parent=31211"}],"wp:term":[{"taxonomy":"category","embeddable":true,"href":"http:\/\/www.salgadonoticias.com\/index.php?rest_route=%2Fwp%2Fv2%2Fcategories&post=31211"},{"taxonomy":"post_tag","embeddable":true,"href":"http:\/\/www.salgadonoticias.com\/index.php?rest_route=%2Fwp%2Fv2%2Ftags&post=31211"}],"curies":[{"name":"wp","href":"https:\/\/api.w.org\/{rel}","templated":true}]}}