{"id":31222,"date":"2025-02-17T00:33:00","date_gmt":"2025-02-17T06:33:00","guid":{"rendered":"https:\/\/www.salgadonoticias.com\/?p=31222"},"modified":"2025-02-17T14:38:07","modified_gmt":"2025-02-17T20:38:07","slug":"31222","status":"publish","type":"post","link":"http:\/\/www.salgadonoticias.com\/?p=31222","title":{"rendered":"Para DEVOLUCI\u00d3N de Recursos de las SUB-cuentas es NECESARIA Resoluci\u00f3n del IMSS\u2026!!!"},"content":{"rendered":"<p>Views: 4<\/p>\n<p>.<\/p>\n\n\n\n<p>Este <strong>ANTEDECENTE<\/strong><\/p>\n\n\n\n<p><strong>Surge <\/strong>despu\u00e9s de que, <em><u>Tribunales Colegiados de Circuito<\/u><\/em> TUVIERON <em><u>opiniones contradictorias<\/u><\/em> sobre<mark style=\"background-color:rgba(0, 0, 0, 0);color:#035788\" class=\"has-inline-color\"> <strong>si es necesario presentar la resoluci\u00f3n de otorgamiento de pensi\u00f3n<\/strong><\/mark><mark style=\"background-color:rgba(0, 0, 0, 0)\" class=\"has-inline-color has-black-color\"> del IMSS como requisito para<\/mark><mark style=\"background-color:rgba(0, 0, 0, 0);color:#035788\" class=\"has-inline-color\"> <strong>reclamar la devoluci\u00f3n<\/strong><\/mark> de los <em><u>recursos de las subcuentas de una persona que dice ser pensionada.<\/u><\/em><\/p>\n\n\n\n<p>.<\/p>\n\n\n\n<p>La <strong><mark style=\"background-color:rgba(0, 0, 0, 0);color:#060480\" class=\"has-inline-color\">Suprema Corte de Justicia<\/mark> <\/strong>a trav\u00e9s del Pleno Regional en Materia Penal y de Trabajo \u00a0con sede en la CdMx., <strong><mark style=\"background-color:rgba(0, 0, 0, 0);color:#870202\" class=\"has-inline-color\">DETERMIN\u00d3<\/mark><\/strong> que, para <mark style=\"background-color:#79e94a\" class=\"has-inline-color\"><strong>solicitar<\/strong><\/mark><mark style=\"background-color:#ffffff\" class=\"has-inline-color\"> la <\/mark><mark style=\"background-color:#79e94a\" class=\"has-inline-color\"><strong>devoluci\u00f3n<\/strong><\/mark><mark style=\"background-color:#ffffff\" class=\"has-inline-color\"> de los <\/mark><mark style=\"background-color:#79e94a\" class=\"has-inline-color\"><strong>recursos<\/strong><\/mark><mark style=\"background-color:#ffffff\" class=\"has-inline-color\"> de las <em><u>subcuentas de una cuenta individual<\/u><\/em>, es <\/mark><mark style=\"background-color:#79e94a\" class=\"has-inline-color\"><strong>necesario<\/strong><\/mark><mark style=\"background-color:#ffffff\" class=\"has-inline-color\"> presentar la <\/mark><mark style=\"background-color:#79e94a\" class=\"has-inline-color\"><strong>resoluci\u00f3n<\/strong><\/mark><mark style=\"background-color:#ffffff\" class=\"has-inline-color\"> de <em><u>otorgamiento<\/u><\/em> de <\/mark><mark style=\"background-color:#79e94a\" class=\"has-inline-color\"><strong>pensi\u00f3n<\/strong><\/mark><mark style=\"background-color:#ffffff\" class=\"has-inline-color\"> emitida por el IMSS <\/mark><mark style=\"background-color:#79e94a\" class=\"has-inline-color\"><strong>junto con la demanda.<\/strong><\/mark><\/p>\n\n\n\n<p>.<\/p>\n\n\n\n<p>La justificaci\u00f3n de la Segunda Sala de la <strong><mark style=\"background-color:rgba(0, 0, 0, 0);color:#1a0199\" class=\"has-inline-color\">SCJN<\/mark><\/strong> es que al resolver el amparo directo 29\/2022, se concluy\u00f3 que, seg\u00fan el art. 899-C de la Ley Federal del Trabajo, es <mark style=\"background-color:#fcb900\" class=\"has-inline-color\"><strong>Obligatorio<\/strong> <strong>presentar la resoluci\u00f3n de otorgamiento de pensi\u00f3n<\/strong><\/mark> del IMSS para <em><u>poder tramitar conflictos individuales de seguridad social<\/u><\/em>. Esto es <mark style=\"background-color:#fcb900\" class=\"has-inline-color\"><strong>necesario<\/strong><\/mark><mark style=\"background-color:#ffffff\" class=\"has-inline-color\"> para <\/mark><mark style=\"background-color:#fcb900\" class=\"has-inline-color\"><strong>verificar<\/strong><\/mark><mark style=\"background-color:#ffffff\" class=\"has-inline-color\"> si el <\/mark><mark style=\"background-color:#fcb900\" class=\"has-inline-color\"><strong>solicitante<\/strong><\/mark><mark style=\"background-color:#ffffff\" class=\"has-inline-color\"> tiene <\/mark><mark style=\"background-color:#fcb900\" class=\"has-inline-color\"><strong>derecho<\/strong><\/mark><mark style=\"background-color:#ffffff\" class=\"has-inline-color\"> a una <\/mark><mark style=\"background-color:#fcb900\" class=\"has-inline-color\"><strong>pensi\u00f3n<\/strong> <\/mark><mark style=\"background-color:#ffffff\" class=\"has-inline-color\">y de qu\u00e9 tipo, as\u00ed como las <\/mark><mark style=\"background-color:#fcb900\" class=\"has-inline-color\"><strong>cotizaciones realizadas<\/strong>.<\/mark><mark style=\"background-color:#ffffff\" class=\"has-inline-color\"> Ya que, solo as\u00ed se puede <em><u>determinar<\/u><\/em> si es posible <\/mark><mark style=\"background-color:#fcb900\" class=\"has-inline-color\"><strong>devolver los recursos<\/strong><\/mark><strong> <\/strong>de las subcuentas de la cuenta individual.<\/p>\n\n\n\n<p>.<\/p>\n\n\n\n<p>Esta <strong><mark style=\"background-color:#f7c4d0\" class=\"has-inline-color\">RESOLUCI\u00d3N<\/mark> <\/strong>es de <strong>aplicaci\u00f3n <mark style=\"background-color:rgba(0, 0, 0, 0);color:#8a0303\" class=\"has-inline-color\">OBLIGATORIA<\/mark> <\/strong>en todo el pa\u00eds a partir de esta semana<\/p>\n\n\n\n<p><strong><mark style=\"background-color:rgba(0, 0, 0, 0);color:#950641\" class=\"has-inline-color\">Jurisprudencia LABORAL<\/mark><\/strong><\/p>\n\n\n\n<p>.<\/p>\n\n\n\n<p>Esta <strong><mark style=\"background-color:#a6ecd2\" class=\"has-inline-color\">RESOLUCI\u00d3N<\/mark> <\/strong>esta <strong>disponible <\/strong>para quien la<strong> <\/strong><mark style=\"background-color:rgba(0, 0, 0, 0);color:#a10202\" class=\"has-inline-color\"><strong>CONOZCA <\/strong>y la <strong>HAGA VALER<\/strong><\/mark><strong> <\/strong>en todo el pa\u00eds a partir de esta semana<\/p>\n\n\n\n<p><strong><mark style=\"background-color:rgba(0, 0, 0, 0);color:#02955f\" class=\"has-inline-color\">Tesis ADMINISTRATIVA<\/mark><\/strong><\/p>\n\n\n\n<p>.<\/p>\n\n\n\n<p class=\"wp-embed-aspect-16-9 wp-has-aspect-ratio\">.<\/p>\n\n\n\n<p>Si estas en el <strong><mark style=\"background-color:rgba(0, 0, 0, 0)\" class=\"has-inline-color has-vivid-red-color\">Extranjero <\/mark><\/strong>nosotros somos tu <strong><mark style=\"background-color:rgba(0, 0, 0, 0)\" class=\"has-inline-color has-vivid-green-cyan-color\">mejor<\/mark><\/strong> alternativa para <strong><mark style=\"background-color:rgba(0, 0, 0, 0)\" class=\"has-inline-color has-luminous-vivid-orange-color\">velar<\/mark><\/strong> por tus <strong><mark style=\"background-color:rgba(0, 0, 0, 0)\" class=\"has-inline-color has-vivid-cyan-blue-color\">intereses<\/mark><\/strong>, escr\u00edbenos o ll\u00e1manos al Tel <strong>55581-11311<\/strong>.<\/p>\n\n\n\n<p>.<\/p>\n\n\n\n<p>Cuando<strong> necesites<\/strong> ayuda, <strong>asistencia<\/strong> o <strong>planeaci\u00f3n<\/strong> legal, <strong>solicita<\/strong> <strong>Cita Privada<\/strong> <a rel=\"noreferrer noopener\" href=\"mailto:bi@sm99.mx\" target=\"_blank\"><strong>Aqu\u00ed<\/strong><\/a><\/p>\n\n\n\n<p>La informaci\u00f3n que AQU\u00cd te presentamos <strong>deriva<\/strong> de los <strong>Peri\u00f3dicos Oficiales <\/strong>de la<strong> CdMx<\/strong>, <strong>Estado<\/strong> de Mex., Diario <strong>Oficial<\/strong> de la Federaci\u00f3n, Suprema Corte de<strong> Justicia<\/strong> de la Naci\u00f3n, por lo tanto es de <strong>aplicaci\u00f3n <\/strong><mark style=\"background-color:rgba(0, 0, 0, 0)\" class=\"has-inline-color has-vivid-red-color\"><strong>Obligatoria<\/strong>.<\/mark><\/p>\n\n\n\n<p id=\"block-d670f748-d45d-4f67-97f3-7b291563797e\">La <strong>informaci\u00f3n<\/strong> de hoy procede de la Suprema Corte de Justicia<\/p>\n\n\n\n<p id=\"block-6ff5b2c7-4ab6-440f-bcd1-435cf5a8fe8b\"><strong><mark style=\"background-color:rgba(0, 0, 0, 0)\" class=\"has-inline-color has-luminous-vivid-orange-color\">Ay\u00fadanos<\/mark><\/strong> para que m\u00e1s personas conozcan esta informaci\u00f3n,<strong> Comp\u00e1rtelo<\/strong> en tus redes sociales.<\/p>\n","protected":false},"excerpt":{"rendered":"<p>Views: 4 . Este ANTEDECENTE Surge despu\u00e9s de que, Tribunales Colegiados de Circuito TUVIERON opiniones contradictorias sobre si es necesario presentar la resoluci\u00f3n de otorgamiento de pensi\u00f3n del IMSS como requisito para reclamar la devoluci\u00f3n de los recursos de las subcuentas de una persona que dice ser pensionada. . La Suprema Corte de Justicia a [&hellip;]<\/p>\n","protected":false},"author":3,"featured_media":31229,"comment_status":"closed","ping_status":"open","sticky":false,"template":"","format":"standard","meta":{"_jetpack_memberships_contains_paid_content":false,"footnotes":""},"categories":[4],"tags":[],"jetpack_sharing_enabled":true,"jetpack_featured_media_url":"http:\/\/www.salgadonoticias.com\/wp-content\/uploads\/2025\/02\/RETIRO.jpg","_links":{"self":[{"href":"http:\/\/www.salgadonoticias.com\/index.php?rest_route=\/wp\/v2\/posts\/31222"}],"collection":[{"href":"http:\/\/www.salgadonoticias.com\/index.php?rest_route=\/wp\/v2\/posts"}],"about":[{"href":"http:\/\/www.salgadonoticias.com\/index.php?rest_route=\/wp\/v2\/types\/post"}],"author":[{"embeddable":true,"href":"http:\/\/www.salgadonoticias.com\/index.php?rest_route=\/wp\/v2\/users\/3"}],"replies":[{"embeddable":true,"href":"http:\/\/www.salgadonoticias.com\/index.php?rest_route=%2Fwp%2Fv2%2Fcomments&post=31222"}],"version-history":[{"count":7,"href":"http:\/\/www.salgadonoticias.com\/index.php?rest_route=\/wp\/v2\/posts\/31222\/revisions"}],"predecessor-version":[{"id":31236,"href":"http:\/\/www.salgadonoticias.com\/index.php?rest_route=\/wp\/v2\/posts\/31222\/revisions\/31236"}],"wp:featuredmedia":[{"embeddable":true,"href":"http:\/\/www.salgadonoticias.com\/index.php?rest_route=\/wp\/v2\/media\/31229"}],"wp:attachment":[{"href":"http:\/\/www.salgadonoticias.com\/index.php?rest_route=%2Fwp%2Fv2%2Fmedia&parent=31222"}],"wp:term":[{"taxonomy":"category","embeddable":true,"href":"http:\/\/www.salgadonoticias.com\/index.php?rest_route=%2Fwp%2Fv2%2Fcategories&post=31222"},{"taxonomy":"post_tag","embeddable":true,"href":"http:\/\/www.salgadonoticias.com\/index.php?rest_route=%2Fwp%2Fv2%2Ftags&post=31222"}],"curies":[{"name":"wp","href":"https:\/\/api.w.org\/{rel}","templated":true}]}}