{"id":31232,"date":"2025-02-18T00:33:00","date_gmt":"2025-02-18T06:33:00","guid":{"rendered":"https:\/\/www.salgadonoticias.com\/?p=31232"},"modified":"2025-02-19T09:48:37","modified_gmt":"2025-02-19T15:48:37","slug":"31232","status":"publish","type":"post","link":"http:\/\/www.salgadonoticias.com\/?p=31232","title":{"rendered":"PORTACI\u00d3N de ARMAS por 3 o m\u00e1s No VIOLA el Derecho de Reuni\u00f3n\u2026!!!"},"content":{"rendered":"<p>Views: 3<\/p>\n<p>.<\/p>\n\n\n\n<p>Este <strong>ANTEDECENTE<\/strong>:<\/p>\n\n\n\n<p><mark style=\"background-color:rgba(0, 0, 0, 0);color:#029459\" class=\"has-inline-color\"><strong>Surge<\/strong><\/mark><mark style=\"background-color:rgba(0, 0, 0, 0)\" class=\"has-inline-color has-black-color\"><strong> <\/strong>despu\u00e9s de que, en un <\/mark><mark style=\"background-color:rgba(0, 0, 0, 0);color:#029459\" class=\"has-inline-color\"><strong>amparo<\/strong><\/mark><mark style=\"background-color:rgba(0, 0, 0, 0)\" class=\"has-inline-color has-black-color\"> indirecto, se <\/mark><mark style=\"background-color:rgba(0, 0, 0, 0);color:#029459\" class=\"has-inline-color\"><strong>impugn\u00f3<\/strong> <\/mark><mark style=\"background-color:rgba(0, 0, 0, 0)\" class=\"has-inline-color has-black-color\">el <em><u>art\u00edculo que establece<\/u><\/em> una<\/mark><mark style=\"background-color:rgba(0, 0, 0, 0);color:#029459\" class=\"has-inline-color\"> <strong>agravante<\/strong> <\/mark><mark style=\"background-color:rgba(0, 0, 0, 0)\" class=\"has-inline-color has-black-color\">para el <\/mark><mark style=\"background-color:rgba(0, 0, 0, 0);color:#029459\" class=\"has-inline-color\"><strong>delito de portaci\u00f3n de armas<\/strong> <\/mark><mark style=\"background-color:rgba(0, 0, 0, 0)\" class=\"has-inline-color has-black-color\">de <em><u>uso exclusivo del Ej\u00e9rcito, Armada y Fuerza A\u00e9rea<\/u><\/em> cuando es <em><u>cometido<\/u><\/em> por <\/mark><mark style=\"background-color:rgba(0, 0, 0, 0);color:#029459\" class=\"has-inline-color\"><strong>tres o m\u00e1s personas<\/strong>, <\/mark><mark style=\"background-color:rgba(0, 0, 0, 0)\" class=\"has-inline-color has-black-color\"><em><u>argumentando<\/u><\/em> que<\/mark><mark style=\"background-color:rgba(0, 0, 0, 0);color:#029459\" class=\"has-inline-color\"> <strong>viola el derecho de reuni\u00f3n<\/strong>. <\/mark><\/p>\n\n\n\n<p><mark style=\"background-color:rgba(0, 0, 0, 0)\" class=\"has-inline-color has-black-color\">El<\/mark><mark style=\"background-color:rgba(0, 0, 0, 0);color:#029459\" class=\"has-inline-color\"> <strong>Juez <\/strong><\/mark><mark style=\"background-color:rgba(0, 0, 0, 0)\" class=\"has-inline-color has-black-color\">de Distrito<\/mark><mark style=\"background-color:rgba(0, 0, 0, 0);color:#029459\" class=\"has-inline-color\"> <strong>NEG\u00d3<\/strong><\/mark> el <em><u>amparo<\/u><\/em>, por lo que las <em><u>quejosas presentaron un recurso de revisi\u00f3n<\/u><\/em> por lo que, el Tribunal Colegiado de Circuito <em><u>remiti\u00f3 el caso a la SCJN.<\/u><\/em><\/p>\n\n\n\n<p>.<\/p>\n\n\n\n<p>La <strong><mark style=\"background-color:rgba(0, 0, 0, 0);color:#27038a\" class=\"has-inline-color\">Suprema Corte de Justicia <\/mark><\/strong>a trav\u00e9s de su Primera Sala <strong><mark style=\"background-color:rgba(0, 0, 0, 0);color:#9d0303\" class=\"has-inline-color\">DETERMIN\u00d3<\/mark> <\/strong>que el <em><strong>art\u00edculo 83<\/strong><\/em> \u00faltimo p\u00e1rrafo, de la<em> <strong>Ley Federal de Armas de Fuego y Explosivos<\/strong><\/em> <mark style=\"background-color:#a1e4f2\" class=\"has-inline-color\"><strong>NO Viola el Derecho de Reuni\u00f3n<\/strong>.<\/mark><\/p>\n\n\n\n<p>En resumen, el art\u00edculo<strong> <mark style=\"background-color:rgba(0, 0, 0, 0);color:#a54805\" class=\"has-inline-color\"><em><u>SOLO busca disuadir la portaci\u00f3n ilegal de armas<\/u><\/em>, <em><u>especialmente cuando se trata de grupos<\/u><\/em>, AUMENTANDO las penas<\/mark><\/strong> para reforzar la seguridad p\u00fablica.<\/p>\n\n\n\n<p>.<\/p>\n\n\n\n<p>La justificaci\u00f3n de la <strong><mark style=\"background-color:rgba(0, 0, 0, 0);color:#06037c\" class=\"has-inline-color\">SCJN<\/mark><\/strong> es que, si bien el <mark style=\"background-color:rgba(0, 0, 0, 0);color:#52029c\" class=\"has-inline-color\"><strong>derecho<\/strong> <\/mark><mark style=\"background-color:rgba(0, 0, 0, 0)\" class=\"has-inline-color has-black-color\">a la libertad de<\/mark><mark style=\"background-color:rgba(0, 0, 0, 0);color:#52029c\" class=\"has-inline-color\"> <strong>reuni\u00f3n<\/strong> <em><u>permite a las personas congregarse de manera pac\u00edfica y con fines l\u00edcitos<\/u><\/em>, <\/mark><mark style=\"background-color:rgba(0, 0, 0, 0)\" class=\"has-inline-color has-black-color\">esto seg\u00fan el art\u00edculo 9 de la Constituci\u00f3n; pero tambi\u00e9n<\/mark><mark style=\"background-color:rgba(0, 0, 0, 0);color:#52029c\" class=\"has-inline-color\"> <strong>PROHIBE<\/strong> las <em><u>reuniones armadas<\/u><\/em> <\/mark><mark style=\"background-color:rgba(0, 0, 0, 0)\" class=\"has-inline-color has-black-color\">y aquellas que <em><u>busquen presionar a las autoridades con violencia<\/u><\/em><\/mark><mark style=\"background-color:rgba(0, 0, 0, 0);color:#52029c\" class=\"has-inline-color\">. <\/mark><mark style=\"background-color:rgba(0, 0, 0, 0)\" class=\"has-inline-color has-black-color\">Es por ello que el <\/mark><mark style=\"background-color:rgba(0, 0, 0, 0);color:#52029c\" class=\"has-inline-color\"><em>art\u00edculo 83 de la Ley Federal de Armas de Fuego <\/em><strong>agrava el delito de portaci\u00f3n de armas<\/strong> <em>de uso exclusivo del Ej\u00e9rcito cuando es<\/em> <strong>cometido por tres o m\u00e1s personas<\/strong>,<\/mark> <em><u>aline\u00e1ndose con la prohibici\u00f3n constitucional de reuniones armadas.<\/u><\/em><\/p>\n\n\n\n<p>.<\/p>\n\n\n\n<p>Esta <strong><mark style=\"background-color:#ccebad\" class=\"has-inline-color\">RESOLUCI\u00d3N<\/mark> <\/strong>es de <strong>aplicaci\u00f3n <mark style=\"background-color:rgba(0, 0, 0, 0);color:#8a0303\" class=\"has-inline-color\">OBLIGATORIA<\/mark> <\/strong>en todo el pa\u00eds a partir de esta semana<\/p>\n\n\n\n<p><strong><mark style=\"background-color:rgba(0, 0, 0, 0);color:#04a611\" class=\"has-inline-color\">Jurisprudencia PENAL<\/mark><\/strong><\/p>\n\n\n\n<p>.<\/p>\n\n\n\n<p class=\"wp-embed-aspect-16-9 wp-has-aspect-ratio\">.<\/p>\n\n\n\n<p>Si estas en el <strong><mark style=\"background-color:rgba(0, 0, 0, 0)\" class=\"has-inline-color has-vivid-red-color\">Extranjero <\/mark><\/strong>nosotros somos tu <strong><mark style=\"background-color:rgba(0, 0, 0, 0)\" class=\"has-inline-color has-vivid-green-cyan-color\">mejor<\/mark><\/strong> alternativa para <strong><mark style=\"background-color:rgba(0, 0, 0, 0)\" class=\"has-inline-color has-luminous-vivid-orange-color\">velar<\/mark><\/strong> por tus <strong><mark style=\"background-color:rgba(0, 0, 0, 0)\" class=\"has-inline-color has-vivid-cyan-blue-color\">intereses<\/mark><\/strong>, escr\u00edbenos o ll\u00e1manos al Tel <strong>55581-11311<\/strong>.<\/p>\n\n\n\n<p>.<\/p>\n\n\n\n<p>Cuando<strong> necesites<\/strong> ayuda, <strong>asistencia<\/strong> o <strong>planeaci\u00f3n<\/strong> legal, <strong>solicita<\/strong> <strong>Cita Privada<\/strong> <a rel=\"noreferrer noopener\" href=\"mailto:bi@sm99.mx\" target=\"_blank\"><strong>Aqu\u00ed<\/strong><\/a><\/p>\n\n\n\n<p>La informaci\u00f3n que AQU\u00cd te presentamos <strong>deriva<\/strong> de los <strong>Peri\u00f3dicos Oficiales <\/strong>de la<strong> CdMx<\/strong>, <strong>Estado<\/strong> de Mex., Diario <strong>Oficial<\/strong> de la Federaci\u00f3n, Suprema Corte de<strong> Justicia<\/strong> de la Naci\u00f3n, por lo tanto es de <strong>aplicaci\u00f3n <\/strong><mark style=\"background-color:rgba(0, 0, 0, 0)\" class=\"has-inline-color has-vivid-red-color\"><strong>Obligatoria<\/strong>.<\/mark><\/p>\n\n\n\n<p id=\"block-d670f748-d45d-4f67-97f3-7b291563797e\">La <strong>informaci\u00f3n<\/strong> de hoy procede de la Suprema Corte de Justicia<\/p>\n\n\n\n<p id=\"block-6ff5b2c7-4ab6-440f-bcd1-435cf5a8fe8b\"><strong><mark style=\"background-color:rgba(0, 0, 0, 0)\" class=\"has-inline-color has-luminous-vivid-orange-color\">Ay\u00fadanos<\/mark><\/strong> para que m\u00e1s personas conozcan esta informaci\u00f3n,<strong> Comp\u00e1rtelo<\/strong> en tus redes sociales.<\/p>\n","protected":false},"excerpt":{"rendered":"<p>Views: 3 . Este ANTEDECENTE: Surge despu\u00e9s de que, en un amparo indirecto, se impugn\u00f3 el art\u00edculo que establece una agravante para el delito de portaci\u00f3n de armas de uso exclusivo del Ej\u00e9rcito, Armada y Fuerza A\u00e9rea cuando es cometido por tres o m\u00e1s personas, argumentando que viola el derecho de reuni\u00f3n. El Juez de [&hellip;]<\/p>\n","protected":false},"author":3,"featured_media":31241,"comment_status":"closed","ping_status":"open","sticky":false,"template":"","format":"standard","meta":{"_jetpack_memberships_contains_paid_content":false,"footnotes":""},"categories":[4],"tags":[],"jetpack_sharing_enabled":true,"jetpack_featured_media_url":"http:\/\/www.salgadonoticias.com\/wp-content\/uploads\/2025\/02\/gente-armada.webp","_links":{"self":[{"href":"http:\/\/www.salgadonoticias.com\/index.php?rest_route=\/wp\/v2\/posts\/31232"}],"collection":[{"href":"http:\/\/www.salgadonoticias.com\/index.php?rest_route=\/wp\/v2\/posts"}],"about":[{"href":"http:\/\/www.salgadonoticias.com\/index.php?rest_route=\/wp\/v2\/types\/post"}],"author":[{"embeddable":true,"href":"http:\/\/www.salgadonoticias.com\/index.php?rest_route=\/wp\/v2\/users\/3"}],"replies":[{"embeddable":true,"href":"http:\/\/www.salgadonoticias.com\/index.php?rest_route=%2Fwp%2Fv2%2Fcomments&post=31232"}],"version-history":[{"count":4,"href":"http:\/\/www.salgadonoticias.com\/index.php?rest_route=\/wp\/v2\/posts\/31232\/revisions"}],"predecessor-version":[{"id":31260,"href":"http:\/\/www.salgadonoticias.com\/index.php?rest_route=\/wp\/v2\/posts\/31232\/revisions\/31260"}],"wp:featuredmedia":[{"embeddable":true,"href":"http:\/\/www.salgadonoticias.com\/index.php?rest_route=\/wp\/v2\/media\/31241"}],"wp:attachment":[{"href":"http:\/\/www.salgadonoticias.com\/index.php?rest_route=%2Fwp%2Fv2%2Fmedia&parent=31232"}],"wp:term":[{"taxonomy":"category","embeddable":true,"href":"http:\/\/www.salgadonoticias.com\/index.php?rest_route=%2Fwp%2Fv2%2Fcategories&post=31232"},{"taxonomy":"post_tag","embeddable":true,"href":"http:\/\/www.salgadonoticias.com\/index.php?rest_route=%2Fwp%2Fv2%2Ftags&post=31232"}],"curies":[{"name":"wp","href":"https:\/\/api.w.org\/{rel}","templated":true}]}}