{"id":31245,"date":"2025-02-19T00:28:00","date_gmt":"2025-02-19T06:28:00","guid":{"rendered":"https:\/\/www.salgadonoticias.com\/?p=31245"},"modified":"2025-02-19T16:49:18","modified_gmt":"2025-02-19T22:49:18","slug":"31245","status":"publish","type":"post","link":"http:\/\/www.salgadonoticias.com\/?p=31245","title":{"rendered":"DESAPARECEN los ULTRAJES en EdoMex&#8230;!!!"},"content":{"rendered":"<p>Views: 6<\/p>\n<p>.<\/p>\n\n\n\n<figure class=\"wp-block-embed is-type-video is-provider-youtube wp-block-embed-youtube wp-embed-aspect-16-9 wp-has-aspect-ratio\"><div class=\"wp-block-embed__wrapper\">\n<iframe loading=\"lazy\" title=\"DESAPARECEN los ULTRAJES en EdoMex...!!!\" width=\"640\" height=\"360\" src=\"https:\/\/www.youtube.com\/embed\/sP1kYYFTMFM?feature=oembed\" frameborder=\"0\" allow=\"accelerometer; autoplay; clipboard-write; encrypted-media; gyroscope; picture-in-picture; web-share\" referrerpolicy=\"strict-origin-when-cross-origin\" allowfullscreen><\/iframe>\n<\/div><\/figure>\n\n\n\n<p>.<\/p>\n\n\n\n<p>A partir de esta semana ya <strong><mark style=\"background-color:rgba(0, 0, 0, 0);color:#7d0404\" class=\"has-inline-color\">No EXISTE el Delito de ULTRAJES<\/mark> <\/strong>en el C\u00f3digo Penal del Edo. de M\u00e9xico.<\/p>\n\n\n\n<p>Con la <em>eliminaci\u00f3n de este delito<\/em> &#8220;dicen&#8221; <em>se busca<\/em> <mark style=\"background-color:#a4ed9a\" class=\"has-inline-color\"><strong>EVITAR restricciones<\/strong><\/mark><mark style=\"background-color:#ffffff\" class=\"has-inline-color\"> desproporcionadas a la <\/mark><mark style=\"background-color:#a4ed9a\" class=\"has-inline-color\"><strong>libertad de expresi\u00f3n<\/strong><\/mark><mark style=\"background-color:#ffffff\" class=\"has-inline-color\"> y as\u00ed <\/mark><mark style=\"background-color:#a4ed9a\" class=\"has-inline-color\"><strong>garantizar<\/strong><\/mark><mark style=\"background-color:#ffffff\" class=\"has-inline-color\"> el <\/mark><mark style=\"background-color:#a4ed9a\" class=\"has-inline-color\"><strong>derecho<\/strong><\/mark><mark style=\"background-color:#ffffff\" class=\"has-inline-color\"> de la ciudadan\u00eda a <\/mark><mark style=\"background-color:#a4ed9a\" class=\"has-inline-color\"><strong>criticar<\/strong><\/mark><mark style=\"background-color:#ffffff\" class=\"has-inline-color\"> a las <em><u>personas servidoras p\u00fablicas<\/u><\/em><\/mark><strong><mark style=\"background-color:#ffffff\" class=\"has-inline-color\"> <\/mark><\/strong><mark style=\"background-color:#a4ed9a\" class=\"has-inline-color\"><strong>sin temor a represalias legales<\/strong>.<\/mark><\/p>\n\n\n\n<p>.<\/p>\n\n\n\n<p><mark style=\"background-color:#d2f45c\" class=\"has-inline-color\">El decreto <strong>elimina<\/strong> el <em><u>Cap\u00edtulo VI, del Subt\u00edtulo Segundo, del T\u00edtulo Primero, as\u00ed como los art\u00edculos 126 y 127 del C\u00f3digo Penal<\/u><\/em>.<\/mark><\/p>\n\n\n\n<p>Estos art\u00edculos <mark style=\"background-color:rgba(0, 0, 0, 0);color:#b70252\" class=\"has-inline-color\"><strong>defin\u00edan<\/strong> <\/mark><mark style=\"background-color:rgba(0, 0, 0, 0)\" class=\"has-inline-color has-black-color\">el Delito de Ultrajes<\/mark><mark style=\"background-color:rgba(0, 0, 0, 0);color:#b70252\" class=\"has-inline-color\"> <strong>como cualquier expresi\u00f3n o acci\u00f3n que implicara ofensa o desprecio<\/strong><\/mark><em><mark style=\"background-color:rgba(0, 0, 0, 0)\" class=\"has-inline-color has-black-color\"> hacia servidores p\u00fablicos o instituciones estatales o municipales<\/mark><\/em><mark style=\"background-color:rgba(0, 0, 0, 0);color:#b70252\" class=\"has-inline-color\">. <\/mark><\/p>\n\n\n\n<p><mark style=\"background-color:rgba(0, 0, 0, 0);color:#b70252\" class=\"has-inline-color\">Las <strong>sanciones<\/strong> <strong>inclu\u00edan<\/strong> <\/mark><mark style=\"background-color:rgba(0, 0, 0, 0)\" class=\"has-inline-color has-black-color\">hasta<\/mark><mark style=\"background-color:rgba(0, 0, 0, 0);color:#b70252\" class=\"has-inline-color\"> <strong>dos a\u00f1os de prisi\u00f3n<\/strong> <\/mark><mark style=\"background-color:rgba(0, 0, 0, 0)\" class=\"has-inline-color has-black-color\"><em><u>por ultrajes contra instituciones<\/u><\/em> y hasta <\/mark><mark style=\"background-color:rgba(0, 0, 0, 0);color:#b70252\" class=\"has-inline-color\"><strong>un a\u00f1o<\/strong><\/mark> <em><u>por ultrajes contra servidores p\u00fablicos<\/u><\/em>. <\/p>\n\n\n\n<p>La desaparici\u00f3n de estos art\u00edculos es importante debido a las implicaciones de estas sanciones.<\/p>\n\n\n\n<p><\/p>\n\n\n\n<p>.<\/p>\n\n\n\n<p>Si estas en el <strong><mark style=\"background-color:rgba(0, 0, 0, 0)\" class=\"has-inline-color has-vivid-red-color\">Extranjero <\/mark><\/strong>nosotros somos tu <strong><mark style=\"background-color:rgba(0, 0, 0, 0)\" class=\"has-inline-color has-vivid-green-cyan-color\">mejor<\/mark><\/strong> alternativa para <strong><mark style=\"background-color:rgba(0, 0, 0, 0)\" class=\"has-inline-color has-luminous-vivid-orange-color\">velar<\/mark><\/strong> por tus <strong><mark style=\"background-color:rgba(0, 0, 0, 0)\" class=\"has-inline-color has-vivid-cyan-blue-color\">intereses<\/mark><\/strong>, escr\u00edbenos o ll\u00e1manos al Tel <strong>55581-11311<\/strong>.<\/p>\n\n\n\n<p>.<\/p>\n\n\n\n<p>Cuando<strong> necesites<\/strong> ayuda, <strong>asistencia<\/strong> o <strong>planeaci\u00f3n<\/strong> legal, <strong>solicita<\/strong> <strong>Cita Privada<\/strong> <a rel=\"noreferrer noopener\" href=\"mailto:bi@sm99.mx\" target=\"_blank\"><strong>Aqu\u00ed<\/strong><\/a><\/p>\n\n\n\n<p>La informaci\u00f3n que AQU\u00cd te presentamos <strong>deriva<\/strong> de los <strong>Peri\u00f3dicos Oficiales <\/strong>de la<strong> CdMx<\/strong>, <strong>Estado<\/strong> de Mex., Diario <strong>Oficial<\/strong> de la Federaci\u00f3n, Suprema Corte de<strong> Justicia<\/strong> de la Naci\u00f3n, por lo tanto es de <strong>aplicaci\u00f3n <\/strong><mark style=\"background-color:rgba(0, 0, 0, 0)\" class=\"has-inline-color has-vivid-red-color\"><strong>Obligatoria<\/strong>.<\/mark><\/p>\n\n\n\n<p id=\"block-d670f748-d45d-4f67-97f3-7b291563797e\">La <strong>informaci\u00f3n<\/strong> de hoy procede de la Gaceta del EdoMex.<\/p>\n\n\n\n<p id=\"block-6ff5b2c7-4ab6-440f-bcd1-435cf5a8fe8b\"><strong><mark style=\"background-color:rgba(0, 0, 0, 0)\" class=\"has-inline-color has-luminous-vivid-orange-color\">Ay\u00fadanos<\/mark><\/strong> para que m\u00e1s personas conozcan esta informaci\u00f3n,<strong> Comp\u00e1rtelo<\/strong> en tus redes sociales.<\/p>\n","protected":false},"excerpt":{"rendered":"<p>Views: 6 . . A partir de esta semana ya No EXISTE el Delito de ULTRAJES en el C\u00f3digo Penal del Edo. de M\u00e9xico. Con la eliminaci\u00f3n de este delito &#8220;dicen&#8221; se busca EVITAR restricciones desproporcionadas a la libertad de expresi\u00f3n y as\u00ed garantizar el derecho de la ciudadan\u00eda a criticar a las personas servidoras [&hellip;]<\/p>\n","protected":false},"author":3,"featured_media":31249,"comment_status":"closed","ping_status":"open","sticky":false,"template":"","format":"standard","meta":{"_jetpack_memberships_contains_paid_content":false,"footnotes":""},"categories":[8],"tags":[],"jetpack_sharing_enabled":true,"jetpack_featured_media_url":"http:\/\/www.salgadonoticias.com\/wp-content\/uploads\/2025\/02\/ultrajes.jpg","_links":{"self":[{"href":"http:\/\/www.salgadonoticias.com\/index.php?rest_route=\/wp\/v2\/posts\/31245"}],"collection":[{"href":"http:\/\/www.salgadonoticias.com\/index.php?rest_route=\/wp\/v2\/posts"}],"about":[{"href":"http:\/\/www.salgadonoticias.com\/index.php?rest_route=\/wp\/v2\/types\/post"}],"author":[{"embeddable":true,"href":"http:\/\/www.salgadonoticias.com\/index.php?rest_route=\/wp\/v2\/users\/3"}],"replies":[{"embeddable":true,"href":"http:\/\/www.salgadonoticias.com\/index.php?rest_route=%2Fwp%2Fv2%2Fcomments&post=31245"}],"version-history":[{"count":5,"href":"http:\/\/www.salgadonoticias.com\/index.php?rest_route=\/wp\/v2\/posts\/31245\/revisions"}],"predecessor-version":[{"id":31264,"href":"http:\/\/www.salgadonoticias.com\/index.php?rest_route=\/wp\/v2\/posts\/31245\/revisions\/31264"}],"wp:featuredmedia":[{"embeddable":true,"href":"http:\/\/www.salgadonoticias.com\/index.php?rest_route=\/wp\/v2\/media\/31249"}],"wp:attachment":[{"href":"http:\/\/www.salgadonoticias.com\/index.php?rest_route=%2Fwp%2Fv2%2Fmedia&parent=31245"}],"wp:term":[{"taxonomy":"category","embeddable":true,"href":"http:\/\/www.salgadonoticias.com\/index.php?rest_route=%2Fwp%2Fv2%2Fcategories&post=31245"},{"taxonomy":"post_tag","embeddable":true,"href":"http:\/\/www.salgadonoticias.com\/index.php?rest_route=%2Fwp%2Fv2%2Ftags&post=31245"}],"curies":[{"name":"wp","href":"https:\/\/api.w.org\/{rel}","templated":true}]}}