{"id":31668,"date":"2025-04-07T00:34:50","date_gmt":"2025-04-07T06:34:50","guid":{"rendered":"https:\/\/www.salgadonoticias.com\/?p=31668"},"modified":"2025-04-08T08:20:38","modified_gmt":"2025-04-08T14:20:38","slug":"31668","status":"publish","type":"post","link":"http:\/\/www.salgadonoticias.com\/?p=31668","title":{"rendered":"V\u00eda CIVIL y ADMINISTRATIVA para Demandas contra M\u00c9DICOS de Instituciones FEDERALES\u2026!!!"},"content":{"rendered":"<p>Views: 6<\/p>\n<p>.<\/p>\n\n\n\n<figure class=\"wp-block-embed is-type-video is-provider-youtube wp-block-embed-youtube wp-embed-aspect-16-9 wp-has-aspect-ratio\"><div class=\"wp-block-embed__wrapper\">\n<iframe loading=\"lazy\" title=\"Iniciando la semana lunes 7 de abril 2025\" width=\"640\" height=\"360\" src=\"https:\/\/www.youtube.com\/embed\/lD96QSrOBfg?feature=oembed\" frameborder=\"0\" allow=\"accelerometer; autoplay; clipboard-write; encrypted-media; gyroscope; picture-in-picture; web-share\" referrerpolicy=\"strict-origin-when-cross-origin\" allowfullscreen><\/iframe>\n<\/div><\/figure>\n\n\n\n<p>.<\/p>\n\n\n\n<p>Este <strong>ANTEDECENTE<\/strong><\/p>\n\n\n\n<p><strong>Surge <\/strong>luego de que, una persona <mark style=\"background-color:#c0d7ec\" class=\"has-inline-color\"><strong>demand\u00f3<\/strong> <em><u>a una doctora del IMSS<\/u><\/em> por <strong>da\u00f1os<\/strong><\/mark> debido a una atenci\u00f3n m\u00e9dica indebida. La doctora argument\u00f3 que el caso deb\u00eda tratarse como <em><u><mark style=\"background-color:rgba(0, 0, 0, 0);color:#41047a\" class=\"has-inline-color\">responsabilidad patrimonial del Estado en la v\u00eda administrativa<\/mark><\/u><\/em><mark style=\"background-color:rgba(0, 0, 0, 0);color:#f15757\" class=\"has-inline-color\">,<\/mark> pero el Tribunal de Alzada rechaz\u00f3 esta excepci\u00f3n. En desacuerdo, la <em><u>doctora<\/u><\/em><mark style=\"background-color:#c3d3e1\" class=\"has-inline-color\"> <strong>promovi\u00f3<\/strong> un juicio de <strong>amparo<\/strong><\/mark> indirecto, que fue negado. Finalmente, la Suprema Corte revis\u00f3 el caso.<\/p>\n\n\n\n<p>.<\/p>\n\n\n\n<p>La <strong><mark style=\"background-color:rgba(0, 0, 0, 0);color:#2c049d\" class=\"has-inline-color\">Suprema Corte de Justicia<\/mark> <\/strong>a trav\u00e9s de la Primera Sala,<strong><mark style=\"background-color:rgba(0, 0, 0, 0);color:#ac0202\" class=\"has-inline-color\"> DETERMIN\u00d3<\/mark> <\/strong>que, la <mark style=\"background-color:#d8ec4c\" class=\"has-inline-color\"><strong>v\u00eda CIVIL<\/strong> es <em><u>adecuada<\/u><\/em> para <strong>DEMANDAR<\/strong> a un <em><u>m\u00e9dico<\/u><\/em> por<strong> Negligencia<\/strong><\/mark> en el IMSS, mientras que la <mark style=\"background-color:#8df5fc\" class=\"has-inline-color\"><strong>v\u00eda Administrativa<\/strong> es id\u00f3nea para <strong>EXIGIR<\/strong> al Estado la <strong>reparaci\u00f3n de da\u00f1os<\/strong><\/mark> <em><u>causados por el personal m\u00e9dico.<\/u><\/em><\/p>\n\n\n\n<p>.<\/p>\n\n\n\n<p>La justificaci\u00f3n de la <strong><mark style=\"background-color:rgba(0, 0, 0, 0);color:#0703bb\" class=\"has-inline-color\">SCJN<\/mark> <\/strong>es que, el juicio <mark style=\"background-color:rgba(0, 0, 0, 0);color:#cc076c\" class=\"has-inline-color\"><strong>CIVIL<\/strong> <\/mark><mark style=\"background-color:rgba(0, 0, 0, 0)\" class=\"has-inline-color has-black-color\">es<\/mark><mark style=\"background-color:rgba(0, 0, 0, 0);color:#cc076c\" class=\"has-inline-color\"> <strong>adecuado<\/strong> <\/mark><mark style=\"background-color:rgba(0, 0, 0, 0)\" class=\"has-inline-color has-black-color\">para <em><u>demandar a un m\u00e9dico<\/u><\/em> por<\/mark><mark style=\"background-color:rgba(0, 0, 0, 0);color:#cc076c\" class=\"has-inline-color\"> <strong>da\u00f1os causados a pacientes<\/strong>,<\/mark><mark style=\"background-color:rgba(0, 0, 0, 0)\" class=\"has-inline-color has-black-color\"> ya que se basa en la culpa o<\/mark><mark style=\"background-color:rgba(0, 0, 0, 0);color:#cc076c\" class=\"has-inline-color\"> <strong>negligencia del m\u00e9dico<\/strong><\/mark>. Sin embargo, para<mark style=\"background-color:rgba(0, 0, 0, 0)\" class=\"has-inline-color has-black-color\"> <em><u>reclamar<\/u><\/em> la <\/mark><mark style=\"background-color:rgba(0, 0, 0, 0);color:#c95401\" class=\"has-inline-color\"><strong>responsabilidad patrimonial <\/strong><\/mark><mark style=\"background-color:rgba(0, 0, 0, 0)\" class=\"has-inline-color has-black-color\">del Estado por <em><u>servicios de salud prestados<\/u><\/em> por instituciones federales como el <\/mark><mark style=\"background-color:rgba(0, 0, 0, 0);color:#c95401\" class=\"has-inline-color\"><strong>IMSS<\/strong> <\/mark><mark style=\"background-color:rgba(0, 0, 0, 0)\" class=\"has-inline-color has-black-color\">o el <em><u>ISSSTE,<\/u><\/em> la<\/mark><mark style=\"background-color:rgba(0, 0, 0, 0);color:#c95401\" class=\"has-inline-color\"> <strong>v\u00eda adecuada es la administrativa<\/strong><\/mark>, CONFORME a la <strong>Ley<\/strong> Federal de <strong>Responsabilidad Patrimonial<\/strong> del Estado.<\/p>\n\n\n\n<p>.<\/p>\n\n\n\n<p>Esta <strong><mark style=\"background-color:#fad9c2\" class=\"has-inline-color\">RESOLUCI\u00d3N<\/mark> <\/strong>es de <strong>aplicaci\u00f3n<\/strong> <strong><mark style=\"background-color:rgba(0, 0, 0, 0);color:#c30202\" class=\"has-inline-color\">OBLIGATORIA<\/mark> <\/strong>a partir de esta semana en todo el pa\u00eds.<\/p>\n\n\n\n<p><strong><mark style=\"background-color:rgba(0, 0, 0, 0)\" class=\"has-inline-color has-luminous-vivid-orange-color\">Jurisprudencia CIVIL<\/mark><\/strong><\/p>\n\n\n\n<p class=\"has-small-font-size\">Registro digital: <strong>2030197<\/strong><\/p>\n\n\n\n<p>.<\/p>\n\n\n\n<p class=\"wp-embed-aspect-16-9 wp-has-aspect-ratio\">Si estas en el <strong><mark style=\"background-color:rgba(0, 0, 0, 0)\" class=\"has-inline-color has-vivid-red-color\">Extranjero <\/mark><\/strong>nosotros somos tu <strong><mark style=\"background-color:rgba(0, 0, 0, 0)\" class=\"has-inline-color has-vivid-green-cyan-color\">mejor<\/mark><\/strong> alternativa para <strong><mark style=\"background-color:rgba(0, 0, 0, 0)\" class=\"has-inline-color has-luminous-vivid-orange-color\">velar<\/mark><\/strong> por tus <strong><mark style=\"background-color:rgba(0, 0, 0, 0)\" class=\"has-inline-color has-vivid-cyan-blue-color\">intereses<\/mark><\/strong>, escr\u00edbenos o ll\u00e1manos al Tel <strong>55581-11311<\/strong>.<\/p>\n\n\n\n<p>.<\/p>\n\n\n\n<p>Cuando<strong> necesites<\/strong> ayuda, <strong>asistencia<\/strong> o <strong>planeaci\u00f3n<\/strong> legal, <strong>solicita<\/strong> <strong>Cita Privada<\/strong> <a rel=\"noreferrer noopener\" href=\"mailto:bi@sm99.mx\" target=\"_blank\"><strong>Aqu\u00ed<\/strong><\/a><\/p>\n\n\n\n<p>La informaci\u00f3n que AQU\u00cd te presentamos <strong>deriva<\/strong> de los <strong>Peri\u00f3dicos Oficiales <\/strong>de la<strong> CdMx<\/strong>, <strong>Estado<\/strong> de Mex., Diario <strong>Oficial<\/strong> de la Federaci\u00f3n, Suprema Corte de<strong> Justicia<\/strong> de la Naci\u00f3n, por lo tanto es de <strong>aplicaci\u00f3n OBLIGATORIA<\/strong><\/p>\n\n\n\n<p>La <strong>informaci\u00f3n<\/strong> de hoy procede de la Suprema Corte de Justicia<\/p>\n\n\n\n<p><strong><mark style=\"background-color:rgba(0, 0, 0, 0)\" class=\"has-inline-color has-luminous-vivid-orange-color\">AY\u00daDANOS<\/mark><\/strong> para que m\u00e1s personas conozcan esta informaci\u00f3n, <strong>Comp\u00e1rtelo<\/strong> en tus redes sociales<\/p>\n","protected":false},"excerpt":{"rendered":"<p>Views: 6 . . Este ANTEDECENTE Surge luego de que, una persona demand\u00f3 a una doctora del IMSS por da\u00f1os debido a una atenci\u00f3n m\u00e9dica indebida. La doctora argument\u00f3 que el caso deb\u00eda tratarse como responsabilidad patrimonial del Estado en la v\u00eda administrativa, pero el Tribunal de Alzada rechaz\u00f3 esta excepci\u00f3n. En desacuerdo, la doctora [&hellip;]<\/p>\n","protected":false},"author":3,"featured_media":31677,"comment_status":"closed","ping_status":"open","sticky":false,"template":"","format":"standard","meta":{"_jetpack_memberships_contains_paid_content":false,"footnotes":""},"categories":[4],"tags":[],"jetpack_sharing_enabled":true,"jetpack_featured_media_url":"http:\/\/www.salgadonoticias.com\/wp-content\/uploads\/2025\/04\/NGE.jpeg","_links":{"self":[{"href":"http:\/\/www.salgadonoticias.com\/index.php?rest_route=\/wp\/v2\/posts\/31668"}],"collection":[{"href":"http:\/\/www.salgadonoticias.com\/index.php?rest_route=\/wp\/v2\/posts"}],"about":[{"href":"http:\/\/www.salgadonoticias.com\/index.php?rest_route=\/wp\/v2\/types\/post"}],"author":[{"embeddable":true,"href":"http:\/\/www.salgadonoticias.com\/index.php?rest_route=\/wp\/v2\/users\/3"}],"replies":[{"embeddable":true,"href":"http:\/\/www.salgadonoticias.com\/index.php?rest_route=%2Fwp%2Fv2%2Fcomments&post=31668"}],"version-history":[{"count":6,"href":"http:\/\/www.salgadonoticias.com\/index.php?rest_route=\/wp\/v2\/posts\/31668\/revisions"}],"predecessor-version":[{"id":31693,"href":"http:\/\/www.salgadonoticias.com\/index.php?rest_route=\/wp\/v2\/posts\/31668\/revisions\/31693"}],"wp:featuredmedia":[{"embeddable":true,"href":"http:\/\/www.salgadonoticias.com\/index.php?rest_route=\/wp\/v2\/media\/31677"}],"wp:attachment":[{"href":"http:\/\/www.salgadonoticias.com\/index.php?rest_route=%2Fwp%2Fv2%2Fmedia&parent=31668"}],"wp:term":[{"taxonomy":"category","embeddable":true,"href":"http:\/\/www.salgadonoticias.com\/index.php?rest_route=%2Fwp%2Fv2%2Fcategories&post=31668"},{"taxonomy":"post_tag","embeddable":true,"href":"http:\/\/www.salgadonoticias.com\/index.php?rest_route=%2Fwp%2Fv2%2Ftags&post=31668"}],"curies":[{"name":"wp","href":"https:\/\/api.w.org\/{rel}","templated":true}]}}