{"id":31680,"date":"2025-04-08T00:30:00","date_gmt":"2025-04-08T06:30:00","guid":{"rendered":"https:\/\/www.salgadonoticias.com\/?p=31680"},"modified":"2025-04-08T19:58:03","modified_gmt":"2025-04-09T01:58:03","slug":"laboralimprocedente-multa-por-falta-de-solucion-en-conciliacion","status":"publish","type":"post","link":"http:\/\/www.salgadonoticias.com\/?p=31680","title":{"rendered":"IMPROCEDENTE Multa por FALTA de SOLUCI\u00d3N en CONCILIACI\u00d3N Laboral\u2026!!!"},"content":{"rendered":"<p>Views: 26<\/p>\n<p>.<\/p>\n\n\n\n<figure class=\"wp-block-embed is-type-video is-provider-youtube wp-block-embed-youtube wp-embed-aspect-16-9 wp-has-aspect-ratio\"><div class=\"wp-block-embed__wrapper\">\n<iframe loading=\"lazy\" title=\"Lo destacado del martes 8 de abril 2025\" width=\"640\" height=\"360\" src=\"https:\/\/www.youtube.com\/embed\/DT6Gi7w-tYE?feature=oembed\" frameborder=\"0\" allow=\"accelerometer; autoplay; clipboard-write; encrypted-media; gyroscope; picture-in-picture; web-share\" referrerpolicy=\"strict-origin-when-cross-origin\" allowfullscreen><\/iframe>\n<\/div><\/figure>\n\n\n\n<p>.<\/p>\n\n\n\n<p>Este <strong>ANTEDECENTE<\/strong><\/p>\n\n\n\n<p><mark style=\"background-color:rgba(0, 0, 0, 0);color:#038551\" class=\"has-inline-color\"><strong>Surge<\/strong><\/mark><mark style=\"background-color:rgba(0, 0, 0, 0)\" class=\"has-inline-color has-black-color\"><strong> <\/strong>luego de que, un Tribunal Laboral Federal <\/mark><mark style=\"background-color:rgba(0, 0, 0, 0);color:#038551\" class=\"has-inline-color\"><strong>mult\u00f3<\/strong> <\/mark><mark style=\"background-color:rgba(0, 0, 0, 0)\" class=\"has-inline-color has-black-color\">al <em><u>apoderado legal<\/u><\/em> de la parte demandada, esto seg\u00fan el art\u00edculo 48 de la Ley Federal del Trabajo<\/mark><mark style=\"background-color:rgba(0, 0, 0, 0);color:#038551\" class=\"has-inline-color\">, <strong>por presentar excepciones improcedentes<\/strong> y <strong>no resolver el conflicto<\/strong><\/mark><mark style=\"background-color:rgba(0, 0, 0, 0)\" class=\"has-inline-color has-black-color\"> en la etapa de<\/mark><mark style=\"background-color:rgba(0, 0, 0, 0);color:#038551\" class=\"has-inline-color\"> <strong>conciliaci\u00f3n prejudicial<\/strong><\/mark>, lo que indicaba un beneficio indebido para aquella.<\/p>\n\n\n\n<p>.<\/p>\n\n\n\n<p>La <strong><mark style=\"background-color:rgba(0, 0, 0, 0);color:#2107ab\" class=\"has-inline-color\">Suprema Corte de Justicia<\/mark> <\/strong>a trav\u00e9s del Tribunal Colegiado de Circuito,<strong> <mark style=\"background-color:rgba(0, 0, 0, 0);color:#960606\" class=\"has-inline-color\">DETERMIN\u00d3<\/mark> <\/strong>que, <mark style=\"background-color:#f7c640\" class=\"has-inline-color\"><strong>NO PROCEDE <\/strong><\/mark><mark style=\"background-color:#ffffff\" class=\"has-inline-color\">imponer la <\/mark><mark style=\"background-color:#f7c640\" class=\"has-inline-color\"><strong>multa<\/strong><\/mark><mark style=\"background-color:#ffffff\" class=\"has-inline-color\"> del <em><u>art\u00edculo 48 de la LFT<\/u><\/em>, <strong>DEBIDO<\/strong> a que el <\/mark><mark style=\"background-color:#f7c640\" class=\"has-inline-color\"><strong>conflicto NO se resolvi\u00f3 en la conciliaci\u00f3n prejudicial<\/strong>.<\/mark><\/p>\n\n\n\n<p>.<\/p>\n\n\n\n<p>La justificaci\u00f3n de la <strong><mark style=\"background-color:rgba(0, 0, 0, 0);color:#1b0577\" class=\"has-inline-color\">SCJN<\/mark> <\/strong>es que, la <mark style=\"background-color:rgba(0, 0, 0, 0);color:#b00568\" class=\"has-inline-color\"><strong>norma sanciona a abogados<\/strong><\/mark><mark style=\"background-color:rgba(0, 0, 0, 0)\" class=\"has-inline-color has-black-color\"> que <em><u>promuevan excepciones improcedentes<\/u><\/em> para <\/mark><mark style=\"background-color:rgba(0, 0, 0, 0);color:#b00568\" class=\"has-inline-color\"><strong>prolongar u obstaculizar juicios<\/strong>. <\/mark><mark style=\"background-color:rgba(0, 0, 0, 0)\" class=\"has-inline-color has-black-color\">Pero,<\/mark><mark style=\"background-color:rgba(0, 0, 0, 0);color:#b00568\" class=\"has-inline-color\"> <strong>si no hay pruebas de tal conducta<\/strong>, <\/mark><mark style=\"background-color:rgba(0, 0, 0, 0)\" class=\"has-inline-color has-black-color\"><em><u>no se justifica la sanci\u00f3n<\/u><\/em>, ya que no debe limitarse el derecho de defensa. Aunque la <em><u>conciliaci\u00f3n es obligatoria en el nuevo sistema de justicia laboral<\/u><\/em><\/mark><mark style=\"background-color:rgba(0, 0, 0, 0);color:#b00568\" class=\"has-inline-color\">, <strong>resolver el conflicto en esa etapa es opcional para las partes.<\/strong><\/mark><\/p>\n\n\n\n<p>.<\/p>\n\n\n\n<p>Esta <strong><mark style=\"background-color:#fad9c2\" class=\"has-inline-color\">RESOLUCI\u00d3N<\/mark> <\/strong>es de <strong>aplicaci\u00f3n<\/strong> <strong><mark style=\"background-color:rgba(0, 0, 0, 0);color:#c30202\" class=\"has-inline-color\">OBLIGATORIA<\/mark> <\/strong>a partir de esta semana en todo el pa\u00eds.<\/p>\n\n\n\n<p><strong><mark style=\"background-color:rgba(0, 0, 0, 0)\" class=\"has-inline-color has-luminous-vivid-orange-color\">Jurisprudencia CIVIL<\/mark><\/strong><\/p>\n\n\n\n<p class=\"has-small-font-size\">Registro digital: <strong>2030197<\/strong><\/p>\n\n\n\n<p>.<\/p>\n\n\n\n<p class=\"wp-embed-aspect-16-9 wp-has-aspect-ratio\">Si estas en el <strong><mark style=\"background-color:rgba(0, 0, 0, 0)\" class=\"has-inline-color has-vivid-red-color\">Extranjero <\/mark><\/strong>nosotros somos tu <strong><mark style=\"background-color:rgba(0, 0, 0, 0)\" class=\"has-inline-color has-vivid-green-cyan-color\">mejor<\/mark><\/strong> alternativa para <strong><mark style=\"background-color:rgba(0, 0, 0, 0)\" class=\"has-inline-color has-luminous-vivid-orange-color\">velar<\/mark><\/strong> por tus <strong><mark style=\"background-color:rgba(0, 0, 0, 0)\" class=\"has-inline-color has-vivid-cyan-blue-color\">intereses<\/mark><\/strong>, escr\u00edbenos o ll\u00e1manos al Tel <strong>55581-11311<\/strong>.<\/p>\n\n\n\n<p>.<\/p>\n\n\n\n<p>Cuando<strong> necesites<\/strong> ayuda, <strong>asistencia<\/strong> o <strong>planeaci\u00f3n<\/strong> legal, <strong>solicita<\/strong> <strong>Cita Privada<\/strong> <a rel=\"noreferrer noopener\" href=\"mailto:bi@sm99.mx\" target=\"_blank\"><strong>Aqu\u00ed<\/strong><\/a><\/p>\n\n\n\n<p>La informaci\u00f3n que AQU\u00cd te presentamos <strong>deriva<\/strong> de los <strong>Peri\u00f3dicos Oficiales <\/strong>de la<strong> CdMx<\/strong>, <strong>Estado<\/strong> de Mex., Diario <strong>Oficial<\/strong> de la Federaci\u00f3n, Suprema Corte de<strong> Justicia<\/strong> de la Naci\u00f3n, por lo tanto es de <strong>aplicaci\u00f3n OBLIGATORIA<\/strong><\/p>\n\n\n\n<p>La <strong>informaci\u00f3n<\/strong> de hoy procede de la Suprema Corte de Justicia<\/p>\n\n\n\n<p><strong><mark style=\"background-color:rgba(0, 0, 0, 0)\" class=\"has-inline-color has-luminous-vivid-orange-color\">AY\u00daDANOS<\/mark><\/strong> para que m\u00e1s personas conozcan esta informaci\u00f3n, <strong>Comp\u00e1rtelo<\/strong> en tus redes sociales<\/p>\n\n\n\n<p>.<\/p>\n\n\n\n<p><\/p>\n","protected":false},"excerpt":{"rendered":"<p>Views: 26 . . Este ANTEDECENTE Surge luego de que, un Tribunal Laboral Federal mult\u00f3 al apoderado legal de la parte demandada, esto seg\u00fan el art\u00edculo 48 de la Ley Federal del Trabajo, por presentar excepciones improcedentes y no resolver el conflicto en la etapa de conciliaci\u00f3n prejudicial, lo que indicaba un beneficio indebido para [&hellip;]<\/p>\n","protected":false},"author":3,"featured_media":31683,"comment_status":"closed","ping_status":"open","sticky":false,"template":"","format":"standard","meta":{"_jetpack_memberships_contains_paid_content":false,"footnotes":""},"categories":[4,1],"tags":[],"jetpack_sharing_enabled":true,"jetpack_featured_media_url":"http:\/\/www.salgadonoticias.com\/wp-content\/uploads\/2025\/04\/multa.webp","_links":{"self":[{"href":"http:\/\/www.salgadonoticias.com\/index.php?rest_route=\/wp\/v2\/posts\/31680"}],"collection":[{"href":"http:\/\/www.salgadonoticias.com\/index.php?rest_route=\/wp\/v2\/posts"}],"about":[{"href":"http:\/\/www.salgadonoticias.com\/index.php?rest_route=\/wp\/v2\/types\/post"}],"author":[{"embeddable":true,"href":"http:\/\/www.salgadonoticias.com\/index.php?rest_route=\/wp\/v2\/users\/3"}],"replies":[{"embeddable":true,"href":"http:\/\/www.salgadonoticias.com\/index.php?rest_route=%2Fwp%2Fv2%2Fcomments&post=31680"}],"version-history":[{"count":3,"href":"http:\/\/www.salgadonoticias.com\/index.php?rest_route=\/wp\/v2\/posts\/31680\/revisions"}],"predecessor-version":[{"id":31696,"href":"http:\/\/www.salgadonoticias.com\/index.php?rest_route=\/wp\/v2\/posts\/31680\/revisions\/31696"}],"wp:featuredmedia":[{"embeddable":true,"href":"http:\/\/www.salgadonoticias.com\/index.php?rest_route=\/wp\/v2\/media\/31683"}],"wp:attachment":[{"href":"http:\/\/www.salgadonoticias.com\/index.php?rest_route=%2Fwp%2Fv2%2Fmedia&parent=31680"}],"wp:term":[{"taxonomy":"category","embeddable":true,"href":"http:\/\/www.salgadonoticias.com\/index.php?rest_route=%2Fwp%2Fv2%2Fcategories&post=31680"},{"taxonomy":"post_tag","embeddable":true,"href":"http:\/\/www.salgadonoticias.com\/index.php?rest_route=%2Fwp%2Fv2%2Ftags&post=31680"}],"curies":[{"name":"wp","href":"https:\/\/api.w.org\/{rel}","templated":true}]}}