{"id":31684,"date":"2025-04-08T00:36:00","date_gmt":"2025-04-08T06:36:00","guid":{"rendered":"https:\/\/www.salgadonoticias.com\/?p=31684"},"modified":"2025-04-09T13:42:12","modified_gmt":"2025-04-09T19:42:12","slug":"31684","status":"publish","type":"post","link":"http:\/\/www.salgadonoticias.com\/?p=31684","title":{"rendered":"PATRON y TRABAJADOR deben Probar la INASISTENCIA o la RELACI\u00d3N Laboral\u2026!!!"},"content":{"rendered":"<p>Views: 3<\/p>\n<p>.<\/p>\n\n\n\n<figure class=\"wp-block-embed is-type-video is-provider-youtube wp-block-embed-youtube wp-embed-aspect-16-9 wp-has-aspect-ratio\"><div class=\"wp-block-embed__wrapper\">\n<iframe loading=\"lazy\" title=\"Mi\u00e9rcoles 9 de abril, lo relevante para hoy\" width=\"640\" height=\"360\" src=\"https:\/\/www.youtube.com\/embed\/CipFFP5W41Q?feature=oembed\" frameborder=\"0\" allow=\"accelerometer; autoplay; clipboard-write; encrypted-media; gyroscope; picture-in-picture; web-share\" referrerpolicy=\"strict-origin-when-cross-origin\" allowfullscreen><\/iframe>\n<\/div><\/figure>\n\n\n\n<p>.<\/p>\n\n\n\n<p>Este <strong>ANTEDECENTE<\/strong><\/p>\n\n\n\n<p><mark style=\"background-color:#c7def3\" class=\"has-inline-color\"><strong>Surge<\/strong><\/mark><mark style=\"background-color:#ffffff\" class=\"has-inline-color\"><strong> <\/strong>luego de que, en un juicio <\/mark><mark style=\"background-color:#c7def3\" class=\"has-inline-color\"><strong>laboral<\/strong><\/mark><mark style=\"background-color:#ffffff\" class=\"has-inline-color\">, la <em><u>empresa<\/u><\/em> <\/mark><mark style=\"background-color:#c7def3\" class=\"has-inline-color\"><strong>neg\u00f3<\/strong><\/mark><mark style=\"background-color:#ffffff\" class=\"has-inline-color\"> <em><u>haber despedido a la trabajadora<\/u><\/em>, <\/mark><mark style=\"background-color:#c7def3\" class=\"has-inline-color\"><strong>alegando<\/strong> <\/mark><mark style=\"background-color:#ffffff\" class=\"has-inline-color\">que <em><u>ella dej\u00f3 de presentarse antes de la fecha de despido<\/u><\/em> mencionada en la demanda. La Junta determin\u00f3 que el despido fue real y <\/mark><mark style=\"background-color:#c7def3\" class=\"has-inline-color\"><strong>conden\u00f3 al patr\u00f3n<\/strong>,<\/mark><mark style=\"background-color:#ffffff\" class=\"has-inline-color\"> ya que <\/mark><mark style=\"background-color:#c7def3\" class=\"has-inline-color\"><strong>deb\u00eda probar que el v\u00ednculo laboral a\u00fan exist\u00eda<\/strong>.<\/mark><\/p>\n\n\n\n<p>.<\/p>\n\n\n\n<p>la <strong><mark style=\"background-color:rgba(0, 0, 0, 0);color:#0f0385\" class=\"has-inline-color\">Suprema Corte de Justicia<\/mark> <\/strong>a trav\u00e9s del Tribunal Colegiado de Circuito la Primera Sala,<strong> <mark style=\"background-color:rgba(0, 0, 0, 0);color:#970101\" class=\"has-inline-color\">DETERMIN\u00d3<\/mark> <\/strong>que,<strong> <em><u><mark style=\"background-color:rgba(0, 0, 0, 0);color:#f86902\" class=\"has-inline-color\">si el trabajador dice haber sido despedido despu\u00e9s de la fecha que el patr\u00f3n menciona<\/mark><\/u><\/em><\/strong>, primero el <mark style=\"background-color:#45f2ad\" class=\"has-inline-color\"><strong>Patr\u00f3n debe probar que el trabajador dej\u00f3 de presentarse<\/strong>.<\/mark><mark style=\"background-color:#ffffff\" class=\"has-inline-color\"> <em><u>Si lo hace<\/u><\/em>, la <\/mark><mark style=\"background-color:#45f2ad\" class=\"has-inline-color\"><strong>trabajadora<\/strong><\/mark><mark style=\"background-color:#ffffff\" class=\"has-inline-color\"> ser\u00e1 quien deba <\/mark><mark style=\"background-color:#45f2ad\" class=\"has-inline-color\"><strong>demostrar<\/strong><\/mark><mark style=\"background-color:#ffffff\" class=\"has-inline-color\"> que la <\/mark><mark style=\"background-color:#45f2ad\" class=\"has-inline-color\"><strong>relaci\u00f3n laboral continu\u00f3 hasta la fecha del despido.<\/strong><\/mark><\/p>\n\n\n\n<p>.<\/p>\n\n\n\n<p>La justificaci\u00f3n de la <strong><mark style=\"background-color:rgba(0, 0, 0, 0);color:#110491\" class=\"has-inline-color\">SCJN<\/mark> <\/strong>es que, el <mark style=\"background-color:rgba(0, 0, 0, 0);color:#450482\" class=\"has-inline-color\"><strong>despido<\/strong><\/mark><mark style=\"background-color:rgba(0, 0, 0, 0)\" class=\"has-inline-color has-black-color\"> requiere que<strong> <\/strong><\/mark><mark style=\"background-color:rgba(0, 0, 0, 0);color:#450482\" class=\"has-inline-color\"><strong>exista <\/strong>una <strong>relaci\u00f3n laboral VIGENTE<\/strong>, <\/mark><mark style=\"background-color:rgba(0, 0, 0, 0)\" class=\"has-inline-color has-black-color\">es decir, que <em><u>el trabajador est\u00e9 prestando servicios subordinados y recibiendo un salario<\/u><\/em>. Si el Empleador <\/mark><mark style=\"background-color:rgba(0, 0, 0, 0);color:#450482\" class=\"has-inline-color\"><strong>NO demuestra que el trabajador dej\u00f3 de acudir al trabajo<\/strong> <\/mark><mark style=\"background-color:rgba(0, 0, 0, 0)\" class=\"has-inline-color has-black-color\"><em><u>desde una fecha espec\u00edfica, no podr\u00e1 probar que la relaci\u00f3n laboral a\u00fan exist\u00eda<\/u><\/em>. Esto <\/mark><mark style=\"background-color:rgba(0, 0, 0, 0);color:#450482\" class=\"has-inline-color\"><strong>implica que no justific\u00f3 su defensa y se considerar\u00e1 que HUBO DESPIDO<\/strong>, <\/mark><mark style=\"background-color:rgba(0, 0, 0, 0)\" class=\"has-inline-color has-black-color\"><em><u>SIN que el trabajador<\/u><\/em> tenga que <\/mark><mark style=\"background-color:rgba(0, 0, 0, 0);color:#450482\" class=\"has-inline-color\"><strong>probar la existencia del v\u00ednculo laboral.<\/strong><\/mark><\/p>\n\n\n\n<p>.<\/p>\n\n\n\n<p>Esta <strong><mark style=\"background-color:#f8ce5c\" class=\"has-inline-color\">RESOLUCI\u00d3N<\/mark> <\/strong>est\u00e1 <strong>disponible<\/strong> para <strong><mark style=\"background-color:rgba(0, 0, 0, 0);color:#f30c0c\" class=\"has-inline-color\">quien la conozca y la haga valer<\/mark><\/strong> a partir de esta semana en todo el pa\u00eds.<\/p>\n\n\n\n<p><strong><mark style=\"background-color:rgba(0, 0, 0, 0);color:#f3bb20\" class=\"has-inline-color\">Tesis LABORAL<\/mark><\/strong><\/p>\n\n\n\n<p class=\"has-small-font-size\"><strong>Registro digital<\/strong>: 2030190<\/p>\n\n\n\n<p>.<\/p>\n\n\n\n<p class=\"wp-embed-aspect-16-9 wp-has-aspect-ratio\">Si estas en el <strong><mark style=\"background-color:rgba(0, 0, 0, 0)\" class=\"has-inline-color has-vivid-red-color\">Extranjero <\/mark><\/strong>nosotros somos tu <strong><mark style=\"background-color:rgba(0, 0, 0, 0)\" class=\"has-inline-color has-vivid-green-cyan-color\">mejor<\/mark><\/strong> alternativa para <strong><mark style=\"background-color:rgba(0, 0, 0, 0)\" class=\"has-inline-color has-luminous-vivid-orange-color\">velar<\/mark><\/strong> por tus <strong><mark style=\"background-color:rgba(0, 0, 0, 0)\" class=\"has-inline-color has-vivid-cyan-blue-color\">intereses<\/mark><\/strong>, escr\u00edbenos o ll\u00e1manos al Tel <strong>55581-11311<\/strong>.<\/p>\n\n\n\n<p>.<\/p>\n\n\n\n<p>Cuando<strong> necesites<\/strong> ayuda, <strong>asistencia<\/strong> o <strong>planeaci\u00f3n<\/strong> legal, <strong>solicita<\/strong> <strong>Cita Privada<\/strong> <a rel=\"noreferrer noopener\" href=\"mailto:bi@sm99.mx\" target=\"_blank\"><strong>Aqu\u00ed<\/strong><\/a><\/p>\n\n\n\n<p>La informaci\u00f3n que AQU\u00cd te presentamos <strong>deriva<\/strong> de los <strong>Peri\u00f3dicos Oficiales <\/strong>de la<strong> CdMx<\/strong>, <strong>Estado<\/strong> de Mex., Diario <strong>Oficial<\/strong> de la Federaci\u00f3n, Suprema Corte de<strong> Justicia<\/strong> de la Naci\u00f3n, por lo tanto es de <strong>aplicaci\u00f3n OBLIGATORIA<\/strong><\/p>\n\n\n\n<p>La <strong>informaci\u00f3n<\/strong> de hoy procede de la Suprema Corte de Justicia<\/p>\n\n\n\n<p><strong><mark style=\"background-color:rgba(0, 0, 0, 0)\" class=\"has-inline-color has-luminous-vivid-orange-color\">AY\u00daDANOS<\/mark><\/strong> para que m\u00e1s personas conozcan esta informaci\u00f3n, <strong>Comp\u00e1rtelo<\/strong> en tus redes sociales<\/p>\n","protected":false},"excerpt":{"rendered":"<p>Views: 3 . . Este ANTEDECENTE Surge luego de que, en un juicio laboral, la empresa neg\u00f3 haber despedido a la trabajadora, alegando que ella dej\u00f3 de presentarse antes de la fecha de despido mencionada en la demanda. La Junta determin\u00f3 que el despido fue real y conden\u00f3 al patr\u00f3n, ya que deb\u00eda probar que [&hellip;]<\/p>\n","protected":false},"author":3,"featured_media":31698,"comment_status":"closed","ping_status":"open","sticky":false,"template":"","format":"standard","meta":{"_jetpack_memberships_contains_paid_content":false,"footnotes":""},"categories":[4],"tags":[],"jetpack_sharing_enabled":true,"jetpack_featured_media_url":"http:\/\/www.salgadonoticias.com\/wp-content\/uploads\/2025\/04\/CARGO.jpg","_links":{"self":[{"href":"http:\/\/www.salgadonoticias.com\/index.php?rest_route=\/wp\/v2\/posts\/31684"}],"collection":[{"href":"http:\/\/www.salgadonoticias.com\/index.php?rest_route=\/wp\/v2\/posts"}],"about":[{"href":"http:\/\/www.salgadonoticias.com\/index.php?rest_route=\/wp\/v2\/types\/post"}],"author":[{"embeddable":true,"href":"http:\/\/www.salgadonoticias.com\/index.php?rest_route=\/wp\/v2\/users\/3"}],"replies":[{"embeddable":true,"href":"http:\/\/www.salgadonoticias.com\/index.php?rest_route=%2Fwp%2Fv2%2Fcomments&post=31684"}],"version-history":[{"count":9,"href":"http:\/\/www.salgadonoticias.com\/index.php?rest_route=\/wp\/v2\/posts\/31684\/revisions"}],"predecessor-version":[{"id":31709,"href":"http:\/\/www.salgadonoticias.com\/index.php?rest_route=\/wp\/v2\/posts\/31684\/revisions\/31709"}],"wp:featuredmedia":[{"embeddable":true,"href":"http:\/\/www.salgadonoticias.com\/index.php?rest_route=\/wp\/v2\/media\/31698"}],"wp:attachment":[{"href":"http:\/\/www.salgadonoticias.com\/index.php?rest_route=%2Fwp%2Fv2%2Fmedia&parent=31684"}],"wp:term":[{"taxonomy":"category","embeddable":true,"href":"http:\/\/www.salgadonoticias.com\/index.php?rest_route=%2Fwp%2Fv2%2Fcategories&post=31684"},{"taxonomy":"post_tag","embeddable":true,"href":"http:\/\/www.salgadonoticias.com\/index.php?rest_route=%2Fwp%2Fv2%2Ftags&post=31684"}],"curies":[{"name":"wp","href":"https:\/\/api.w.org\/{rel}","templated":true}]}}