{"id":31718,"date":"2025-04-11T00:06:00","date_gmt":"2025-04-11T06:06:00","guid":{"rendered":"https:\/\/www.salgadonoticias.com\/?p=31718"},"modified":"2025-04-12T12:41:23","modified_gmt":"2025-04-12T18:41:23","slug":"31718","status":"publish","type":"post","link":"http:\/\/www.salgadonoticias.com\/?p=31718","title":{"rendered":"Constancia de NEGATIVA de Modificaci\u00f3n de PENSI\u00d3N, NO es Requisito en Demanda&#8230;!!!"},"content":{"rendered":"<p>Views: 4<\/p>\n<p>.<\/p>\n\n\n\n<figure class=\"wp-block-embed is-type-video is-provider-youtube wp-block-embed-youtube wp-embed-aspect-16-9 wp-has-aspect-ratio\"><div class=\"wp-block-embed__wrapper\">\n<iframe loading=\"lazy\" title=\"Mantente informado este s\u00e1bado 12 de abril 2025\" width=\"640\" height=\"360\" src=\"https:\/\/www.youtube.com\/embed\/cyyUBIdhQhI?feature=oembed\" frameborder=\"0\" allow=\"accelerometer; autoplay; clipboard-write; encrypted-media; gyroscope; picture-in-picture; web-share\" referrerpolicy=\"strict-origin-when-cross-origin\" allowfullscreen><\/iframe>\n<\/div><\/figure>\n\n\n\n<p>.<\/p>\n\n\n\n<p>Este <strong>ANTEDECENTE<\/strong><\/p>\n\n\n\n<p><mark style=\"background-color:rgba(0, 0, 0, 0);color:#030869\" class=\"has-inline-color\"><strong>Surge<\/strong><\/mark><mark style=\"background-color:rgba(0, 0, 0, 0)\" class=\"has-inline-color has-black-color\"><strong> <\/strong>luego de que, Tribunales Colegiados de Circuito llegaron a <strong>opiniones <\/strong><\/mark><strong><mark style=\"background-color:rgba(0, 0, 0, 0)\" class=\"has-inline-color has-vivid-red-color\">contradictorias<\/mark><\/strong><mark style=\"background-color:rgba(0, 0, 0, 0)\" class=\"has-inline-color has-black-color\"> sobre si, al<\/mark><mark style=\"background-color:rgba(0, 0, 0, 0);color:#030869\" class=\"has-inline-color\"> <strong>reclamar la modificaci\u00f3n de una pensi\u00f3n<\/strong><\/mark><mark style=\"background-color:rgba(0, 0, 0, 0)\" class=\"has-inline-color has-black-color\"> por <em><u>cesant\u00eda en edad avanzada o vejez<\/u><\/em>, es <\/mark><mark style=\"background-color:rgba(0, 0, 0, 0);color:#030869\" class=\"has-inline-color\"><strong>necesario presentar la <\/strong><\/mark><strong><mark style=\"background-color:#f78da7;color:#030869\" class=\"has-inline-color\">constancia de negativa de modificaci\u00f3n<\/mark><\/strong><mark style=\"background-color:rgba(0, 0, 0, 0);color:#030869\" class=\"has-inline-color\"> <\/mark><mark style=\"background-color:rgba(0, 0, 0, 0)\" class=\"has-inline-color has-black-color\">del IMSS o el<\/mark><mark style=\"background-color:rgba(0, 0, 0, 0);color:#030869\" class=\"has-inline-color\"> <strong>acuse de recibo de la solicitud<\/strong>.<\/mark><mark style=\"background-color:rgba(0, 0, 0, 0)\" class=\"has-inline-color has-black-color\"> <\/mark><\/p>\n\n\n\n<p><mark style=\"background-color:rgba(0, 0, 0, 0)\" class=\"has-inline-color has-black-color\"><em><u>Un tribunal <\/u><\/em>considera que estos documentos son<\/mark><mark style=\"background-color:rgba(0, 0, 0, 0);color:#030869\" class=\"has-inline-color\"> <strong>requisitos necesarios<\/strong><\/mark><mark style=\"background-color:rgba(0, 0, 0, 0)\" class=\"has-inline-color has-black-color\"> seg\u00fan el art\u00edculo 899-C de la Ley Federal del Trabajo, mientras que el <em><u>otro tribunal opina que<\/u><\/em> <\/mark><mark style=\"background-color:rgba(0, 0, 0, 0);color:#030869\" class=\"has-inline-color\"><strong>basta con presentar la constancia de otorgamiento de la pensi\u00f3n<\/strong>.<\/mark><\/p>\n\n\n\n<p>.<\/p>\n\n\n\n<p>La <strong><mark style=\"background-color:rgba(0, 0, 0, 0);color:#05078c\" class=\"has-inline-color\">Suprema Corte de Justicia<\/mark> <\/strong>a trav\u00e9s del Pleno Regional en materias Penal y de Trabajo regi\u00f3n Centro-Norte, con sede en la CdMx, <strong><mark style=\"background-color:rgba(0, 0, 0, 0);color:#990606\" class=\"has-inline-color\">DETERMIN\u00d3<\/mark> <\/strong>que, la <mark style=\"background-color:rgba(0, 0, 0, 0);color:#059028\" class=\"has-inline-color\"><em><u>constancia de negativa de modificaci\u00f3n de pensi\u00f3n, o el acuse de recibo de la solicitud,<\/u><\/em> <strong>NO son requisitos necesarios<\/strong> <em><u>para acompa\u00f1ar la demanda de<\/u><\/em> <strong>ajuste o modificaci\u00f3n de pensi\u00f3n<\/strong><\/mark>, seg\u00fan el art\u00edculo en menci\u00f3n.<\/p>\n\n\n\n<p>.<\/p>\n\n\n\n<p>La justificaci\u00f3n es que, la<mark style=\"background-color:rgba(0, 0, 0, 0);color:#2d0383\" class=\"has-inline-color\"> <strong>SCJN<\/strong><\/mark> establece que las <em><u>leyes que requieren acompa\u00f1ar documentos fundatorios con la demanda se basan en la buena fe procesal<\/u><\/em>, para<mark style=\"background-color:#fad46c\" class=\"has-inline-color\"> <strong>evitar acciones sin fundamento<\/strong><\/mark><mark style=\"background-color:#ffffff\" class=\"has-inline-color\"> y asegurar que el demandado pueda preparar su defensa. Seg\u00fan el art\u00edculo 899-C de la LFT, si se <\/mark><mark style=\"background-color:#fad46c\" class=\"has-inline-color\"><strong>solicita la revisi\u00f3n del monto de una pensi\u00f3n<\/strong>,<\/mark><mark style=\"background-color:#ffffff\" class=\"has-inline-color\"> la <em><u>solicitud de modificaci\u00f3<\/u><\/em>n ante el IMSS <\/mark><mark style=\"background-color:#fad46c\" class=\"has-inline-color\"><strong>no es relevante para la defensa<\/strong><\/mark><mark style=\"background-color:#fad46c\" class=\"has-inline-color has-white-color\"> del demandado, ya que <\/mark><mark style=\"background-color:#fad46c\" class=\"has-inline-color\"><strong>no afecta<\/strong><\/mark> su capacidad de responder a la demanda.<\/p>\n\n\n\n<p>Por otro lado, la negativa de modificaci\u00f3n de pensi\u00f3n o el acuse de recibo de la solicitud <mark style=\"background-color:#f7c438\" class=\"has-inline-color\"><strong>no son imprescindibles para presentar la demanda<\/strong>.<\/mark><mark style=\"background-color:#ffffff\" class=\"has-inline-color\"> Estos documentos, provenientes del demandado, pueden ser aportados por el actor al juicio desde la presentaci\u00f3n de la demanda. La <\/mark><mark style=\"background-color:#f7c438\" class=\"has-inline-color\"><strong>\u00fanica consecuencia de no exhibirlos es que el proceso podr\u00eda demorar m\u00e1s<\/strong>, <\/mark>ya que el demandado podr\u00eda aportarlos en un momento posterior.<\/p>\n\n\n\n<p>.<\/p>\n\n\n\n<p>Cuando se <mark style=\"background-color:#f6d073\" class=\"has-inline-color\"><strong>demanda el ajuste o modificaci\u00f3n de una pensi\u00f3n<\/strong><\/mark><mark style=\"background-color:#ffffff\" class=\"has-inline-color\"> del r\u00e9gimen de seguridad social obligatorio, <\/mark><mark style=\"background-color:#f6d073\" class=\"has-inline-color\"><strong>no es necesario<\/strong><\/mark><mark style=\"background-color:#ffffff\" class=\"has-inline-color\"> acompa\u00f1ar la constancia de negativa de modificaci\u00f3n de pensi\u00f3n del IMSS ni el acuse de recibo de la solicitud. Seg\u00fan el art\u00edculo 899-C de la LFT, ya que estos documentos <em><u>no son la base de la acci\u00f3n<\/u><\/em>. <\/mark><mark style=\"background-color:#f6d073\" class=\"has-inline-color\"><strong>Exigirlos contravendr\u00eda el derecho<\/strong><\/mark><mark style=\"background-color:#ffffff\" class=\"has-inline-color\"> de acceso a la justicia, ya que <\/mark><mark style=\"background-color:#f6d073\" class=\"has-inline-color\"><strong>no est\u00e1n previstos en la ley<\/strong> <\/mark>y <em><u>no tienen vinculaci\u00f3n directa con los hechos de la demanda, lo que solo alargar\u00eda el tiempo de resoluci\u00f3n<\/u><\/em>.<\/p>\n\n\n\n<p>.<\/p>\n\n\n\n<p>Esta <strong><mark style=\"background-color:#b1f7dd\" class=\"has-inline-color\">RESOLUCI\u00d3N<\/mark> <\/strong>es de <strong>aplicaci\u00f3n<\/strong> <strong><mark style=\"background-color:rgba(0, 0, 0, 0);color:#8c0909\" class=\"has-inline-color\">OBLIGATORIA<\/mark> <\/strong>a partir de esta semana en todo el pa\u00eds.<\/p>\n\n\n\n<p><strong><mark style=\"background-color:rgba(0, 0, 0, 0);color:#037a4e\" class=\"has-inline-color\">Jurisprudencia LABORAL<\/mark><\/strong><\/p>\n\n\n\n<p class=\"has-small-font-size\"><strong>Registro digital<\/strong>: 2030188<\/p>\n\n\n\n<p>.<\/p>\n\n\n\n<p class=\"wp-embed-aspect-16-9 wp-has-aspect-ratio\">Si estas en el <strong><mark style=\"background-color:rgba(0, 0, 0, 0)\" class=\"has-inline-color has-vivid-red-color\">Extranjero <\/mark><\/strong>nosotros somos tu <strong><mark style=\"background-color:rgba(0, 0, 0, 0)\" class=\"has-inline-color has-vivid-green-cyan-color\">mejor<\/mark><\/strong> alternativa para <strong><mark style=\"background-color:rgba(0, 0, 0, 0)\" class=\"has-inline-color has-luminous-vivid-orange-color\">velar<\/mark><\/strong> por tus <strong><mark style=\"background-color:rgba(0, 0, 0, 0)\" class=\"has-inline-color has-vivid-cyan-blue-color\">intereses<\/mark><\/strong>, escr\u00edbenos o ll\u00e1manos al Tel <strong>55581-11311<\/strong>.<\/p>\n\n\n\n<p class=\"wp-embed-aspect-16-9 wp-has-aspect-ratio\">.<\/p>\n\n\n\n<p class=\"wp-embed-aspect-16-9 wp-has-aspect-ratio\">Cuando<strong> necesites<\/strong> ayuda, <strong>asistencia<\/strong> o <strong>planeaci\u00f3n<\/strong> legal, <strong>solicita<\/strong> <strong>Cita Privada<\/strong> <a rel=\"noreferrer noopener\" href=\"mailto:bi@sm99.mx\" target=\"_blank\"><strong>Aqu\u00ed<\/strong><\/a><\/p>\n\n\n\n<p class=\"wp-embed-aspect-16-9 wp-has-aspect-ratio\">La informaci\u00f3n que AQU\u00cd te presentamos <strong>deriva<\/strong> de los <strong>Peri\u00f3dicos Oficiales <\/strong>de la<strong> CdMx<\/strong>, <strong>Estado<\/strong> de Mex., Diario <strong>Oficial<\/strong> de la Federaci\u00f3n, Suprema Corte de<strong> Justicia<\/strong> de la Naci\u00f3n, por lo tanto es de <strong>aplicaci\u00f3n OBLIGATORIA<\/strong><\/p>\n\n\n\n<p class=\"wp-embed-aspect-16-9 wp-has-aspect-ratio\">La <strong>informaci\u00f3n<\/strong> de hoy procede de la Suprema Corte de Justicia<\/p>\n\n\n\n<p class=\"wp-embed-aspect-16-9 wp-has-aspect-ratio\"><strong><mark style=\"background-color:rgba(0, 0, 0, 0)\" class=\"has-inline-color has-luminous-vivid-orange-color\">AY\u00daDANOS<\/mark><\/strong> para que m\u00e1s personas conozcan esta informaci\u00f3n, <strong>Comp\u00e1rtelo<\/strong> en tus redes sociales<\/p>\n","protected":false},"excerpt":{"rendered":"<p>Views: 4 . . Este ANTEDECENTE Surge luego de que, Tribunales Colegiados de Circuito llegaron a opiniones contradictorias sobre si, al reclamar la modificaci\u00f3n de una pensi\u00f3n por cesant\u00eda en edad avanzada o vejez, es necesario presentar la constancia de negativa de modificaci\u00f3n del IMSS o el acuse de recibo de la solicitud. Un tribunal [&hellip;]<\/p>\n","protected":false},"author":3,"featured_media":31728,"comment_status":"closed","ping_status":"open","sticky":false,"template":"","format":"standard","meta":{"_jetpack_memberships_contains_paid_content":false,"footnotes":""},"categories":[4],"tags":[],"jetpack_sharing_enabled":true,"jetpack_featured_media_url":"http:\/\/www.salgadonoticias.com\/wp-content\/uploads\/2025\/04\/PENSION-2.jpg","_links":{"self":[{"href":"http:\/\/www.salgadonoticias.com\/index.php?rest_route=\/wp\/v2\/posts\/31718"}],"collection":[{"href":"http:\/\/www.salgadonoticias.com\/index.php?rest_route=\/wp\/v2\/posts"}],"about":[{"href":"http:\/\/www.salgadonoticias.com\/index.php?rest_route=\/wp\/v2\/types\/post"}],"author":[{"embeddable":true,"href":"http:\/\/www.salgadonoticias.com\/index.php?rest_route=\/wp\/v2\/users\/3"}],"replies":[{"embeddable":true,"href":"http:\/\/www.salgadonoticias.com\/index.php?rest_route=%2Fwp%2Fv2%2Fcomments&post=31718"}],"version-history":[{"count":6,"href":"http:\/\/www.salgadonoticias.com\/index.php?rest_route=\/wp\/v2\/posts\/31718\/revisions"}],"predecessor-version":[{"id":31743,"href":"http:\/\/www.salgadonoticias.com\/index.php?rest_route=\/wp\/v2\/posts\/31718\/revisions\/31743"}],"wp:featuredmedia":[{"embeddable":true,"href":"http:\/\/www.salgadonoticias.com\/index.php?rest_route=\/wp\/v2\/media\/31728"}],"wp:attachment":[{"href":"http:\/\/www.salgadonoticias.com\/index.php?rest_route=%2Fwp%2Fv2%2Fmedia&parent=31718"}],"wp:term":[{"taxonomy":"category","embeddable":true,"href":"http:\/\/www.salgadonoticias.com\/index.php?rest_route=%2Fwp%2Fv2%2Fcategories&post=31718"},{"taxonomy":"post_tag","embeddable":true,"href":"http:\/\/www.salgadonoticias.com\/index.php?rest_route=%2Fwp%2Fv2%2Ftags&post=31718"}],"curies":[{"name":"wp","href":"https:\/\/api.w.org\/{rel}","templated":true}]}}