{"id":31862,"date":"2025-04-28T00:30:00","date_gmt":"2025-04-28T06:30:00","guid":{"rendered":"https:\/\/www.salgadonoticias.com\/?p=31862"},"modified":"2025-04-28T18:28:19","modified_gmt":"2025-04-29T00:28:19","slug":"31862","status":"publish","type":"post","link":"http:\/\/www.salgadonoticias.com\/?p=31862","title":{"rendered":"En DESCUENTO a Trabajadores por PRESTACI\u00d3N EXTRALEGAL, Patr\u00f3n Deber\u00e1 PROBAR su Origen .\u2026!!!"},"content":{"rendered":"<p>Views: 12<\/p>\n<p>.<\/p>\n\n\n\n<figure class=\"wp-block-embed is-type-video is-provider-youtube wp-block-embed-youtube wp-embed-aspect-16-9 wp-has-aspect-ratio\"><div class=\"wp-block-embed__wrapper\">\n<iframe loading=\"lazy\" title=\"Lo relevante del inicio de semana  28-abril-2025\" width=\"640\" height=\"360\" src=\"https:\/\/www.youtube.com\/embed\/cPlxPGYmS1M?feature=oembed\" frameborder=\"0\" allow=\"accelerometer; autoplay; clipboard-write; encrypted-media; gyroscope; picture-in-picture; web-share\" referrerpolicy=\"strict-origin-when-cross-origin\" allowfullscreen><\/iframe>\n<\/div><\/figure>\n\n\n\n<p>.<\/p>\n\n\n\n<p>Este <strong>ANTEDECENTE<\/strong><\/p>\n\n\n\n<p><mark style=\"background-color:rgba(0, 0, 0, 0);color:#dc5f05\" class=\"has-inline-color\"><strong>Surge <\/strong><\/mark><mark style=\"background-color:rgba(0, 0, 0, 0)\" class=\"has-inline-color has-black-color\">luego de que los Tribunales Colegiados de Circuito tienen <strong>opiniones <\/strong><\/mark><strong><mark style=\"background-color:rgba(0, 0, 0, 0)\" class=\"has-inline-color has-vivid-red-color\">contradictorias<\/mark><\/strong><mark style=\"background-color:rgba(0, 0, 0, 0)\" class=\"has-inline-color has-black-color\"> sobre <\/mark><mark style=\"background-color:rgba(0, 0, 0, 0);color:#dc5f05\" class=\"has-inline-color\"><strong>qui\u00e9n debe asumir<\/strong><\/mark><mark style=\"background-color:rgba(0, 0, 0, 0)\" class=\"has-inline-color has-black-color\"> la <em><u>carga de la prueba cuando se reclama un descuento por &#8220;ajustes varios&#8221;<\/u><\/em> que <\/mark><mark style=\"background-color:rgba(0, 0, 0, 0);color:#dc5f05\" class=\"has-inline-color\"><strong>coincide con el ISR<\/strong> <\/mark><mark style=\"background-color:rgba(0, 0, 0, 0)\" class=\"has-inline-color has-black-color\"><em><u>sobre una prestaci\u00f3n extralegal<\/u><\/em>.<\/mark><mark style=\"background-color:rgba(0, 0, 0, 0);color:#dc5f05\" class=\"has-inline-color\"> <\/mark><\/p>\n\n\n\n<p><mark style=\"background-color:rgba(0, 0, 0, 0);color:#dc5f05\" class=\"has-inline-color\"><strong>Un tribunal dice que la carga es del <\/strong><\/mark><strong><mark style=\"background-color:rgba(0, 0, 0, 0)\" class=\"has-inline-color has-vivid-red-color\">patr\u00f3n<\/mark><\/strong><mark style=\"background-color:rgba(0, 0, 0, 0);color:#dc5f05\" class=\"has-inline-color\"><strong>, el otro dice que es del <\/strong><\/mark><strong><mark style=\"background-color:rgba(0, 0, 0, 0)\" class=\"has-inline-color has-vivid-red-color\">trabajador<\/mark><\/strong><mark style=\"background-color:rgba(0, 0, 0, 0);color:#dc5f05\" class=\"has-inline-color\"><strong>.<\/strong><\/mark><\/p>\n\n\n\n<p>.<\/p>\n\n\n\n<p>La <strong><mark style=\"background-color:rgba(0, 0, 0, 0);color:#0815ab\" class=\"has-inline-color\">Suprema Corte de Justicia<\/mark> <\/strong>a trav\u00e9s del Pleno Regional en Materia Penal y de Trabajo de la Regi\u00f3n Centro-Sur<strong> <mark style=\"background-color:rgba(0, 0, 0, 0);color:#990101\" class=\"has-inline-color\">DETERMIN\u00d3<\/mark><\/strong> que cuando un trabajador<em> <\/em><mark style=\"background-color:#91f85e\" class=\"has-inline-color\"><em><strong>reclama un descuento<\/strong><\/em><\/mark><mark style=\"background-color:#ffffff\" class=\"has-inline-color\"><em> por <\/em>&#8220;ajustes varios&#8221; que coincide con el <\/mark><mark style=\"background-color:#91f85e\" class=\"has-inline-color\"><strong>ISR<\/strong><\/mark><mark style=\"background-color:#ffffff\" class=\"has-inline-color\"><em><u> sobre una prestaci\u00f3n extralegal<\/u><\/em>, la <\/mark><mark style=\"background-color:#91f85e\" class=\"has-inline-color\"><strong>CARGA de la prueba<\/strong><\/mark><mark style=\"background-color:#ffffff\" class=\"has-inline-color\"> se revierte al <\/mark><mark style=\"background-color:#91f85e\" class=\"has-inline-color\"><strong>patr\u00f3n<\/strong> para <strong>demostrar que no es ese impuesto<\/strong>.<\/mark><\/p>\n\n\n\n<p>.<\/p>\n\n\n\n<p>La justificaci\u00f3n de la <strong><mark style=\"background-color:rgba(0, 0, 0, 0);color:#1303b9\" class=\"has-inline-color\">SCJN<\/mark><\/strong> es que, en general, los<strong> <\/strong><mark style=\"background-color:#dcfae9\" class=\"has-inline-color\"><strong>trabajadores <\/strong>DEBEN<strong> probar la existencia y procedencia de las prestaciones extralegales.<\/strong><\/mark><mark style=\"background-color:#ffffff\" class=\"has-inline-color\"><strong> <\/strong><\/mark><\/p>\n\n\n\n<p><mark style=\"background-color:#ffffff\" class=\"has-inline-color\">Sin embargo, si el<strong> <\/strong><\/mark><mark style=\"background-color:#dcfae9\" class=\"has-inline-color\"><strong>patr\u00f3n<\/strong><\/mark><mark style=\"background-color:#ffffff\" class=\"has-inline-color\"><strong> <\/strong>alega que un <\/mark><mark style=\"background-color:#dcfae9\" class=\"has-inline-color\"><strong>descuento por ISR<\/strong><\/mark><mark style=\"background-color:#ffffff\" class=\"has-inline-color\"><strong> <\/strong><em><u>es distinto al de una prestaci\u00f3n extralegal exenta de ese impuesto, pero los montos coinciden<\/u><\/em><strong>, <\/strong>la <\/mark><mark style=\"background-color:#dcfae9\" class=\"has-inline-color\"><strong>carga de la prueba <\/strong>se REVIERTE al<strong> patr\u00f3n.<\/strong><\/mark><\/p>\n\n\n\n<p><strong><mark style=\"background-color:#e3fab3\" class=\"has-inline-color\">Esto se debe a que el patr\u00f3n tiene mejores medios para demostrar que el descuento no corresponde al ISR de la prestaci\u00f3n extralegal.<\/mark><\/strong><\/p>\n\n\n\n<p>.<\/p>\n\n\n\n<p>Esta <strong><mark style=\"background-color:#f2a6c3\" class=\"has-inline-color\">RESOLUCI\u00d3N<\/mark> <\/strong>es de <strong>aplicaci\u00f3n <mark style=\"background-color:rgba(0, 0, 0, 0);color:#7c0101\" class=\"has-inline-color\">OBLIGATORIA<\/mark> <\/strong>en todo el pa\u00eds a partir de esta semana.<\/p>\n\n\n\n<p><strong><mark style=\"background-color:rgba(0, 0, 0, 0);color:#a60b55\" class=\"has-inline-color\">Jurisprudencia LABORAL<\/mark><\/strong><\/p>\n\n\n\n<p class=\"has-small-font-size\"><strong>Registro digital<\/strong>: 2030288<\/p>\n\n\n\n<p>.<\/p>\n\n\n\n<p class=\"wp-embed-aspect-16-9 wp-has-aspect-ratio\">Si estas en el <strong><mark style=\"background-color:rgba(0, 0, 0, 0)\" class=\"has-inline-color has-vivid-red-color\">Extranjero <\/mark><\/strong>nosotros somos tu <strong><mark style=\"background-color:rgba(0, 0, 0, 0)\" class=\"has-inline-color has-vivid-green-cyan-color\">mejor<\/mark><\/strong> alternativa para <strong><mark style=\"background-color:rgba(0, 0, 0, 0)\" class=\"has-inline-color has-luminous-vivid-orange-color\">velar<\/mark><\/strong> por tus <strong><mark style=\"background-color:rgba(0, 0, 0, 0)\" class=\"has-inline-color has-vivid-cyan-blue-color\">intereses<\/mark><\/strong>, escr\u00edbenos o ll\u00e1manos al Tel <strong>55581-11311<\/strong>.<\/p>\n\n\n\n<p class=\"wp-embed-aspect-16-9 wp-has-aspect-ratio\">.<\/p>\n\n\n\n<p class=\"wp-embed-aspect-16-9 wp-has-aspect-ratio\">Cuando<strong> necesites<\/strong> ayuda, <strong>asistencia<\/strong> o <strong>planeaci\u00f3n<\/strong> legal, <strong>solicita<\/strong> <strong>Cita Privada<\/strong> <a rel=\"noreferrer noopener\" href=\"mailto:bi@sm99.mx\" target=\"_blank\"><strong>Aqu\u00ed<\/strong><\/a><\/p>\n\n\n\n<p class=\"wp-embed-aspect-16-9 wp-has-aspect-ratio\">La informaci\u00f3n que AQU\u00cd te presentamos <strong>deriva<\/strong> de los <strong>Peri\u00f3dicos Oficiales <\/strong>de la<strong> CdMx<\/strong>, <strong>Estado<\/strong> de Mex., Diario <strong>Oficial<\/strong> de la Federaci\u00f3n, Suprema Corte de<strong> Justicia<\/strong> de la Naci\u00f3n, por lo tanto es de <strong>aplicaci\u00f3n OBLIGATORIA<\/strong><\/p>\n\n\n\n<p class=\"wp-embed-aspect-16-9 wp-has-aspect-ratio\">La <strong>informaci\u00f3n<\/strong> de hoy procede de la Suprema Corte de Justicia<\/p>\n\n\n\n<p class=\"wp-embed-aspect-16-9 wp-has-aspect-ratio\"><strong><mark style=\"background-color:rgba(0, 0, 0, 0)\" class=\"has-inline-color has-luminous-vivid-orange-color\">AY\u00daDANOS<\/mark><\/strong> para que m\u00e1s personas conozcan esta informaci\u00f3n, <strong>Comp\u00e1rtelo<\/strong> en tus redes sociales<\/p>\n","protected":false},"excerpt":{"rendered":"<p>Views: 12 . . Este ANTEDECENTE Surge luego de que los Tribunales Colegiados de Circuito tienen opiniones contradictorias sobre qui\u00e9n debe asumir la carga de la prueba cuando se reclama un descuento por &#8220;ajustes varios&#8221; que coincide con el ISR sobre una prestaci\u00f3n extralegal. Un tribunal dice que la carga es del patr\u00f3n, el otro [&hellip;]<\/p>\n","protected":false},"author":3,"featured_media":31866,"comment_status":"closed","ping_status":"open","sticky":false,"template":"","format":"standard","meta":{"_jetpack_memberships_contains_paid_content":false,"footnotes":""},"categories":[4],"tags":[],"jetpack_sharing_enabled":true,"jetpack_featured_media_url":"http:\/\/www.salgadonoticias.com\/wp-content\/uploads\/2025\/04\/ISR.webp","_links":{"self":[{"href":"http:\/\/www.salgadonoticias.com\/index.php?rest_route=\/wp\/v2\/posts\/31862"}],"collection":[{"href":"http:\/\/www.salgadonoticias.com\/index.php?rest_route=\/wp\/v2\/posts"}],"about":[{"href":"http:\/\/www.salgadonoticias.com\/index.php?rest_route=\/wp\/v2\/types\/post"}],"author":[{"embeddable":true,"href":"http:\/\/www.salgadonoticias.com\/index.php?rest_route=\/wp\/v2\/users\/3"}],"replies":[{"embeddable":true,"href":"http:\/\/www.salgadonoticias.com\/index.php?rest_route=%2Fwp%2Fv2%2Fcomments&post=31862"}],"version-history":[{"count":4,"href":"http:\/\/www.salgadonoticias.com\/index.php?rest_route=\/wp\/v2\/posts\/31862\/revisions"}],"predecessor-version":[{"id":31869,"href":"http:\/\/www.salgadonoticias.com\/index.php?rest_route=\/wp\/v2\/posts\/31862\/revisions\/31869"}],"wp:featuredmedia":[{"embeddable":true,"href":"http:\/\/www.salgadonoticias.com\/index.php?rest_route=\/wp\/v2\/media\/31866"}],"wp:attachment":[{"href":"http:\/\/www.salgadonoticias.com\/index.php?rest_route=%2Fwp%2Fv2%2Fmedia&parent=31862"}],"wp:term":[{"taxonomy":"category","embeddable":true,"href":"http:\/\/www.salgadonoticias.com\/index.php?rest_route=%2Fwp%2Fv2%2Fcategories&post=31862"},{"taxonomy":"post_tag","embeddable":true,"href":"http:\/\/www.salgadonoticias.com\/index.php?rest_route=%2Fwp%2Fv2%2Ftags&post=31862"}],"curies":[{"name":"wp","href":"https:\/\/api.w.org\/{rel}","templated":true}]}}