{"id":31870,"date":"2025-04-29T00:30:00","date_gmt":"2025-04-29T06:30:00","guid":{"rendered":"https:\/\/www.salgadonoticias.com\/?p=31870"},"modified":"2025-04-30T14:50:17","modified_gmt":"2025-04-30T20:50:17","slug":"31870","status":"publish","type":"post","link":"http:\/\/www.salgadonoticias.com\/?p=31870","title":{"rendered":"Indemnizaci\u00f3n por DA\u00d1OS en Contrato MERCANTIL.\u2026!!!"},"content":{"rendered":"<p>Views: 15<\/p>\n<p>.<\/p>\n\n\n\n<figure class=\"wp-block-embed is-type-video is-provider-youtube wp-block-embed-youtube wp-embed-aspect-16-9 wp-has-aspect-ratio\"><div class=\"wp-block-embed__wrapper\">\n<iframe loading=\"lazy\" title=\"Lo relevante de este 30 abril 2025\" width=\"640\" height=\"360\" src=\"https:\/\/www.youtube.com\/embed\/agH4Kz4XU7E?feature=oembed\" frameborder=\"0\" allow=\"accelerometer; autoplay; clipboard-write; encrypted-media; gyroscope; picture-in-picture; web-share\" referrerpolicy=\"strict-origin-when-cross-origin\" allowfullscreen><\/iframe>\n<\/div><\/figure>\n\n\n\n<p>.<\/p>\n\n\n\n<p>Este <strong>ANTEDECENTE<\/strong><\/p>\n\n\n\n<p><mark style=\"background-color:#f4e3b4\" class=\"has-inline-color\"><strong>Surge<\/strong><\/mark><mark style=\"background-color:#ffffff\" class=\"has-inline-color\"><strong> <\/strong>luego de que, en un <em><u>juicio oral mercantil,<\/u><\/em> se demand\u00f3 el <\/mark><mark style=\"background-color:#f4e3b4\" class=\"has-inline-color\"><strong>pago<\/strong> de <strong>da\u00f1os y perjuicios<\/strong><\/mark><mark style=\"background-color:#ffffff\" class=\"has-inline-color\"> debido al <\/mark><mark style=\"background-color:#f4e3b4\" class=\"has-inline-color\"><strong>incumplimiento<\/strong><\/mark><mark style=\"background-color:#ffffff\" class=\"has-inline-color\"> de un <em><u>contrato de suministro de materiales<\/u><\/em>. <\/mark><\/p>\n\n\n\n<p><mark style=\"background-color:#ffffff\" class=\"has-inline-color\">El <\/mark><mark style=\"background-color:#f4e3b4\" class=\"has-inline-color\"><strong><em>j<\/em>uez<\/strong><\/mark><mark style=\"background-color:#ffffff\" class=\"has-inline-color\"><strong> <\/strong><em><u>acept\u00f3 la demanda<\/u><\/em> y <\/mark><mark style=\"background-color:#f4e3b4\" class=\"has-inline-color\"><strong>conden\u00f3<\/strong> <\/mark>a la parte demandada a <em><u>pagar una indemnizaci\u00f3n<\/u><\/em>, aunque no se presentaron pruebas concretas de los da\u00f1os ni se especificaron en la demanda.<\/p>\n\n\n\n<p>.<\/p>\n\n\n\n<p>La <strong><mark style=\"background-color:rgba(0, 0, 0, 0);color:#0b029d\" class=\"has-inline-color\">Suprema Corte de Justicia<\/mark> <\/strong>a trav\u00e9s del Tribunal Colegiado de Circuito<strong><mark style=\"background-color:rgba(0, 0, 0, 0);color:#770606\" class=\"has-inline-color\"> DETERMIN\u00d3<\/mark> <\/strong>que, para condenar al <mark style=\"background-color:#c5f75f\" class=\"has-inline-color has-black-color\"><strong>pago <\/strong>de <em><u>da\u00f1os y perjuicios<\/u><\/em>, la <em><u>demanda<\/u><\/em> <strong>debe detallar<\/strong> los <strong>hechos<\/strong> y <strong>presentar<\/strong> <strong>pruebas fehacientes<\/strong>.<\/mark><\/p>\n\n\n\n<p>.<\/p>\n\n\n\n<p>La justificaci\u00f3n de la <strong><mark style=\"background-color:rgba(0, 0, 0, 0);color:#0f069c\" class=\"has-inline-color\">SCJN<\/mark><\/strong> es que, seg\u00fan los art\u00edculos<strong> <\/strong><mark style=\"background-color:#8ef0c8\" class=\"has-inline-color\"><strong>1327, 1390 Bis 11, fracc V y 1390 Bis 13 <\/strong>del<strong> C\u00f3digo de Comercio<\/strong>, la <em><u>sentencia<\/u><\/em> DEBE <em><u>abordar<\/u><\/em> <strong>\u00fanicamente las acciones y excepciones<\/strong><\/mark><mark style=\"background-color:#ffffff\" class=\"has-inline-color\"> <em><u>presentadas en la demanda y la contestaci\u00f3n<\/u><\/em>. <\/mark><\/p>\n\n\n\n<p><mark style=\"background-color:#ffffff\" class=\"has-inline-color\">Adem\u00e1s, en los <em><u>juicios orales mercantiles<\/u><\/em>, la parte <em><u>actora<\/u><\/em> debe <\/mark><mark style=\"background-color:#8ef0c8\" class=\"has-inline-color\"><strong>detallar<\/strong> los <strong>hechos que fundamentan su acci\u00f3n<\/strong><\/mark>, <em><u>indicar los documentos relacionados y proporcionar los nombres de los testigos<\/u><\/em>.<\/p>\n\n\n\n<p>Por lo tanto, para <em><u>obtener una indemnizaci\u00f3n por da\u00f1os y perjuicios<\/u><\/em>, <strong>no basta con afirmarlo<\/strong>; es <em><u>necesario detallar en la demanda <\/u><\/em>la <strong>p\u00e9rdida sufrida y la privaci\u00f3n de ganancia<\/strong>, y presentar pruebas fehacientes.<\/p>\n\n\n\n<p>.<\/p>\n\n\n\n<p>Esta<mark style=\"background-color:#c498ec\" class=\"has-inline-color has-black-color\"> <strong>RESOLUCI\u00d3N<\/strong><\/mark><strong> <\/strong>est\u00e1 <strong>disponible <\/strong>para quien la <mark style=\"background-color:rgba(0, 0, 0, 0);color:#8e0303\" class=\"has-inline-color\"><strong>CONOZCA <\/strong>y <strong>la HAGA VALER<\/strong><\/mark><strong> <\/strong>en todo el pa\u00eds a partir de esta semana.<\/p>\n\n\n\n<p><strong><mark style=\"background-color:#ceb0ea\" class=\"has-inline-color\">Tesis CIVIL<\/mark><\/strong><\/p>\n\n\n\n<p class=\"has-small-font-size\"><strong>Registro digital<\/strong>: 2030291<\/p>\n\n\n\n<p>.<\/p>\n\n\n\n<p class=\"wp-embed-aspect-16-9 wp-has-aspect-ratio\">Si estas en el <strong><mark style=\"background-color:rgba(0, 0, 0, 0)\" class=\"has-inline-color has-vivid-red-color\">Extranjero <\/mark><\/strong>nosotros somos tu <strong><mark style=\"background-color:rgba(0, 0, 0, 0)\" class=\"has-inline-color has-vivid-green-cyan-color\">mejor<\/mark><\/strong> alternativa para <strong><mark style=\"background-color:rgba(0, 0, 0, 0)\" class=\"has-inline-color has-luminous-vivid-orange-color\">velar<\/mark><\/strong> por tus <strong><mark style=\"background-color:rgba(0, 0, 0, 0)\" class=\"has-inline-color has-vivid-cyan-blue-color\">intereses<\/mark><\/strong>, escr\u00edbenos o ll\u00e1manos al Tel <strong>55581-11311<\/strong>.<\/p>\n\n\n\n<p class=\"wp-embed-aspect-16-9 wp-has-aspect-ratio\">.<\/p>\n\n\n\n<p class=\"wp-embed-aspect-16-9 wp-has-aspect-ratio\">Cuando<strong> necesites<\/strong> ayuda, <strong>asistencia<\/strong> o <strong>planeaci\u00f3n<\/strong> legal, <strong>solicita<\/strong> <strong>Cita Privada<\/strong> <a rel=\"noreferrer noopener\" href=\"mailto:bi@sm99.mx\" target=\"_blank\"><strong>Aqu\u00ed<\/strong><\/a><\/p>\n\n\n\n<p class=\"wp-embed-aspect-16-9 wp-has-aspect-ratio\">La informaci\u00f3n que AQU\u00cd te presentamos <strong>deriva<\/strong> de los <strong>Peri\u00f3dicos Oficiales <\/strong>de la<strong> CdMx<\/strong>, <strong>Estado<\/strong> de Mex., Diario <strong>Oficial<\/strong> de la Federaci\u00f3n, Suprema Corte de<strong> Justicia<\/strong> de la Naci\u00f3n, por lo tanto es de <strong>aplicaci\u00f3n OBLIGATORIA<\/strong><\/p>\n\n\n\n<p class=\"wp-embed-aspect-16-9 wp-has-aspect-ratio\">La <strong>informaci\u00f3n<\/strong> de hoy procede de la Suprema Corte de Justicia<\/p>\n\n\n\n<p class=\"wp-embed-aspect-16-9 wp-has-aspect-ratio\"><strong><mark style=\"background-color:rgba(0, 0, 0, 0)\" class=\"has-inline-color has-luminous-vivid-orange-color\">AY\u00daDANOS<\/mark><\/strong> para que m\u00e1s personas conozcan esta informaci\u00f3n, <strong>Comp\u00e1rtelo<\/strong> en tus redes sociales<\/p>\n","protected":false},"excerpt":{"rendered":"<p>Views: 15 . . Este ANTEDECENTE Surge luego de que, en un juicio oral mercantil, se demand\u00f3 el pago de da\u00f1os y perjuicios debido al incumplimiento de un contrato de suministro de materiales. El juez acept\u00f3 la demanda y conden\u00f3 a la parte demandada a pagar una indemnizaci\u00f3n, aunque no se presentaron pruebas concretas de [&hellip;]<\/p>\n","protected":false},"author":3,"featured_media":31875,"comment_status":"closed","ping_status":"open","sticky":false,"template":"","format":"standard","meta":{"_jetpack_memberships_contains_paid_content":false,"footnotes":""},"categories":[4],"tags":[],"jetpack_sharing_enabled":true,"jetpack_featured_media_url":"http:\/\/www.salgadonoticias.com\/wp-content\/uploads\/2025\/04\/CONTRATO.jpg","_links":{"self":[{"href":"http:\/\/www.salgadonoticias.com\/index.php?rest_route=\/wp\/v2\/posts\/31870"}],"collection":[{"href":"http:\/\/www.salgadonoticias.com\/index.php?rest_route=\/wp\/v2\/posts"}],"about":[{"href":"http:\/\/www.salgadonoticias.com\/index.php?rest_route=\/wp\/v2\/types\/post"}],"author":[{"embeddable":true,"href":"http:\/\/www.salgadonoticias.com\/index.php?rest_route=\/wp\/v2\/users\/3"}],"replies":[{"embeddable":true,"href":"http:\/\/www.salgadonoticias.com\/index.php?rest_route=%2Fwp%2Fv2%2Fcomments&post=31870"}],"version-history":[{"count":4,"href":"http:\/\/www.salgadonoticias.com\/index.php?rest_route=\/wp\/v2\/posts\/31870\/revisions"}],"predecessor-version":[{"id":31886,"href":"http:\/\/www.salgadonoticias.com\/index.php?rest_route=\/wp\/v2\/posts\/31870\/revisions\/31886"}],"wp:featuredmedia":[{"embeddable":true,"href":"http:\/\/www.salgadonoticias.com\/index.php?rest_route=\/wp\/v2\/media\/31875"}],"wp:attachment":[{"href":"http:\/\/www.salgadonoticias.com\/index.php?rest_route=%2Fwp%2Fv2%2Fmedia&parent=31870"}],"wp:term":[{"taxonomy":"category","embeddable":true,"href":"http:\/\/www.salgadonoticias.com\/index.php?rest_route=%2Fwp%2Fv2%2Fcategories&post=31870"},{"taxonomy":"post_tag","embeddable":true,"href":"http:\/\/www.salgadonoticias.com\/index.php?rest_route=%2Fwp%2Fv2%2Ftags&post=31870"}],"curies":[{"name":"wp","href":"https:\/\/api.w.org\/{rel}","templated":true}]}}