{"id":31876,"date":"2025-04-30T00:31:00","date_gmt":"2025-04-30T06:31:00","guid":{"rendered":"https:\/\/www.salgadonoticias.com\/?p=31876"},"modified":"2025-05-01T19:40:10","modified_gmt":"2025-05-02T01:40:10","slug":"31876","status":"publish","type":"post","link":"http:\/\/www.salgadonoticias.com\/?p=31876","title":{"rendered":"EXENCI\u00d3N a Adultos MAYORES de GARANT\u00cdA para suspender un Acto Reclamado.\u2026!!!"},"content":{"rendered":"<p>Views: 16<\/p>\n<p>.<\/p>\n\n\n\n<figure class=\"wp-block-embed is-type-video is-provider-youtube wp-block-embed-youtube wp-embed-aspect-16-9 wp-has-aspect-ratio\"><div class=\"wp-block-embed__wrapper\">\n<iframe loading=\"lazy\" title=\"Iniciando el mes de mayo bien informado\" width=\"640\" height=\"360\" src=\"https:\/\/www.youtube.com\/embed\/CIadnXxGG2Q?feature=oembed\" frameborder=\"0\" allow=\"accelerometer; autoplay; clipboard-write; encrypted-media; gyroscope; picture-in-picture; web-share\" referrerpolicy=\"strict-origin-when-cross-origin\" allowfullscreen><\/iframe>\n<\/div><\/figure>\n\n\n\n<p>.<\/p>\n\n\n\n<p>Este <strong>ANTEDECENTE<\/strong><\/p>\n\n\n\n<p><mark style=\"background-color:rgba(0, 0, 0, 0);color:#3a026e\" class=\"has-inline-color\"><strong>Surge <\/strong>luego de que, una <strong>persona adulta mayor<\/strong>, <\/mark><mark style=\"background-color:rgba(0, 0, 0, 0)\" class=\"has-inline-color has-black-color\">que <em><u>no estaba involucrada directamente en el juicio original<\/u><\/em>, present\u00f3 un <\/mark><mark style=\"background-color:rgba(0, 0, 0, 0);color:#3a026e\" class=\"has-inline-color\"><strong>amparo<\/strong><\/mark><mark style=\"background-color:rgba(0, 0, 0, 0)\" class=\"has-inline-color has-black-color\"> indirecto <em><u>contra una orden de <\/u><\/em>embargo que podr\u00eda ejecutarse en su domicilio utilizando la fuerza p\u00fablica, y contra una posible orden de arresto en su contra.<\/mark><mark style=\"background-color:rgba(0, 0, 0, 0);color:#3a026e\" class=\"has-inline-color\"> <\/mark><\/p>\n\n\n\n<p><mark style=\"background-color:rgba(0, 0, 0, 0);color:#3a026e\" class=\"has-inline-color\"><strong>Solicit\u00f3 la suspensi\u00f3n<\/strong> <\/mark><mark style=\"background-color:rgba(0, 0, 0, 0)\" class=\"has-inline-color has-black-color\">de estos actos y se le<\/mark><mark style=\"background-color:rgba(0, 0, 0, 0);color:#3a026e\" class=\"has-inline-color\"> <strong>concedi\u00f3<\/strong>, <\/mark><mark style=\"background-color:rgba(0, 0, 0, 0)\" class=\"has-inline-color has-black-color\">pero se le<\/mark><mark style=\"background-color:rgba(0, 0, 0, 0);color:#3a026e\" class=\"has-inline-color\"> <strong>pidi\u00f3 que presentara una garant\u00eda<\/strong>. <\/mark>Luego, <em><u>interpuso un recurso de revisi\u00f3n<\/u><\/em> argumentando que<mark style=\"background-color:rgba(0, 0, 0, 0);color:#3a026e\" class=\"has-inline-color\"> <strong>no ten\u00eda los recursos<\/strong> suficientes para <strong>pagar la garant\u00eda<\/strong>, SOLICITANDO <\/mark><mark style=\"background-color:rgba(0, 0, 0, 0)\" class=\"has-inline-color has-black-color\">que se le <\/mark><mark style=\"background-color:rgba(0, 0, 0, 0);color:#3a026e\" class=\"has-inline-color\"><strong>eximiera<\/strong><\/mark> de hacerlo.<\/p>\n\n\n\n<p>.<\/p>\n\n\n\n<p>La <strong><mark style=\"background-color:rgba(0, 0, 0, 0);color:#03058b\" class=\"has-inline-color\">Suprema Corte de Justicia<\/mark> <\/strong>a trav\u00e9s del Tribunal Colegiado de Circuito<strong> <mark style=\"background-color:rgba(0, 0, 0, 0);color:#7a0606\" class=\"has-inline-color\">DETERMIN\u00d3<\/mark> <\/strong>que, se puede <mark style=\"background-color:#d1f343\" class=\"has-inline-color\"><strong>EXIMIR<\/strong> a Adultos Mayores <strong>vulnerables<\/strong> de <strong>presentar garant\u00eda<\/strong> <em><u>para suspender un acto reclamado<\/u><\/em><\/mark>.<\/p>\n\n\n\n<p>.<\/p>\n\n\n\n<p>La justificaci\u00f3n de la <strong><mark style=\"background-color:rgba(0, 0, 0, 0);color:#16058c\" class=\"has-inline-color\">SCJN<\/mark><\/strong> es que, las <em><u>circunstancias de la parte quejosa<\/u><\/em> (adulto mayor) <mark style=\"background-color:rgba(0, 0, 0, 0);color:#bc055c\" class=\"has-inline-color\"><strong>obligan<\/strong><\/mark><mark style=\"background-color:rgba(0, 0, 0, 0)\" class=\"has-inline-color has-black-color\"> a resolver la controversia <\/mark><mark style=\"background-color:rgba(0, 0, 0, 0);color:#bc055c\" class=\"has-inline-color\"><strong>considerando su especial vulnerabilidad<\/strong>. <\/mark><mark style=\"background-color:rgba(0, 0, 0, 0)\" class=\"has-inline-color has-black-color\">Por lo que, se debe <\/mark><mark style=\"background-color:rgba(0, 0, 0, 0);color:#bc055c\" class=\"has-inline-color\"><strong>proteger sus derechos y dignidad humana<\/strong>, <\/mark><mark style=\"background-color:rgba(0, 0, 0, 0)\" class=\"has-inline-color has-black-color\">ya que sus capacidades f\u00edsicas y cognitivas est\u00e1n disminuidas en comparaci\u00f3n con personas m\u00e1s j\u00f3venes<\/mark><mark style=\"background-color:rgba(0, 0, 0, 0);color:#bc055c\" class=\"has-inline-color\">. <em><u>Esto requiere una defensa en igualdad de condiciones y protecci\u00f3n contra abusos y discriminaci\u00f3n<\/u><\/em>.<\/mark><\/p>\n\n\n\n<p>Por lo que la <mark style=\"background-color:rgba(0, 0, 0, 0);color:#c9076a\" class=\"has-inline-color\"><strong>Ley de Amparo<\/strong> PERMITE <strong>exentar de la garant\u00eda a personas vulnerables<\/strong>,<\/mark><mark style=\"background-color:rgba(0, 0, 0, 0)\" class=\"has-inline-color has-black-color\"> <em><u>incluyendo<\/u><\/em> <\/mark><mark style=\"background-color:rgba(0, 0, 0, 0);color:#c9076a\" class=\"has-inline-color\"><strong>adultos mayores<\/strong>.<\/mark><mark style=\"background-color:rgba(0, 0, 0, 0)\" class=\"has-inline-color has-black-color\"> <em><u>Si se demuestra su vulnerabilidad<\/u><\/em><\/mark><mark style=\"background-color:rgba(0, 0, 0, 0);color:#c9076a\" class=\"has-inline-color\"><strong>, NO presentar la garant\u00eda no debe impedir la suspensi\u00f3n de los actos reclamados<\/strong>, ya que esto pondr\u00eda en riesgo su integridad y dignidad.<\/mark><\/p>\n\n\n\n<p>.<\/p>\n\n\n\n<p>Esta<mark style=\"background-color:#ffffff\" class=\"has-inline-color has-black-color\"> <\/mark><strong><mark style=\"background-color:#d5fa7d\" class=\"has-inline-color has-black-color\">RESOLUCI\u00d3N<\/mark> <\/strong>est\u00e1 <strong>disponible <\/strong>para quien la <mark style=\"background-color:rgba(0, 0, 0, 0);color:#8e0303\" class=\"has-inline-color\"><strong>CONOZCA <\/strong>y <strong>la HAGA VALER<\/strong><\/mark><strong> <\/strong>en todo el pa\u00eds a partir de esta semana.<\/p>\n\n\n\n<p><strong><mark style=\"background-color:#ffffff;color:#0cb678\" class=\"has-inline-color\">Tesis CIVIL<\/mark><\/strong><\/p>\n\n\n\n<p class=\"has-small-font-size\"><strong>Registro digital<\/strong>: 2030306<\/p>\n\n\n\n<p>.<\/p>\n\n\n\n<p class=\"wp-embed-aspect-16-9 wp-has-aspect-ratio\">Si estas en el <strong><mark style=\"background-color:rgba(0, 0, 0, 0)\" class=\"has-inline-color has-vivid-red-color\">Extranjero <\/mark><\/strong>nosotros somos tu <strong><mark style=\"background-color:rgba(0, 0, 0, 0)\" class=\"has-inline-color has-vivid-green-cyan-color\">mejor<\/mark><\/strong> alternativa para <strong><mark style=\"background-color:rgba(0, 0, 0, 0)\" class=\"has-inline-color has-luminous-vivid-orange-color\">velar<\/mark><\/strong> por tus <strong><mark style=\"background-color:rgba(0, 0, 0, 0)\" class=\"has-inline-color has-vivid-cyan-blue-color\">intereses<\/mark><\/strong>, escr\u00edbenos o ll\u00e1manos al Tel <strong>55581-11311<\/strong>.<\/p>\n\n\n\n<p class=\"wp-embed-aspect-16-9 wp-has-aspect-ratio\">.<\/p>\n\n\n\n<p class=\"wp-embed-aspect-16-9 wp-has-aspect-ratio\">Cuando<strong> necesites<\/strong> ayuda, <strong>asistencia<\/strong> o <strong>planeaci\u00f3n<\/strong> legal, <strong>solicita<\/strong> <strong>Cita Privada<\/strong> <a rel=\"noreferrer noopener\" href=\"mailto:bi@sm99.mx\" target=\"_blank\"><strong>Aqu\u00ed<\/strong><\/a><\/p>\n\n\n\n<p class=\"wp-embed-aspect-16-9 wp-has-aspect-ratio\">La informaci\u00f3n que AQU\u00cd te presentamos <strong>deriva<\/strong> de los <strong>Peri\u00f3dicos Oficiales <\/strong>de la<strong> CdMx<\/strong>, <strong>Estado<\/strong> de Mex., Diario <strong>Oficial<\/strong> de la Federaci\u00f3n, Suprema Corte de<strong> Justicia<\/strong> de la Naci\u00f3n, por lo tanto es de <strong>aplicaci\u00f3n OBLIGATORIA<\/strong><\/p>\n\n\n\n<p class=\"wp-embed-aspect-16-9 wp-has-aspect-ratio\">La <strong>informaci\u00f3n<\/strong> de hoy procede de la Suprema Corte de Justicia<\/p>\n\n\n\n<p class=\"wp-embed-aspect-16-9 wp-has-aspect-ratio\"><strong><mark style=\"background-color:rgba(0, 0, 0, 0)\" class=\"has-inline-color has-luminous-vivid-orange-color\">AY\u00daDANOS<\/mark><\/strong> para que m\u00e1s personas conozcan esta informaci\u00f3n, <strong>Comp\u00e1rtelo<\/strong> en tus redes sociales<\/p>\n","protected":false},"excerpt":{"rendered":"<p>Views: 16 . . Este ANTEDECENTE Surge luego de que, una persona adulta mayor, que no estaba involucrada directamente en el juicio original, present\u00f3 un amparo indirecto contra una orden de embargo que podr\u00eda ejecutarse en su domicilio utilizando la fuerza p\u00fablica, y contra una posible orden de arresto en su contra. Solicit\u00f3 la suspensi\u00f3n [&hellip;]<\/p>\n","protected":false},"author":3,"featured_media":31883,"comment_status":"closed","ping_status":"open","sticky":false,"template":"","format":"standard","meta":{"_jetpack_memberships_contains_paid_content":false,"footnotes":""},"categories":[4],"tags":[],"jetpack_sharing_enabled":true,"jetpack_featured_media_url":"http:\/\/www.salgadonoticias.com\/wp-content\/uploads\/2025\/04\/14-03-24-2.jpeg","_links":{"self":[{"href":"http:\/\/www.salgadonoticias.com\/index.php?rest_route=\/wp\/v2\/posts\/31876"}],"collection":[{"href":"http:\/\/www.salgadonoticias.com\/index.php?rest_route=\/wp\/v2\/posts"}],"about":[{"href":"http:\/\/www.salgadonoticias.com\/index.php?rest_route=\/wp\/v2\/types\/post"}],"author":[{"embeddable":true,"href":"http:\/\/www.salgadonoticias.com\/index.php?rest_route=\/wp\/v2\/users\/3"}],"replies":[{"embeddable":true,"href":"http:\/\/www.salgadonoticias.com\/index.php?rest_route=%2Fwp%2Fv2%2Fcomments&post=31876"}],"version-history":[{"count":5,"href":"http:\/\/www.salgadonoticias.com\/index.php?rest_route=\/wp\/v2\/posts\/31876\/revisions"}],"predecessor-version":[{"id":31900,"href":"http:\/\/www.salgadonoticias.com\/index.php?rest_route=\/wp\/v2\/posts\/31876\/revisions\/31900"}],"wp:featuredmedia":[{"embeddable":true,"href":"http:\/\/www.salgadonoticias.com\/index.php?rest_route=\/wp\/v2\/media\/31883"}],"wp:attachment":[{"href":"http:\/\/www.salgadonoticias.com\/index.php?rest_route=%2Fwp%2Fv2%2Fmedia&parent=31876"}],"wp:term":[{"taxonomy":"category","embeddable":true,"href":"http:\/\/www.salgadonoticias.com\/index.php?rest_route=%2Fwp%2Fv2%2Fcategories&post=31876"},{"taxonomy":"post_tag","embeddable":true,"href":"http:\/\/www.salgadonoticias.com\/index.php?rest_route=%2Fwp%2Fv2%2Ftags&post=31876"}],"curies":[{"name":"wp","href":"https:\/\/api.w.org\/{rel}","templated":true}]}}