{"id":32285,"date":"2025-06-16T00:25:00","date_gmt":"2025-06-16T06:25:00","guid":{"rendered":"https:\/\/www.salgadonoticias.com\/?p=32285"},"modified":"2025-06-16T19:28:39","modified_gmt":"2025-06-17T01:28:39","slug":"32285","status":"publish","type":"post","link":"http:\/\/www.salgadonoticias.com\/?p=32285","title":{"rendered":"Salud LOCAL es quien DEBE garantizar el DERECHO al Aborto &#8230;!!!"},"content":{"rendered":"<p>Views: 7<\/p>\n<p>.<\/p>\n\n\n\n<figure class=\"wp-block-embed is-type-video is-provider-youtube wp-block-embed-youtube wp-embed-aspect-16-9 wp-has-aspect-ratio\"><div class=\"wp-block-embed__wrapper\">\n<iframe loading=\"lazy\" title=\"Inicio de semana lo relevante del Lunes 16 junio 2025\" width=\"640\" height=\"360\" src=\"https:\/\/www.youtube.com\/embed\/os4OmYe1I8o?feature=oembed\" frameborder=\"0\" allow=\"accelerometer; autoplay; clipboard-write; encrypted-media; gyroscope; picture-in-picture; web-share\" referrerpolicy=\"strict-origin-when-cross-origin\" allowfullscreen><\/iframe>\n<\/div><\/figure>\n\n\n\n<p>.<\/p>\n\n\n\n<p>Este <strong>ANTEDECENTE<\/strong><\/p>\n\n\n\n<p><mark style=\"background-color:rgba(0, 0, 0, 0);color:#4c068e\" class=\"has-inline-color\"><strong>Surge <\/strong><\/mark><mark style=\"background-color:rgba(0, 0, 0, 0)\" class=\"has-inline-color has-black-color\">despu\u00e9s de que, Tres Tribunales discreparon sobre <\/mark><mark style=\"background-color:rgba(0, 0, 0, 0);color:#4c068e\" class=\"has-inline-color\"><strong>SI<\/strong> <\/mark><mark style=\"background-color:rgba(0, 0, 0, 0)\" class=\"has-inline-color has-black-color\">las<\/mark><mark style=\"background-color:rgba(0, 0, 0, 0);color:#4c068e\" class=\"has-inline-color\"> <em><u>autoridades locales de salud<\/u><\/em> DEBEN <strong>garantizar <\/strong><\/mark><mark style=\"background-color:rgba(0, 0, 0, 0)\" class=\"has-inline-color has-black-color\">el<\/mark><mark style=\"background-color:rgba(0, 0, 0, 0);color:#4c068e\" class=\"has-inline-color\"><strong> Derecho a la interrupci\u00f3n voluntaria del embarazo<\/strong>. <em><u>Dos dijeron que s\u00ed<\/u><\/em>,<\/mark><mark style=\"background-color:rgba(0, 0, 0, 0)\" class=\"has-inline-color has-black-color\"> bas\u00e1ndose en derechos constitucionales y una acci\u00f3n de inconstitucionalidad, mientras que e<\/mark><mark style=\"background-color:rgba(0, 0, 0, 0);color:#4c068e\" class=\"has-inline-color\">l <em><u>tercero dijo que no<\/u><\/em> <\/mark>hay un mandato espec\u00edfico en la Constituci\u00f3n o las leyes.<\/p>\n\n\n\n<p>.<\/p>\n\n\n\n<p>La<mark style=\"background-color:rgba(0, 0, 0, 0);color:#040598\" class=\"has-inline-color\"> <strong>Suprema Corte de Justicia<\/strong><\/mark><strong> <\/strong>ante lo anterior<strong> <mark style=\"background-color:rgba(0, 0, 0, 0);color:#960404\" class=\"has-inline-color\">DETERMIN\u00d3<\/mark> <\/strong>que, las<mark style=\"background-color:rgba(0, 0, 0, 0)\" class=\"has-inline-color has-vivid-green-cyan-color\"> <strong>autoridades<\/strong> <\/mark><mark style=\"background-color:rgba(0, 0, 0, 0)\" class=\"has-inline-color has-black-color\">locales de<\/mark><mark style=\"background-color:rgba(0, 0, 0, 0)\" class=\"has-inline-color has-vivid-green-cyan-color\"> <strong>salud<\/strong> DEBEN <strong>implementar, difundir y organizar<\/strong> los <em><u>servicios necesarios para<\/u><\/em> <strong>garantizar<\/strong> <\/mark><mark style=\"background-color:rgba(0, 0, 0, 0)\" class=\"has-inline-color has-black-color\">el <\/mark><em><u><mark style=\"background-color:rgba(0, 0, 0, 0)\" class=\"has-inline-color has-luminous-vivid-orange-color\">DERECHO<\/mark><\/u><\/em><mark style=\"background-color:rgba(0, 0, 0, 0)\" class=\"has-inline-color has-black-color\"> a la<\/mark><mark style=\"background-color:rgba(0, 0, 0, 0)\" class=\"has-inline-color has-vivid-green-cyan-color\"> <strong>interrupci\u00f3n voluntaria del embarazo,<\/strong> <\/mark>conforme a sus competencias.<\/p>\n\n\n\n<p>.<\/p>\n\n\n\n<p>La justificaci\u00f3n de la<mark style=\"background-color:rgba(0, 0, 0, 0);color:#0305ac\" class=\"has-inline-color\"> <strong>SCJN<\/strong><\/mark> es que, la<strong> <\/strong><mark style=\"background-color:rgba(0, 0, 0, 0);color:#a9036e\" class=\"has-inline-color\"><strong>obliga<\/strong><\/mark><mark style=\"background-color:rgba(0, 0, 0, 0)\" class=\"has-inline-color has-black-color\"><strong>ci\u00f3n<\/strong> de las <em><u>autoridades locales de salud<\/u><\/em> <strong>de garantizar el acceso al aborto voluntario<\/strong> deriva del <\/mark><mark style=\"background-color:rgba(0, 0, 0, 0);color:#a9036e\" class=\"has-inline-color\">DERECHO a la <strong>salud<\/strong> y a <strong>elegir<\/strong> de las <em><u>mujeres<\/u><\/em> y personas gestantes, seg\u00fan <strong>interpretaciones<\/strong> de la misma Suprema Corte. Y para ejercer este derecho, DEBEN <strong>existir <\/strong><em><u>servicios m\u00e9dicos<\/u><\/em> <strong>seguros, accesibles y de calidad<\/strong>.<\/mark><\/p>\n\n\n\n<p>.<\/p>\n\n\n\n<p>Esta <strong><mark style=\"background-color:#d4b3f3\" class=\"has-inline-color\">RESOLUCI\u00d3N<\/mark> <\/strong>es de <strong>aplicaci\u00f3n<\/strong> <strong><mark style=\"background-color:rgba(0, 0, 0, 0);color:#980505\" class=\"has-inline-color\">OBLIGATORIA<\/mark> <\/strong>en todo el pa\u00eds a partir de esta semana.<\/p>\n\n\n\n<p><strong><mark style=\"background-color:rgba(0, 0, 0, 0);color:#a349f8\" class=\"has-inline-color\">Jurisprudencia CONSTITUCIONAL<\/mark><\/strong><\/p>\n\n\n\n<p class=\"has-small-font-size\"><strong>Registro digital<\/strong>:<strong> 203629<\/strong>&nbsp;&nbsp;&nbsp;&nbsp;&nbsp;&nbsp;&nbsp;&nbsp;&nbsp;&nbsp;&nbsp;&nbsp;&nbsp;&nbsp;&nbsp;&nbsp;&nbsp;&nbsp;&nbsp;&nbsp;&nbsp;&nbsp;&nbsp;&nbsp;&nbsp;&nbsp;&nbsp;&nbsp;&nbsp;&nbsp;&nbsp;&nbsp;&nbsp;&nbsp;&nbsp;&nbsp;&nbsp;&nbsp;&nbsp;&nbsp;&nbsp;&nbsp;&nbsp;&nbsp;&nbsp;&nbsp;&nbsp;&nbsp;&nbsp;&nbsp;&nbsp;&nbsp;&nbsp;&nbsp;&nbsp;&nbsp;&nbsp;&nbsp;&nbsp;&nbsp;&nbsp;&nbsp;&nbsp;&nbsp;<\/p>\n\n\n\n<p>.<\/p>\n\n\n\n<p class=\"wp-embed-aspect-16-9 wp-has-aspect-ratio\">Si estas en el <strong><mark style=\"background-color:rgba(0, 0, 0, 0)\" class=\"has-inline-color has-vivid-red-color\">Extranjero <\/mark><\/strong>nosotros somos tu <strong><mark style=\"background-color:rgba(0, 0, 0, 0)\" class=\"has-inline-color has-vivid-green-cyan-color\">mejor<\/mark><\/strong> alternativa para <strong><mark style=\"background-color:rgba(0, 0, 0, 0)\" class=\"has-inline-color has-luminous-vivid-orange-color\">velar<\/mark><\/strong> por tus <strong><mark style=\"background-color:rgba(0, 0, 0, 0)\" class=\"has-inline-color has-vivid-cyan-blue-color\">intereses<\/mark><\/strong>, escr\u00edbenos o ll\u00e1manos al Tel <strong>55581-11311<\/strong>.<\/p>\n\n\n\n<p class=\"wp-embed-aspect-16-9 wp-has-aspect-ratio\">.<\/p>\n\n\n\n<p class=\"wp-embed-aspect-16-9 wp-has-aspect-ratio\">Cuando<strong> necesites<\/strong> ayuda, <strong>asistencia<\/strong> o <strong>planeaci\u00f3n<\/strong> legal, <strong>solicita<\/strong> <strong>Cita Privada<\/strong> <a href=\"mailto:bi@sm99.mx\" target=\"_blank\" rel=\"noreferrer noopener\"><strong>Aqu\u00ed<\/strong><\/a><\/p>\n\n\n\n<p class=\"wp-embed-aspect-16-9 wp-has-aspect-ratio\">La informaci\u00f3n que AQU\u00cd te presentamos <strong>deriva<\/strong> de los <strong>Peri\u00f3dicos Oficiales <\/strong>de la<strong> CdMx<\/strong>, <strong>Estado<\/strong> de Mex., Diario <strong>Oficial<\/strong> de la Federaci\u00f3n, Suprema Corte de<strong> Justicia<\/strong> de la Naci\u00f3n, por lo tanto es de <strong>aplicaci\u00f3n OBLIGATORIA<\/strong><\/p>\n\n\n\n<p>.<\/p>\n\n\n\n<p>La informaci\u00f3n de este d\u00eda proviene de la Suprema Corte de Justicia.<\/p>\n\n\n\n<p class=\"wp-embed-aspect-16-9 wp-has-aspect-ratio\">.<\/p>\n\n\n\n<p class=\"wp-embed-aspect-16-9 wp-has-aspect-ratio\"><strong><mark style=\"background-color:rgba(0, 0, 0, 0)\" class=\"has-inline-color has-luminous-vivid-orange-color\">AY\u00daDANOS<\/mark><\/strong> para que m\u00e1s personas conozcan esta informaci\u00f3n, <strong>Comp\u00e1rtelo<\/strong> en tus redes sociales<\/p>\n\n\n","protected":false},"excerpt":{"rendered":"<p>Views: 7 . . Este ANTEDECENTE Surge despu\u00e9s de que, Tres Tribunales discreparon sobre SI las autoridades locales de salud DEBEN garantizar el Derecho a la interrupci\u00f3n voluntaria del embarazo. Dos dijeron que s\u00ed, bas\u00e1ndose en derechos constitucionales y una acci\u00f3n de inconstitucionalidad, mientras que el tercero dijo que no hay un mandato espec\u00edfico en [&hellip;]<\/p>\n","protected":false},"author":3,"featured_media":32290,"comment_status":"closed","ping_status":"open","sticky":false,"template":"","format":"standard","meta":{"_jetpack_memberships_contains_paid_content":false,"footnotes":"[]"},"categories":[4],"tags":[],"jetpack_sharing_enabled":true,"jetpack_featured_media_url":"http:\/\/www.salgadonoticias.com\/wp-content\/uploads\/2025\/06\/Dcho_aborto_shutterstock_editorial_13428459z.webp","_links":{"self":[{"href":"http:\/\/www.salgadonoticias.com\/index.php?rest_route=\/wp\/v2\/posts\/32285"}],"collection":[{"href":"http:\/\/www.salgadonoticias.com\/index.php?rest_route=\/wp\/v2\/posts"}],"about":[{"href":"http:\/\/www.salgadonoticias.com\/index.php?rest_route=\/wp\/v2\/types\/post"}],"author":[{"embeddable":true,"href":"http:\/\/www.salgadonoticias.com\/index.php?rest_route=\/wp\/v2\/users\/3"}],"replies":[{"embeddable":true,"href":"http:\/\/www.salgadonoticias.com\/index.php?rest_route=%2Fwp%2Fv2%2Fcomments&post=32285"}],"version-history":[{"count":7,"href":"http:\/\/www.salgadonoticias.com\/index.php?rest_route=\/wp\/v2\/posts\/32285\/revisions"}],"predecessor-version":[{"id":32307,"href":"http:\/\/www.salgadonoticias.com\/index.php?rest_route=\/wp\/v2\/posts\/32285\/revisions\/32307"}],"wp:featuredmedia":[{"embeddable":true,"href":"http:\/\/www.salgadonoticias.com\/index.php?rest_route=\/wp\/v2\/media\/32290"}],"wp:attachment":[{"href":"http:\/\/www.salgadonoticias.com\/index.php?rest_route=%2Fwp%2Fv2%2Fmedia&parent=32285"}],"wp:term":[{"taxonomy":"category","embeddable":true,"href":"http:\/\/www.salgadonoticias.com\/index.php?rest_route=%2Fwp%2Fv2%2Fcategories&post=32285"},{"taxonomy":"post_tag","embeddable":true,"href":"http:\/\/www.salgadonoticias.com\/index.php?rest_route=%2Fwp%2Fv2%2Ftags&post=32285"}],"curies":[{"name":"wp","href":"https:\/\/api.w.org\/{rel}","templated":true}]}}