{"id":32416,"date":"2025-07-02T00:24:00","date_gmt":"2025-07-02T06:24:00","guid":{"rendered":"https:\/\/www.salgadonoticias.com\/?p=32416"},"modified":"2025-07-02T17:59:47","modified_gmt":"2025-07-02T23:59:47","slug":"32416","status":"publish","type":"post","link":"http:\/\/www.salgadonoticias.com\/?p=32416","title":{"rendered":"EXCLUIR Grupos VULNERABLES del Presupuesto, VULNERA el Derecho a la Igualdad..\u2026!!!"},"content":{"rendered":"<p>Views: 9<\/p>\n<p>.<\/p>\n\n\n\n<figure class=\"wp-block-embed is-type-video is-provider-youtube wp-block-embed-youtube wp-embed-aspect-16-9 wp-has-aspect-ratio\"><div class=\"wp-block-embed__wrapper\">\n<iframe loading=\"lazy\" title=\"Lo destacado del mi\u00e9rcoles 2 de julio 2025\" width=\"640\" height=\"360\" src=\"https:\/\/www.youtube.com\/embed\/i-SptzgOK5g?feature=oembed\" frameborder=\"0\" allow=\"accelerometer; autoplay; clipboard-write; encrypted-media; gyroscope; picture-in-picture; web-share\" referrerpolicy=\"strict-origin-when-cross-origin\" allowfullscreen><\/iframe>\n<\/div><\/figure>\n\n\n\n<p>.<\/p>\n\n\n\n<p>Este <strong><mark style=\"background-color:rgba(0, 0, 0, 0);color:#5e06b0\" class=\"has-inline-color\">ANTEDECENTE<\/mark><\/strong><\/p>\n\n\n\n<p><mark style=\"background-color:rgba(0, 0, 0, 0);color:#6305bb\" class=\"has-inline-color\"><strong>Surge <\/strong><\/mark><mark style=\"background-color:rgba(0, 0, 0, 0)\" class=\"has-inline-color has-black-color\">despu\u00e9s de que, un grupo de personas integrantes de la <\/mark><mark style=\"background-color:rgba(0, 0, 0, 0);color:#6305bb\" class=\"has-inline-color\"><strong>comunidad LGBTIQ+<\/strong> <\/mark><mark style=\"background-color:#fde2e9\" class=\"has-inline-color has-black-color\">RECLAM\u00d3<\/mark><mark style=\"background-color:rgba(0, 0, 0, 0);color:#6305bb\" class=\"has-inline-color\"> <\/mark><mark style=\"background-color:rgba(0, 0, 0, 0)\" class=\"has-inline-color has-black-color\">al titular del Ejecutivo y a la Legislatura del Edo. de M\u00e9xico la <\/mark><mark style=\"background-color:rgba(0, 0, 0, 0);color:#6305bb\" class=\"has-inline-color\"><strong>omisi\u00f3n<\/strong> <\/mark><mark style=\"background-color:rgba(0, 0, 0, 0)\" class=\"has-inline-color has-black-color\">de incluirles expresamente en ALGUNA<\/mark><mark style=\"background-color:rgba(0, 0, 0, 0);color:#6305bb\" class=\"has-inline-color\"> <strong>partida del presupuesto de egresos<\/strong> <\/mark><mark style=\"background-color:rgba(0, 0, 0, 0)\" class=\"has-inline-color has-black-color\">del Gobierno del Estado en menci\u00f3n para el <em><u>ejercicio fiscal de 2023<\/u><\/em>. Ya que, <em><u>esta partida DEBER\u00cdA estar destinada<\/u><\/em> a <\/mark><mark style=\"background-color:rgba(0, 0, 0, 0);color:#6305bb\" class=\"has-inline-color\"><strong>promover, respetar, proteger, garantizar y restituir<\/strong> sus <strong>derechos fundamentales<\/strong><\/mark>.<\/p>\n\n\n\n<p>.<\/p>\n\n\n\n<p>La <strong><mark style=\"background-color:rgba(0, 0, 0, 0);color:#1608a4\" class=\"has-inline-color\">Suprema Corte de Justicia<\/mark> <\/strong>a trav\u00e9s del Tribunal Colegiado de Circuito <strong><mark style=\"background-color:rgba(0, 0, 0, 0);color:#aa0303\" class=\"has-inline-color\">DETERMIN\u00d3<\/mark> <\/strong>que, <mark style=\"background-color:#87f4de\" class=\"has-inline-color\"><strong>EXCLUIR<\/strong> a<\/mark><mark style=\"background-color:#ffffff\" class=\"has-inline-color\"> <em><u>grupos vulnerables del presupuesto<\/u><\/em>,<\/mark><mark style=\"background-color:#87f4de\" class=\"has-inline-color\"> <strong>bas\u00e1ndose en estigmas o discriminaci\u00f3n<\/strong>, <strong>VULNERA<\/strong> el <strong>Derecho a la Igualdad<\/strong><\/mark><mark style=\"background-color:#ffffff\" class=\"has-inline-color\"> seg\u00fan el <em><u>art\u00edculo 1\u00ba constitucional<\/u><\/em>.<\/mark><\/p>\n\n\n\n<p>.<\/p>\n\n\n\n<p>La <mark style=\"background-color:rgba(0, 0, 0, 0);color:#f76a05\" class=\"has-inline-color\"><strong>justificaci\u00f3n <\/strong>de la <strong>SCJN<\/strong> <\/mark><mark style=\"background-color:rgba(0, 0, 0, 0)\" class=\"has-inline-color has-black-color\">es que, la <em><u>vigencia anua<\/u><\/em>l de una <em><u>norma presupuestaria<\/u><\/em> <\/mark><mark style=\"background-color:rgba(0, 0, 0, 0);color:#f76a05\" class=\"has-inline-color\"><strong>NO extingue sus efectos discriminatorios<\/strong>. <\/mark><\/p>\n\n\n\n<p><mark style=\"background-color:rgba(0, 0, 0, 0)\" class=\"has-inline-color has-black-color\">Si una <em><u>disposici\u00f3n transmite un mensaje estigmatizante o discriminatorio<\/u><\/em>, sus<\/mark><mark style=\"background-color:rgba(0, 0, 0, 0);color:#f76a05\" class=\"has-inline-color\"> <strong>consecuencias persisten<\/strong>, <\/mark><mark style=\"background-color:rgba(0, 0, 0, 0)\" class=\"has-inline-color has-black-color\"><em><u>PERPETUANDO la marginaci\u00f3n<\/u><\/em>. <\/mark><\/p>\n\n\n\n<p><mark style=\"background-color:rgba(0, 0, 0, 0)\" class=\"has-inline-color has-black-color\">La<\/mark><mark style=\"background-color:rgba(0, 0, 0, 0);color:#f76a05\" class=\"has-inline-color\"> <strong>falta<\/strong> <\/mark><mark style=\"background-color:rgba(0, 0, 0, 0)\" class=\"has-inline-color has-black-color\">de <em><u>reconocimiento en el presupuesto de egresos<\/u><\/em> a la <\/mark><mark style=\"background-color:rgba(0, 0, 0, 0);color:#f76a05\" class=\"has-inline-color\"><strong>comunidad LGBTIQ+<\/strong> <\/mark><mark style=\"background-color:rgba(0, 0, 0, 0)\" class=\"has-inline-color has-black-color\"><em><u>reproduce la discriminaci\u00f3n estructural,<\/u><\/em> <\/mark><mark style=\"background-color:rgba(0, 0, 0, 0);color:#f76a05\" class=\"has-inline-color\"><strong>afectando<\/strong> <\/mark><mark style=\"background-color:rgba(0, 0, 0, 0)\" class=\"has-inline-color has-black-color\">la <em><u>dignidad humana<\/u><\/em> y los <\/mark><mark style=\"background-color:rgba(0, 0, 0, 0);color:#f76a05\" class=\"has-inline-color\"><strong>derechos<\/strong> de <strong>igualdad<\/strong> y <strong>no discriminaci\u00f3n<\/strong><\/mark><strong> <\/strong>del art\u00edculo 1\u00ba constitucional.<\/p>\n\n\n\n<p>.<\/p>\n\n\n\n<p>Esta <strong><mark style=\"background-color:#7cecc3\" class=\"has-inline-color\">RESOLUCI\u00d3N<\/mark> <\/strong>est\u00e1 <strong>disponible <\/strong>para quien la <mark style=\"background-color:rgba(0, 0, 0, 0);color:#8c0909\" class=\"has-inline-color\"><strong>CONOZCA <\/strong>y la <strong>HAGA VALER<\/strong><\/mark><strong> <\/strong>en todo el pa\u00eds a partir de esta semana.<\/p>\n\n\n\n<p><strong><mark style=\"background-color:rgba(0, 0, 0, 0);color:#038354\" class=\"has-inline-color\">Tesis COM\u00daN<\/mark><\/strong><\/p>\n\n\n\n<p class=\"has-small-font-size\"><strong>Registro digital<\/strong>: 2030631<\/p>\n\n\n\n<p>.<\/p>\n\n\n\n<p class=\"wp-embed-aspect-16-9 wp-has-aspect-ratio\">Si estas en el <strong><mark style=\"background-color:rgba(0, 0, 0, 0)\" class=\"has-inline-color has-vivid-red-color\">Extranjero <\/mark><\/strong>nosotros somos tu <strong><mark style=\"background-color:rgba(0, 0, 0, 0)\" class=\"has-inline-color has-vivid-green-cyan-color\">mejor<\/mark><\/strong> alternativa para <strong><mark style=\"background-color:rgba(0, 0, 0, 0)\" class=\"has-inline-color has-luminous-vivid-orange-color\">velar<\/mark><\/strong> por tus <strong><mark style=\"background-color:rgba(0, 0, 0, 0)\" class=\"has-inline-color has-vivid-cyan-blue-color\">intereses<\/mark><\/strong>, escr\u00edbenos o ll\u00e1manos al Tel <strong>55581-11311<\/strong>.<\/p>\n\n\n\n<p class=\"wp-embed-aspect-16-9 wp-has-aspect-ratio\">.<\/p>\n\n\n\n<p class=\"wp-embed-aspect-16-9 wp-has-aspect-ratio\">Cuando<strong> necesites<\/strong> ayuda, <strong>asistencia<\/strong> o <strong>planeaci\u00f3n<\/strong> legal, <strong>solicita<\/strong> <strong>Cita Privada<\/strong> <a href=\"mailto:bi@sm99.mx\" target=\"_blank\" rel=\"noreferrer noopener\"><strong>Aqu\u00ed<\/strong><\/a><\/p>\n\n\n\n<p class=\"wp-embed-aspect-16-9 wp-has-aspect-ratio\">La informaci\u00f3n que AQU\u00cd te presentamos <strong>deriva<\/strong> de los <strong>Peri\u00f3dicos Oficiales <\/strong>de la<strong> CdMx<\/strong>, <strong>Estado<\/strong> de Mex., Diario <strong>Oficial<\/strong> de la Federaci\u00f3n, Suprema Corte de<strong> Justicia<\/strong> de la Naci\u00f3n, por lo tanto es de <strong>aplicaci\u00f3n OBLIGATORIA<\/strong><\/p>\n\n\n\n<p class=\"wp-embed-aspect-16-9 wp-has-aspect-ratio\">.<\/p>\n\n\n\n<p class=\"wp-embed-aspect-16-9 wp-has-aspect-ratio\">La informaci\u00f3n de este d\u00eda proviene de la Suprema Corte de Justicia de la Naci\u00f3n<\/p>\n\n\n\n<p class=\"wp-embed-aspect-16-9 wp-has-aspect-ratio\">.<\/p>\n\n\n\n<p class=\"wp-embed-aspect-16-9 wp-has-aspect-ratio\"><strong><mark style=\"background-color:rgba(0, 0, 0, 0)\" class=\"has-inline-color has-luminous-vivid-orange-color\">AY\u00daDANOS<\/mark><\/strong> para que m\u00e1s personas conozcan esta informaci\u00f3n, <strong>Comp\u00e1rtelo<\/strong> en tus redes sociales<\/p>\n","protected":false},"excerpt":{"rendered":"<p>Views: 9 . . Este ANTEDECENTE Surge despu\u00e9s de que, un grupo de personas integrantes de la comunidad LGBTIQ+ RECLAM\u00d3 al titular del Ejecutivo y a la Legislatura del Edo. de M\u00e9xico la omisi\u00f3n de incluirles expresamente en ALGUNA partida del presupuesto de egresos del Gobierno del Estado en menci\u00f3n para el ejercicio fiscal de [&hellip;]<\/p>\n","protected":false},"author":3,"featured_media":32428,"comment_status":"closed","ping_status":"open","sticky":false,"template":"","format":"standard","meta":{"_jetpack_memberships_contains_paid_content":false,"footnotes":""},"categories":[4],"tags":[],"jetpack_sharing_enabled":true,"jetpack_featured_media_url":"http:\/\/www.salgadonoticias.com\/wp-content\/uploads\/2025\/07\/presupuesto.jpg","_links":{"self":[{"href":"http:\/\/www.salgadonoticias.com\/index.php?rest_route=\/wp\/v2\/posts\/32416"}],"collection":[{"href":"http:\/\/www.salgadonoticias.com\/index.php?rest_route=\/wp\/v2\/posts"}],"about":[{"href":"http:\/\/www.salgadonoticias.com\/index.php?rest_route=\/wp\/v2\/types\/post"}],"author":[{"embeddable":true,"href":"http:\/\/www.salgadonoticias.com\/index.php?rest_route=\/wp\/v2\/users\/3"}],"replies":[{"embeddable":true,"href":"http:\/\/www.salgadonoticias.com\/index.php?rest_route=%2Fwp%2Fv2%2Fcomments&post=32416"}],"version-history":[{"count":4,"href":"http:\/\/www.salgadonoticias.com\/index.php?rest_route=\/wp\/v2\/posts\/32416\/revisions"}],"predecessor-version":[{"id":32436,"href":"http:\/\/www.salgadonoticias.com\/index.php?rest_route=\/wp\/v2\/posts\/32416\/revisions\/32436"}],"wp:featuredmedia":[{"embeddable":true,"href":"http:\/\/www.salgadonoticias.com\/index.php?rest_route=\/wp\/v2\/media\/32428"}],"wp:attachment":[{"href":"http:\/\/www.salgadonoticias.com\/index.php?rest_route=%2Fwp%2Fv2%2Fmedia&parent=32416"}],"wp:term":[{"taxonomy":"category","embeddable":true,"href":"http:\/\/www.salgadonoticias.com\/index.php?rest_route=%2Fwp%2Fv2%2Fcategories&post=32416"},{"taxonomy":"post_tag","embeddable":true,"href":"http:\/\/www.salgadonoticias.com\/index.php?rest_route=%2Fwp%2Fv2%2Ftags&post=32416"}],"curies":[{"name":"wp","href":"https:\/\/api.w.org\/{rel}","templated":true}]}}