{"id":32447,"date":"2025-07-04T00:30:00","date_gmt":"2025-07-04T06:30:00","guid":{"rendered":"https:\/\/www.salgadonoticias.com\/?p=32447"},"modified":"2025-07-04T18:08:32","modified_gmt":"2025-07-05T00:08:32","slug":"32447","status":"publish","type":"post","link":"http:\/\/www.salgadonoticias.com\/?p=32447","title":{"rendered":"Se Debe DESECHAR demanda en Juicio Ejecutivo MERCANTIL oral SI NO se se\u00f1alan Datos del Albacea.\u2026!!!"},"content":{"rendered":"<p>Views: 4<\/p>\n<p>.<\/p>\n\n\n\n<figure class=\"wp-block-embed is-type-video is-provider-youtube wp-block-embed-youtube wp-embed-aspect-16-9 wp-has-aspect-ratio\"><div class=\"wp-block-embed__wrapper\">\n<iframe loading=\"lazy\" title=\"Lo destacado del Viernes 4 de julio 2025\" width=\"640\" height=\"360\" src=\"https:\/\/www.youtube.com\/embed\/d0jNxGIZscE?feature=oembed\" frameborder=\"0\" allow=\"accelerometer; autoplay; clipboard-write; encrypted-media; gyroscope; picture-in-picture; web-share\" referrerpolicy=\"strict-origin-when-cross-origin\" allowfullscreen><\/iframe>\n<\/div><\/figure>\n\n\n\n<p>.<\/p>\n\n\n\n<p>Este <strong>ANTEDECENTE<\/strong><\/p>\n\n\n\n<p><mark style=\"background-color:rgba(0, 0, 0, 0);color:#058f1e\" class=\"has-inline-color\"><strong>Surge<\/strong><\/mark><mark style=\"background-color:rgba(0, 0, 0, 0)\" class=\"has-inline-color has-black-color\"><strong> <\/strong>despu\u00e9s de que, una persona<\/mark><mark style=\"background-color:rgba(0, 0, 0, 0);color:#058f1e\" class=\"has-inline-color\"> <strong>inici\u00f3<\/strong> un <em><u>juicio ejecutivo mercantil oral<\/u><\/em> <strong>CONTRA<\/strong> <\/mark><mark style=\"background-color:rgba(0, 0, 0, 0)\" class=\"has-inline-color has-black-color\">una <em><u>sucesi\u00f3n intestamentaria<\/u><\/em>, pero <\/mark><mark style=\"background-color:rgba(0, 0, 0, 0);color:#058f1e\" class=\"has-inline-color\"><strong>desconoc\u00eda el nombre y domicilio del albacea<\/strong> <\/mark><mark style=\"background-color:rgba(0, 0, 0, 0)\" class=\"has-inline-color has-black-color\">porque el juicio sucesorio no se hab\u00eda denunciado. <\/mark><\/p>\n\n\n\n<p><mark style=\"background-color:rgba(0, 0, 0, 0)\" class=\"has-inline-color has-black-color\">El JUEZ <\/mark><mark style=\"background-color:rgba(0, 0, 0, 0);color:#058f1e\" class=\"has-inline-color\"><strong>desech\u00f3 la demanda<\/strong>, <\/mark><mark style=\"background-color:rgba(0, 0, 0, 0)\" class=\"has-inline-color has-black-color\">y la actora<\/mark><mark style=\"background-color:rgba(0, 0, 0, 0);color:#058f1e\" class=\"has-inline-color\"> <strong>promovi\u00f3<\/strong> un <strong>amparo<\/strong> <\/mark><mark style=\"background-color:rgba(0, 0, 0, 0)\" class=\"has-inline-color has-black-color\">directo, argumentando que <em><u>debieron prevenirle para cumplir con los requisitos del art\u00edculo 1390 Bis 11 del C\u00f3digo de Comercio<\/u><\/em>.<\/mark><\/p>\n\n\n\n<p>.<\/p>\n\n\n\n<p>La <strong><mark style=\"background-color:rgba(0, 0, 0, 0);color:#230392\" class=\"has-inline-color\">Suprema Corte de Justicia<\/mark> <\/strong>a trav\u00e9s del Tribunal Colegiado de Circuito<strong> <mark style=\"background-color:rgba(0, 0, 0, 0);color:#900202\" class=\"has-inline-color\">DETERMIN\u00d3<\/mark> <\/strong>que, se <mark style=\"background-color:rgba(0, 0, 0, 0);color:#a40477\" class=\"has-inline-color\">DEBE <strong>desechar la demanda<\/strong> en un <em><u>juicio ejecutivo mercantil oral<\/u><\/em> <strong>si no se se\u00f1ala el nombre y domicilio del albacea<\/strong> debido a que el juicio sucesorio no ha comenzado.<\/mark><\/p>\n\n\n\n<p>.<\/p>\n\n\n\n<p>La <mark style=\"background-color:rgba(0, 0, 0, 0);color:#a97d04\" class=\"has-inline-color\"><strong>justificaci\u00f3n <\/strong><\/mark><mark style=\"background-color:rgba(0, 0, 0, 0)\" class=\"has-inline-color has-black-color\">de la <\/mark><strong><mark style=\"background-color:rgba(0, 0, 0, 0);color:#2203a3\" class=\"has-inline-color\">SCJN<\/mark><\/strong><mark style=\"background-color:rgba(0, 0, 0, 0)\" class=\"has-inline-color has-black-color\"> es que, los art\u00edculos 1390 Ter 3 y 1390 Ter 4 del C\u00f3digo de Comercio<\/mark><mark style=\"background-color:rgba(0, 0, 0, 0);color:#a97d04\" class=\"has-inline-color\"> <strong>establecen<\/strong> <\/mark><mark style=\"background-color:rgba(0, 0, 0, 0)\" class=\"has-inline-color has-black-color\">que el <em><u>juicio ejecutivo mercantil oral<\/u><\/em> DEBE <em><u>seguir ciertas reglas<\/u><\/em>, INCLUYENDO la necesidad de<\/mark><mark style=\"background-color:rgba(0, 0, 0, 0);color:#a97d04\" class=\"has-inline-color\"> <strong>se\u00f1alar el nombre y domicilio de la parte demandada<\/strong>. <\/mark><mark style=\"background-color:rgba(0, 0, 0, 0)\" class=\"has-inline-color has-black-color\">Y si <em><u>no se cumple este requisito<\/u><\/em> DEBIDO a la <em><u>falta de denuncia de la sucesi\u00f3n<\/u><\/em>, la <\/mark><mark style=\"background-color:rgba(0, 0, 0, 0);color:#a97d04\" class=\"has-inline-color\"><strong>demanda debe ser desechada<\/strong>. Esto <strong>no afecta el derecho de acceso a la justicia<\/strong>,<\/mark> ya que este derecho <em><u>no elimina los requisitos de procedencia de las demandas<\/u><\/em>.<\/p>\n\n\n\n<p>.<\/p>\n\n\n\n<p>Esta <strong><mark style=\"background-color:#c0f7e3\" class=\"has-inline-color\">RESOLUCI\u00d3N<\/mark> <\/strong>esta <strong>disponible <\/strong>para quien la<strong> <\/strong><mark style=\"background-color:rgba(0, 0, 0, 0);color:#970606\" class=\"has-inline-color\"><strong>CONOZCA <\/strong>y la <strong>HAGA VALER<\/strong><\/mark><strong> <\/strong>en todo el pa\u00eds a partir de esta semana.<\/p>\n\n\n\n<p><strong><mark style=\"background-color:rgba(0, 0, 0, 0);color:#058958\" class=\"has-inline-color\">Tesis CIVIL<\/mark><\/strong><\/p>\n\n\n\n<p class=\"has-small-font-size\"><strong>Registro digital<\/strong>: 2030639&nbsp;&nbsp;&nbsp;&nbsp;&nbsp;&nbsp;&nbsp;&nbsp;&nbsp;&nbsp;&nbsp;&nbsp;&nbsp;&nbsp;&nbsp;&nbsp;&nbsp;&nbsp;&nbsp;&nbsp;&nbsp;&nbsp;&nbsp;&nbsp;&nbsp;&nbsp;&nbsp;&nbsp;&nbsp;&nbsp;&nbsp;&nbsp;&nbsp;&nbsp;&nbsp;&nbsp;&nbsp;&nbsp;&nbsp;&nbsp;&nbsp;&nbsp;&nbsp;&nbsp;&nbsp;&nbsp;&nbsp;&nbsp;&nbsp;&nbsp;&nbsp;&nbsp;&nbsp;&nbsp;&nbsp;&nbsp;&nbsp;&nbsp;&nbsp;&nbsp;&nbsp;<\/p>\n\n\n\n<p>.<\/p>\n\n\n\n<p class=\"wp-embed-aspect-16-9 wp-has-aspect-ratio\">Cuando<strong> necesites<\/strong> ayuda, <strong>asistencia<\/strong> o <strong>planeaci\u00f3n<\/strong> legal, <strong>solicita<\/strong> <strong>Cita Privada<\/strong> <a href=\"mailto:bi@sm99.mx\" target=\"_blank\" rel=\"noreferrer noopener\"><strong>Aqu\u00ed<\/strong><\/a><\/p>\n\n\n\n<p class=\"wp-embed-aspect-16-9 wp-has-aspect-ratio\">La informaci\u00f3n que AQU\u00cd te presentamos <strong>deriva<\/strong> de los <strong>Peri\u00f3dicos Oficiales <\/strong>de la<strong> CdMx<\/strong>, <strong>Estado<\/strong> de Mex., Diario <strong>Oficial<\/strong> de la Federaci\u00f3n, Suprema Corte de<strong> Justicia<\/strong> de la Naci\u00f3n, por lo tanto es de <strong>aplicaci\u00f3n OBLIGATORIA<\/strong><\/p>\n\n\n\n<p class=\"wp-embed-aspect-16-9 wp-has-aspect-ratio\">.<\/p>\n\n\n\n<p class=\"wp-embed-aspect-16-9 wp-has-aspect-ratio\">La informaci\u00f3n de este d\u00eda proviene de la Suprema Corte de Justicia de la Naci\u00f3n<\/p>\n\n\n\n<p class=\"wp-embed-aspect-16-9 wp-has-aspect-ratio\">.<\/p>\n\n\n\n<p class=\"wp-embed-aspect-16-9 wp-has-aspect-ratio\"><strong><mark style=\"background-color:rgba(0, 0, 0, 0)\" class=\"has-inline-color has-luminous-vivid-orange-color\">AY\u00daDANOS<\/mark><\/strong> para que m\u00e1s personas conozcan esta informaci\u00f3n, <strong>Comp\u00e1rtelo<\/strong> en tus redes sociales<\/p>\n","protected":false},"excerpt":{"rendered":"<p>Views: 4 . . Este ANTEDECENTE Surge despu\u00e9s de que, una persona inici\u00f3 un juicio ejecutivo mercantil oral CONTRA una sucesi\u00f3n intestamentaria, pero desconoc\u00eda el nombre y domicilio del albacea porque el juicio sucesorio no se hab\u00eda denunciado. El JUEZ desech\u00f3 la demanda, y la actora promovi\u00f3 un amparo directo, argumentando que debieron prevenirle para [&hellip;]<\/p>\n","protected":false},"author":3,"featured_media":32454,"comment_status":"closed","ping_status":"open","sticky":false,"template":"","format":"standard","meta":{"_jetpack_memberships_contains_paid_content":false,"footnotes":""},"categories":[4],"tags":[],"jetpack_sharing_enabled":true,"jetpack_featured_media_url":"http:\/\/www.salgadonoticias.com\/wp-content\/uploads\/2025\/07\/485674570_1142550914324056_7257554126229004688_n.jpg","_links":{"self":[{"href":"http:\/\/www.salgadonoticias.com\/index.php?rest_route=\/wp\/v2\/posts\/32447"}],"collection":[{"href":"http:\/\/www.salgadonoticias.com\/index.php?rest_route=\/wp\/v2\/posts"}],"about":[{"href":"http:\/\/www.salgadonoticias.com\/index.php?rest_route=\/wp\/v2\/types\/post"}],"author":[{"embeddable":true,"href":"http:\/\/www.salgadonoticias.com\/index.php?rest_route=\/wp\/v2\/users\/3"}],"replies":[{"embeddable":true,"href":"http:\/\/www.salgadonoticias.com\/index.php?rest_route=%2Fwp%2Fv2%2Fcomments&post=32447"}],"version-history":[{"count":6,"href":"http:\/\/www.salgadonoticias.com\/index.php?rest_route=\/wp\/v2\/posts\/32447\/revisions"}],"predecessor-version":[{"id":32458,"href":"http:\/\/www.salgadonoticias.com\/index.php?rest_route=\/wp\/v2\/posts\/32447\/revisions\/32458"}],"wp:featuredmedia":[{"embeddable":true,"href":"http:\/\/www.salgadonoticias.com\/index.php?rest_route=\/wp\/v2\/media\/32454"}],"wp:attachment":[{"href":"http:\/\/www.salgadonoticias.com\/index.php?rest_route=%2Fwp%2Fv2%2Fmedia&parent=32447"}],"wp:term":[{"taxonomy":"category","embeddable":true,"href":"http:\/\/www.salgadonoticias.com\/index.php?rest_route=%2Fwp%2Fv2%2Fcategories&post=32447"},{"taxonomy":"post_tag","embeddable":true,"href":"http:\/\/www.salgadonoticias.com\/index.php?rest_route=%2Fwp%2Fv2%2Ftags&post=32447"}],"curies":[{"name":"wp","href":"https:\/\/api.w.org\/{rel}","templated":true}]}}