{"id":33189,"date":"2025-10-08T00:02:00","date_gmt":"2025-10-08T06:02:00","guid":{"rendered":"https:\/\/www.salgadonoticias.com\/?p=33189"},"modified":"2025-10-08T21:38:53","modified_gmt":"2025-10-09T03:38:53","slug":"33189","status":"publish","type":"post","link":"http:\/\/www.salgadonoticias.com\/?p=33189","title":{"rendered":"Ante OMISIONES m\u00e9dicas en Enfermedades RARAS, Jueces DEBEN aplicar Protocolos T\u00e9cnicos \u2026!!!"},"content":{"rendered":"<p>Views: 5<\/p>\n<p>.<\/p>\n\n\n\n<figure class=\"wp-block-embed is-type-video is-provider-youtube wp-block-embed-youtube wp-embed-aspect-16-9 wp-has-aspect-ratio\"><div class=\"wp-block-embed__wrapper\">\n<iframe loading=\"lazy\" title=\"Lo relevante del mi\u00e9rcoles 8 de octubre de 2025.\" width=\"640\" height=\"360\" src=\"https:\/\/www.youtube.com\/embed\/HWF2IUnrreg?feature=oembed\" frameborder=\"0\" allow=\"accelerometer; autoplay; clipboard-write; encrypted-media; gyroscope; picture-in-picture; web-share\" referrerpolicy=\"strict-origin-when-cross-origin\" allowfullscreen><\/iframe>\n<\/div><\/figure>\n\n\n\n<p>.<\/p>\n\n\n\n<p>Este <strong>ANTEDECENTE<\/strong><\/p>\n\n\n\n<p><mark style=\"background-color:rgba(0, 0, 0, 0);color:#9c4201\" class=\"has-inline-color\"><strong>Surge <\/strong><\/mark><mark style=\"background-color:rgba(0, 0, 0, 0)\" class=\"has-inline-color has-black-color\">despu\u00e9s de que, una <\/mark><mark style=\"background-color:rgba(0, 0, 0, 0);color:#9c4201\" class=\"has-inline-color\"><strong>menor de edad<\/strong>, <\/mark><mark style=\"background-color:rgba(0, 0, 0, 0)\" class=\"has-inline-color has-black-color\">mediante su<\/mark><mark style=\"background-color:rgba(0, 0, 0, 0);color:#9c4201\" class=\"has-inline-color\"> <strong>representante<\/strong>, <\/mark><em><u><mark style=\"background-color:rgba(0, 0, 0, 0)\" class=\"has-inline-color has-black-color\">promovi\u00f3<\/mark><\/u><\/em><mark style=\"background-color:rgba(0, 0, 0, 0);color:#9c4201\" class=\"has-inline-color\"> <strong>amparo indirecto<\/strong> <\/mark><mark style=\"background-color:rgba(0, 0, 0, 0)\" class=\"has-inline-color has-black-color\">contra el<\/mark><mark style=\"background-color:rgba(0, 0, 0, 0);color:#9c4201\" class=\"has-inline-color\"> <strong>IMSS<\/strong><\/mark><mark style=\"background-color:rgba(0, 0, 0, 0)\" class=\"has-inline-color has-black-color\"> por la<\/mark><mark style=\"background-color:rgba(0, 0, 0, 0);color:#9c4201\" class=\"has-inline-color\"> <strong>omisi\u00f3n<\/strong> <\/mark><mark style=\"background-color:rgba(0, 0, 0, 0)\" class=\"has-inline-color has-black-color\">de brindar <\/mark><mark style=\"background-color:rgba(0, 0, 0, 0);color:#9c4201\" class=\"has-inline-color\"><strong>atenci\u00f3n m\u00e9dica especializada<\/strong> <\/mark><mark style=\"background-color:rgba(0, 0, 0, 0)\" class=\"has-inline-color has-black-color\">para el<\/mark><mark style=\"background-color:rgba(0, 0, 0, 0);color:#9c4201\" class=\"has-inline-color\"> <strong>S\u00edndrome de Morquio<\/strong>, <\/mark><mark style=\"background-color:rgba(0, 0, 0, 0)\" class=\"has-inline-color has-black-color\">una<\/mark><mark style=\"background-color:rgba(0, 0, 0, 0);color:#9c4201\" class=\"has-inline-color\"> <strong>enfermedad RARA<\/strong>. <\/mark><\/p>\n\n\n\n<p><mark style=\"background-color:rgba(0, 0, 0, 0)\" class=\"has-inline-color has-black-color\">El<\/mark><mark style=\"background-color:rgba(0, 0, 0, 0);color:#9c4201\" class=\"has-inline-color\"> <strong>Juzgado de Distrito<\/strong><\/mark><mark style=\"background-color:rgba(0, 0, 0, 0)\" class=\"has-inline-color has-black-color\"> decret\u00f3 el <\/mark><mark style=\"background-color:rgba(0, 0, 0, 0);color:#9c4201\" class=\"has-inline-color\"><strong>sobreseimiento<\/strong><\/mark><mark style=\"background-color:rgba(0, 0, 0, 0)\" class=\"has-inline-color has-black-color\"> respecto a algunas <\/mark><mark style=\"background-color:rgba(0, 0, 0, 0);color:#9c4201\" class=\"has-inline-color\"><strong>autoridades del IMSS<\/strong>. <\/mark><mark style=\"background-color:rgba(0, 0, 0, 0)\" class=\"has-inline-color has-black-color\">La<\/mark><mark style=\"background-color:rgba(0, 0, 0, 0);color:#9c4201\" class=\"has-inline-color\"> <strong>quejosa<\/strong> <\/mark><mark style=\"background-color:rgba(0, 0, 0, 0)\" class=\"has-inline-color has-black-color\">present\u00f3<\/mark><mark style=\"background-color:rgba(0, 0, 0, 0);color:#9c4201\" class=\"has-inline-color\"> <strong>recurso de revisi\u00f3n<\/strong>, <\/mark><mark style=\"background-color:rgba(0, 0, 0, 0)\" class=\"has-inline-color has-black-color\">se\u00f1alando que dichas <em><u>autoridades<\/u><\/em> tienen<\/mark><mark style=\"background-color:rgba(0, 0, 0, 0);color:#9c4201\" class=\"has-inline-color\"> <strong>facultades<\/strong> <\/mark><mark style=\"background-color:rgba(0, 0, 0, 0)\" class=\"has-inline-color has-black-color\">para <em><u>asegurar<\/u><\/em> el <\/mark><mark style=\"background-color:rgba(0, 0, 0, 0);color:#9c4201\" class=\"has-inline-color\"><strong>suministro de medicamentos<\/strong> <\/mark><mark style=\"background-color:rgba(0, 0, 0, 0)\" class=\"has-inline-color has-black-color\">y recursos para su<\/mark><mark style=\"background-color:rgba(0, 0, 0, 0);color:#9c4201\" class=\"has-inline-color\"> <strong>tratamiento<\/strong>.<\/mark><\/p>\n\n\n\n<p>.<\/p>\n\n\n\n<p>La <strong><mark style=\"background-color:rgba(0, 0, 0, 0);color:#24057b\" class=\"has-inline-color\">Suprema Corte de Justicia<\/mark> <\/strong>a trav\u00e9s del&nbsp;Tribunal Colegiado, <strong><mark style=\"background-color:rgba(0, 0, 0, 0);color:#800202\" class=\"has-inline-color\">DETERMIN\u00d3<\/mark> <\/strong>que, ante la<mark style=\"background-color:#7af073\" class=\"has-inline-color\"> <strong>omisi\u00f3n<\/strong> de <strong>atenci\u00f3n m\u00e9dica<\/strong> en casos de <strong>enfermedades raras<\/strong> que implican <strong>gastos catastr\u00f3ficos<\/strong>, los <strong>JUECES<\/strong> DEBEN <strong>asegurar<\/strong> la correcta <strong>aplicaci\u00f3n<\/strong> de los <strong>Protocolos T\u00e9cnicos<\/strong><\/mark> correspondientes. <\/p>\n\n\n\n<p><mark style=\"background-color:#d9e8f6\" class=\"has-inline-color\">Adem\u00e1s tambi\u00e9n, establece que las <strong>instituciones p\u00fablicas de salud<\/strong> <em><u>deben gestionar de forma<\/u><\/em> <strong>responsable y oportuna<\/strong> los <strong>fondos econ\u00f3micos<\/strong> para atender <strong>enfermedades raras<\/strong> con <strong>gastos catastr\u00f3ficos<\/strong>.<\/mark><\/p>\n\n\n\n<p>.<\/p>\n\n\n\n<p>La<mark style=\"background-color:#ffffff\" class=\"has-inline-color\"> <\/mark><mark style=\"background-color:#ffffff;color:#5f0264\" class=\"has-inline-color\"><strong>justificaci\u00f3n<\/strong><\/mark><mark style=\"background-color:#ffffff\" class=\"has-inline-color has-black-color\"><strong> <\/strong>de la <\/mark><strong><mark style=\"background-color:#ffffff;color:#270696\" class=\"has-inline-color\">SCJN<\/mark><\/strong><mark style=\"background-color:#ffffff\" class=\"has-inline-color has-black-color\"> es que, el<\/mark><mark style=\"background-color:#ffffff;color:#5f0264\" class=\"has-inline-color\"> <strong>Consejo de Salubridad General<\/strong> <\/mark><mark style=\"background-color:#ffffff\" class=\"has-inline-color has-black-color\"><em><u>DEFINE<\/u><\/em> las <\/mark><mark style=\"background-color:#ffffff;color:#5f0264\" class=\"has-inline-color\"><strong>enfermedades raras<\/strong> <\/mark><mark style=\"background-color:#ffffff\" class=\"has-inline-color has-black-color\">como aquellas con baja<\/mark><mark style=\"background-color:#ffffff;color:#5f0264\" class=\"has-inline-color\"> <strong>prevalencia<\/strong>. <\/mark><mark style=\"background-color:#ffffff\" class=\"has-inline-color has-black-color\">Y para su atenci\u00f3n,<\/mark><mark style=\"background-color:#ffffff;color:#5f0264\" class=\"has-inline-color\"> <strong>cre\u00f3<\/strong> <\/mark><mark style=\"background-color:#ffffff\" class=\"has-inline-color has-black-color\">una <\/mark><mark style=\"background-color:#ffffff;color:#5f0264\" class=\"has-inline-color\"><strong>Comisi\u00f3n<\/strong> <\/mark><mark style=\"background-color:#ffffff\" class=\"has-inline-color has-black-color\">que elabora <\/mark><mark style=\"background-color:#ffffff;color:#5f0264\" class=\"has-inline-color\"><strong>Protocolos T\u00e9cnicos<\/strong>, <\/mark><mark style=\"background-color:#ffffff\" class=\"has-inline-color has-black-color\">de<\/mark><mark style=\"background-color:#ffffff;color:#5f0264\" class=\"has-inline-color\"> <strong>observancia obligatoria<\/strong> <\/mark><mark style=\"background-color:#ffffff\" class=\"has-inline-color has-black-color\">para <em><u>autoridades de salud<\/u><\/em>. Por lo tanto, los JUECES deben <em><u>garantizar su aplicaci\u00f3n<\/u><\/em> ante<\/mark><mark style=\"background-color:#ffffff;color:#5f0264\" class=\"has-inline-color\"> <strong>omisiones m\u00e9dicas<\/strong>.<\/mark><\/p>\n\n\n\n<p>.<\/p>\n\n\n\n<p>Estas <strong><mark style=\"background-color:#acf4da\" class=\"has-inline-color\">RESOLUCI\u00d3N <\/mark><\/strong>est\u00e1 <strong>disponible<\/strong> para <mark style=\"background-color:rgba(0, 0, 0, 0);color:#880303\" class=\"has-inline-color\"><strong>QUIEN la CONOZCA <\/strong>y la <strong>haga valer<\/strong><\/mark> en todo el pa\u00eds a partir de esta semana.<\/p>\n\n\n\n<p><strong><mark style=\"background-color:rgba(0, 0, 0, 0);color:#027d50\" class=\"has-inline-color\">Tesis ADMINISTRATIVA-CONSTITUCIONAL<\/mark><\/strong><\/p>\n\n\n\n<p class=\"has-small-font-size\"><strong>Registro digital<\/strong>: &nbsp;2031310 y 2031311<\/p>\n\n\n\n<p><mark style=\"background-color:rgba(0, 0, 0, 0)\" class=\"has-inline-color has-luminous-vivid-orange-color\">En este link???? puedes ver que es el s\u00edndrome de Morquio<\/mark><\/p>\n\n\n\n<p><a href=\"https:\/\/www.nicklauschildrens.org\/condiciones\/sindrome-de-morquio\">https:\/\/www.nicklauschildrens.org\/condiciones\/sindrome-de-morquio<\/a><\/p>\n\n\n\n<p>.<\/p>\n\n\n\n<p class=\"wp-embed-aspect-16-9 wp-has-aspect-ratio\">Si estas en el <strong><mark style=\"background-color:rgba(0, 0, 0, 0)\" class=\"has-inline-color has-vivid-red-color\">Extranjero <\/mark><\/strong>nosotros somos tu <strong><mark style=\"background-color:rgba(0, 0, 0, 0)\" class=\"has-inline-color has-vivid-green-cyan-color\">mejor<\/mark><\/strong> alternativa para <strong><mark style=\"background-color:rgba(0, 0, 0, 0)\" class=\"has-inline-color has-luminous-vivid-orange-color\">velar<\/mark><\/strong> por tus <strong><mark style=\"background-color:rgba(0, 0, 0, 0)\" class=\"has-inline-color has-vivid-cyan-blue-color\">intereses<\/mark><\/strong>, escr\u00edbenos o ll\u00e1manos al Tel <strong>55581-11311<\/strong>.<\/p>\n\n\n\n<p class=\"wp-embed-aspect-16-9 wp-has-aspect-ratio\">.<\/p>\n\n\n\n<p class=\"wp-embed-aspect-16-9 wp-has-aspect-ratio\">Cuando<strong> necesites<\/strong> ayuda, <strong>asistencia<\/strong> o <strong>planeaci\u00f3n<\/strong> legal, <strong>solicita<\/strong> <strong>Cita Privada<\/strong> <a href=\"mailto:bi@sm99.mx\" target=\"_blank\" rel=\"noreferrer noopener\"><strong>Aqu\u00ed<\/strong><\/a><\/p>\n\n\n\n<p class=\"wp-embed-aspect-16-9 wp-has-aspect-ratio\">La informaci\u00f3n que AQU\u00cd te presentamos <strong>deriva<\/strong> de los <strong>Peri\u00f3dicos Oficiales <\/strong>de la<strong> CdMx<\/strong>, <strong>Estado<\/strong> de Mex., Diario <strong>Oficial<\/strong> de la Federaci\u00f3n, Suprema Corte de<strong> Justicia<\/strong> de la Naci\u00f3n, por lo tanto es de <strong>aplicaci\u00f3n OBLIGATORIA<\/strong><\/p>\n\n\n\n<p class=\"wp-embed-aspect-16-9 wp-has-aspect-ratio\">.<\/p>\n\n\n\n<p class=\"wp-embed-aspect-16-9 wp-has-aspect-ratio\">La informaci\u00f3n de este d\u00eda proviene de la Suprema Corte de Justicia.<\/p>\n\n\n\n<p>.<\/p>\n\n\n\n<p><strong><mark style=\"background-color:rgba(0, 0, 0, 0)\" class=\"has-inline-color has-luminous-vivid-orange-color\">AY\u00daDANOS<\/mark><\/strong> para que m\u00e1s personas conozcan esta informaci\u00f3n, <strong>Comp\u00e1rtelo<\/strong> en tus redes sociales.<\/p>\n","protected":false},"excerpt":{"rendered":"<p>Views: 5 . . Este ANTEDECENTE Surge despu\u00e9s de que, una menor de edad, mediante su representante, promovi\u00f3 amparo indirecto contra el IMSS por la omisi\u00f3n de brindar atenci\u00f3n m\u00e9dica especializada para el S\u00edndrome de Morquio, una enfermedad RARA. El Juzgado de Distrito decret\u00f3 el sobreseimiento respecto a algunas autoridades del IMSS. La quejosa present\u00f3 [&hellip;]<\/p>\n","protected":false},"author":3,"featured_media":33192,"comment_status":"closed","ping_status":"open","sticky":false,"template":"","format":"standard","meta":{"_jetpack_memberships_contains_paid_content":false,"footnotes":""},"categories":[4],"tags":[],"jetpack_sharing_enabled":true,"jetpack_featured_media_url":"http:\/\/www.salgadonoticias.com\/wp-content\/uploads\/2025\/10\/Enfermedades-raras-min-1024x658-1.jpg","_links":{"self":[{"href":"http:\/\/www.salgadonoticias.com\/index.php?rest_route=\/wp\/v2\/posts\/33189"}],"collection":[{"href":"http:\/\/www.salgadonoticias.com\/index.php?rest_route=\/wp\/v2\/posts"}],"about":[{"href":"http:\/\/www.salgadonoticias.com\/index.php?rest_route=\/wp\/v2\/types\/post"}],"author":[{"embeddable":true,"href":"http:\/\/www.salgadonoticias.com\/index.php?rest_route=\/wp\/v2\/users\/3"}],"replies":[{"embeddable":true,"href":"http:\/\/www.salgadonoticias.com\/index.php?rest_route=%2Fwp%2Fv2%2Fcomments&post=33189"}],"version-history":[{"count":7,"href":"http:\/\/www.salgadonoticias.com\/index.php?rest_route=\/wp\/v2\/posts\/33189\/revisions"}],"predecessor-version":[{"id":33201,"href":"http:\/\/www.salgadonoticias.com\/index.php?rest_route=\/wp\/v2\/posts\/33189\/revisions\/33201"}],"wp:featuredmedia":[{"embeddable":true,"href":"http:\/\/www.salgadonoticias.com\/index.php?rest_route=\/wp\/v2\/media\/33192"}],"wp:attachment":[{"href":"http:\/\/www.salgadonoticias.com\/index.php?rest_route=%2Fwp%2Fv2%2Fmedia&parent=33189"}],"wp:term":[{"taxonomy":"category","embeddable":true,"href":"http:\/\/www.salgadonoticias.com\/index.php?rest_route=%2Fwp%2Fv2%2Fcategories&post=33189"},{"taxonomy":"post_tag","embeddable":true,"href":"http:\/\/www.salgadonoticias.com\/index.php?rest_route=%2Fwp%2Fv2%2Ftags&post=33189"}],"curies":[{"name":"wp","href":"https:\/\/api.w.org\/{rel}","templated":true}]}}