{"id":33202,"date":"2025-10-08T00:41:00","date_gmt":"2025-10-08T06:41:00","guid":{"rendered":"https:\/\/www.salgadonoticias.com\/?p=33202"},"modified":"2025-10-09T13:20:30","modified_gmt":"2025-10-09T19:20:30","slug":"licencia-sin-revalidacion-acredita-interes-juridico-en-amparo-edomex","status":"publish","type":"post","link":"http:\/\/www.salgadonoticias.com\/?p=33202","title":{"rendered":"LICENCIA de Funcionamiento SIN Revalidaci\u00f3n, Acredita el Inter\u00e9s Jur\u00eddico en el Amparo contra Normas que IMPIDAN una Actividad Autorizada \u2026.!!!"},"content":{"rendered":"<p>Views: 12<\/p>\n<p>.<\/p>\n\n\n\n<figure class=\"wp-block-embed is-type-video is-provider-youtube wp-block-embed-youtube wp-embed-aspect-16-9 wp-has-aspect-ratio\"><div class=\"wp-block-embed__wrapper\">\n<iframe loading=\"lazy\" title=\"Lo destacado del jueves 9 de octubre de 2025\" width=\"640\" height=\"360\" src=\"https:\/\/www.youtube.com\/embed\/T3DmxPuBZTc?feature=oembed\" frameborder=\"0\" allow=\"accelerometer; autoplay; clipboard-write; encrypted-media; gyroscope; picture-in-picture; web-share\" referrerpolicy=\"strict-origin-when-cross-origin\" allowfullscreen><\/iframe>\n<\/div><\/figure>\n\n\n\n<p>.<\/p>\n\n\n\n<p>Este <strong>ANTEDECENTE<\/strong><\/p>\n\n\n\n<p><strong><mark style=\"background-color:rgba(0, 0, 0, 0)\" class=\"has-inline-color has-luminous-vivid-orange-color\">Surge<\/mark> <\/strong>despu\u00e9s de que, una <strong><mark style=\"background-color:rgba(0, 0, 0, 0)\" class=\"has-inline-color has-luminous-vivid-orange-color\">persona moral<\/mark><\/strong> <em><u>dedicada<\/u><\/em> al <mark style=\"background-color:rgba(0, 0, 0, 0)\" class=\"has-inline-color has-luminous-vivid-orange-color\"><strong>comercio de mascotas<\/strong> <\/mark>PROMOVI\u00d3 <strong><mark style=\"background-color:rgba(0, 0, 0, 0)\" class=\"has-inline-color has-luminous-vivid-orange-color\">Amparo<\/mark> <\/strong>indirecto contra el <strong><mark style=\"background-color:rgba(0, 0, 0, 0)\" class=\"has-inline-color has-luminous-vivid-orange-color\">art\u00edculo 78<\/mark> <\/strong><em><u>del Bando Municipal de<\/u><\/em><strong> <mark style=\"background-color:rgba(0, 0, 0, 0)\" class=\"has-inline-color has-luminous-vivid-orange-color\">Naucalpan, Edo M\u00e9x.<\/mark><\/strong><em><u>, correspondiente al <strong>2023<\/strong>, publicado en la Gaceta Municipal N\u00famero 46 el 5 de febrero, que<\/u><\/em> <strong><mark style=\"background-color:rgba(0, 0, 0, 0)\" class=\"has-inline-color has-luminous-vivid-orange-color\">proh\u00edbe la venta de animales vivos en centros comerciales<\/mark>. <\/strong>Sin embargo, el <strong><mark style=\"background-color:rgba(0, 0, 0, 0)\" class=\"has-inline-color has-luminous-vivid-orange-color\">Juzgado de Distrito<\/mark><\/strong> resolvi\u00f3 el <strong><mark style=\"background-color:rgba(0, 0, 0, 0)\" class=\"has-inline-color has-luminous-vivid-orange-color\">sobreseimiento del juicio<\/mark><\/strong> al determinar que la empresa carec\u00eda de<mark style=\"background-color:rgba(0, 0, 0, 0)\" class=\"has-inline-color has-luminous-vivid-orange-color\"> <strong>inter\u00e9s jur\u00eddico<\/strong><\/mark>, ya que la <strong><mark style=\"background-color:rgba(0, 0, 0, 0)\" class=\"has-inline-color has-luminous-vivid-orange-color\">licencia de funcionamiento<\/mark><\/strong> presentada no estaba <strong><mark style=\"background-color:rgba(0, 0, 0, 0)\" class=\"has-inline-color has-luminous-vivid-orange-color\">vigente<\/mark><\/strong>, al <strong>NO CONTAR<\/strong> con la <mark style=\"background-color:rgba(0, 0, 0, 0)\" class=\"has-inline-color has-black-color\"><strong>revalidaci\u00f3n anual<\/strong> <\/mark>requerida.<\/p>\n\n\n\n<p>.<\/p>\n\n\n\n<p>La&nbsp;<strong><mark style=\"background-color:rgba(0, 0, 0, 0);color:#0b0390\" class=\"has-inline-color\">Suprema Corte de Justicia<\/mark><\/strong>, a trav\u00e9s del&nbsp;Tribunal Colegiado, <strong><mark style=\"background-color:rgba(0, 0, 0, 0);color:#760202\" class=\"has-inline-color\">DETERMIN\u00d3<\/mark><\/strong> que, la <mark style=\"background-color:#f9ce59\" class=\"has-inline-color\"><strong>licencia de funcionamiento<\/strong>, <em><u>aunque est\u00e9<\/u><\/em> <strong>SIN revalidaci\u00f3n<\/strong>, <em><u>basta para acreditar<\/u><\/em> <strong>inter\u00e9s jur\u00eddico<\/strong> en el <strong>amparo <\/strong>indirecto CONTRA <strong>normas generales<\/strong> que IMPIDAN una <strong>actividad autorizada<\/strong>.<\/mark><\/p>\n\n\n\n<p>.<\/p>\n\n\n\n<p>La<mark style=\"background-color:rgba(0, 0, 0, 0);color:#88043a\" class=\"has-inline-color\"> <strong>justificaci\u00f3n <\/strong><\/mark><mark style=\"background-color:rgba(0, 0, 0, 0)\" class=\"has-inline-color has-black-color\">de la <\/mark><strong><mark style=\"background-color:rgba(0, 0, 0, 0);color:#0f0174\" class=\"has-inline-color\">SCJN<\/mark><\/strong><mark style=\"background-color:rgba(0, 0, 0, 0);color:#88043a\" class=\"has-inline-color\"> <\/mark><mark style=\"background-color:rgba(0, 0, 0, 0)\" class=\"has-inline-color has-black-color\">es que, la <\/mark><mark style=\"background-color:rgba(0, 0, 0, 0);color:#88043a\" class=\"has-inline-color\"><strong>licencia de funcionamiento<\/strong>, <\/mark><mark style=\"background-color:rgba(0, 0, 0, 0)\" class=\"has-inline-color has-black-color\">aunque est\u00e9<\/mark><mark style=\"background-color:rgba(0, 0, 0, 0);color:#88043a\" class=\"has-inline-color\"> <strong>sin revalidaci\u00f3n<\/strong>, <\/mark><mark style=\"background-color:rgba(0, 0, 0, 0)\" class=\"has-inline-color has-black-color\">sigue siendo<\/mark><mark style=\"background-color:rgba(0, 0, 0, 0);color:#88043a\" class=\"has-inline-color\"> <strong>v\u00e1lida<\/strong> <\/mark><mark style=\"background-color:rgba(0, 0, 0, 0)\" class=\"has-inline-color has-black-color\">y acredita<\/mark><mark style=\"background-color:rgba(0, 0, 0, 0);color:#88043a\" class=\"has-inline-color\"> <strong>inter\u00e9s jur\u00eddico<\/strong><\/mark><mark style=\"background-color:rgba(0, 0, 0, 0)\" class=\"has-inline-color has-black-color\"> en el <\/mark><mark style=\"background-color:rgba(0, 0, 0, 0);color:#88043a\" class=\"has-inline-color\"><strong>amparo indirecto<\/strong> <\/mark><mark style=\"background-color:rgba(0, 0, 0, 0)\" class=\"has-inline-color has-black-color\">contra<\/mark><mark style=\"background-color:rgba(0, 0, 0, 0);color:#88043a\" class=\"has-inline-color\"> <strong>normas generales<\/strong> <\/mark><mark style=\"background-color:rgba(0, 0, 0, 0)\" class=\"has-inline-color has-black-color\">que impidan una <\/mark><mark style=\"background-color:rgba(0, 0, 0, 0);color:#88043a\" class=\"has-inline-color\"><strong>actividad autorizada<\/strong>,<\/mark><mark style=\"background-color:rgba(0, 0, 0, 0)\" class=\"has-inline-color has-black-color\"> salvo que exista<\/mark><mark style=\"background-color:rgba(0, 0, 0, 0);color:#88043a\" class=\"has-inline-color\"> <strong>anulaci\u00f3n, cancelaci\u00f3n, revocaci\u00f3n o suspensi\u00f3n<\/strong><\/mark><mark style=\"background-color:rgba(0, 0, 0, 0)\" class=\"has-inline-color has-black-color\"> conforme al <\/mark><mark style=\"background-color:rgba(0, 0, 0, 0);color:#88043a\" class=\"has-inline-color\"><strong>Reglamento de Unidades Econ\u00f3micas de Naucalpan<\/strong>.<\/mark><\/p>\n\n\n\n<p>.<\/p>\n\n\n\n<p>Estas <strong><mark style=\"background-color:#f3c8d3\" class=\"has-inline-color\">RESOLUCI\u00d3N<\/mark> <\/strong>est\u00e1 disponible para quien la <strong><mark style=\"background-color:rgba(0, 0, 0, 0)\" class=\"has-inline-color has-vivid-red-color\">CONOZCA y la HAGA VALER<\/mark> <\/strong>en todo el pa\u00eds a partir de esta semana.<\/p>\n\n\n\n<p><strong><mark style=\"background-color:rgba(0, 0, 0, 0);color:#f47796\" class=\"has-inline-color\">Tesis ADMINISTRATIVA-COM\u00daN<\/mark><\/strong><\/p>\n\n\n\n<p class=\"has-small-font-size\"><strong>Registro digital<\/strong>: &nbsp;2031290<\/p>\n\n\n\n<p>.<\/p>\n\n\n\n<p class=\"wp-embed-aspect-16-9 wp-has-aspect-ratio\">Si estas en el <strong><mark style=\"background-color:rgba(0, 0, 0, 0)\" class=\"has-inline-color has-vivid-red-color\">Extranjero <\/mark><\/strong>nosotros somos tu <strong><mark style=\"background-color:rgba(0, 0, 0, 0)\" class=\"has-inline-color has-vivid-green-cyan-color\">mejor<\/mark><\/strong> alternativa para <strong><mark style=\"background-color:rgba(0, 0, 0, 0)\" class=\"has-inline-color has-luminous-vivid-orange-color\">velar<\/mark><\/strong> por tus <strong><mark style=\"background-color:rgba(0, 0, 0, 0)\" class=\"has-inline-color has-vivid-cyan-blue-color\">intereses<\/mark><\/strong>, escr\u00edbenos o ll\u00e1manos al Tel <strong>55581-11311<\/strong>.<\/p>\n\n\n\n<p class=\"wp-embed-aspect-16-9 wp-has-aspect-ratio\">.<\/p>\n\n\n\n<p class=\"wp-embed-aspect-16-9 wp-has-aspect-ratio\">Cuando<strong> necesites<\/strong> ayuda, <strong>asistencia<\/strong> o <strong>planeaci\u00f3n<\/strong> legal, <strong>solicita<\/strong> <strong>Cita Privada<\/strong> <a href=\"mailto:bi@sm99.mx\" target=\"_blank\" rel=\"noreferrer noopener\"><strong>Aqu\u00ed<\/strong><\/a><\/p>\n\n\n\n<p class=\"wp-embed-aspect-16-9 wp-has-aspect-ratio\">La informaci\u00f3n que AQU\u00cd te presentamos <strong>deriva<\/strong> de los <strong>Peri\u00f3dicos Oficiales <\/strong>de la<strong> CdMx<\/strong>, <strong>Estado<\/strong> de Mex., Diario <strong>Oficial<\/strong> de la Federaci\u00f3n, Suprema Corte de<strong> Justicia<\/strong> de la Naci\u00f3n, por lo tanto es de <strong>aplicaci\u00f3n OBLIGATORIA<\/strong><\/p>\n\n\n\n<p class=\"wp-embed-aspect-16-9 wp-has-aspect-ratio\">.<\/p>\n\n\n\n<p class=\"wp-embed-aspect-16-9 wp-has-aspect-ratio\">La informaci\u00f3n de este d\u00eda proviene de la Suprema Corte de Justicia.<\/p>\n\n\n\n<p>.<\/p>\n\n\n\n<p><strong><mark style=\"background-color:rgba(0, 0, 0, 0)\" class=\"has-inline-color has-luminous-vivid-orange-color\">AY\u00daDANOS<\/mark><\/strong> para que m\u00e1s personas conozcan esta informaci\u00f3n, <strong>Comp\u00e1rtelo<\/strong> en tus redes sociales.<\/p>\n","protected":false},"excerpt":{"rendered":"<p>Views: 12 . . Este ANTEDECENTE Surge despu\u00e9s de que, una persona moral dedicada al comercio de mascotas PROMOVI\u00d3 Amparo indirecto contra el art\u00edculo 78 del Bando Municipal de Naucalpan, Edo M\u00e9x., correspondiente al 2023, publicado en la Gaceta Municipal N\u00famero 46 el 5 de febrero, que proh\u00edbe la venta de animales vivos en centros [&hellip;]<\/p>\n","protected":false},"author":3,"featured_media":33113,"comment_status":"closed","ping_status":"open","sticky":false,"template":"","format":"standard","meta":{"_jetpack_memberships_contains_paid_content":false,"footnotes":""},"categories":[4],"tags":[],"jetpack_sharing_enabled":true,"jetpack_featured_media_url":"http:\/\/www.salgadonoticias.com\/wp-content\/uploads\/2025\/09\/registro-publico.jpg","_links":{"self":[{"href":"http:\/\/www.salgadonoticias.com\/index.php?rest_route=\/wp\/v2\/posts\/33202"}],"collection":[{"href":"http:\/\/www.salgadonoticias.com\/index.php?rest_route=\/wp\/v2\/posts"}],"about":[{"href":"http:\/\/www.salgadonoticias.com\/index.php?rest_route=\/wp\/v2\/types\/post"}],"author":[{"embeddable":true,"href":"http:\/\/www.salgadonoticias.com\/index.php?rest_route=\/wp\/v2\/users\/3"}],"replies":[{"embeddable":true,"href":"http:\/\/www.salgadonoticias.com\/index.php?rest_route=%2Fwp%2Fv2%2Fcomments&post=33202"}],"version-history":[{"count":6,"href":"http:\/\/www.salgadonoticias.com\/index.php?rest_route=\/wp\/v2\/posts\/33202\/revisions"}],"predecessor-version":[{"id":33214,"href":"http:\/\/www.salgadonoticias.com\/index.php?rest_route=\/wp\/v2\/posts\/33202\/revisions\/33214"}],"wp:featuredmedia":[{"embeddable":true,"href":"http:\/\/www.salgadonoticias.com\/index.php?rest_route=\/wp\/v2\/media\/33113"}],"wp:attachment":[{"href":"http:\/\/www.salgadonoticias.com\/index.php?rest_route=%2Fwp%2Fv2%2Fmedia&parent=33202"}],"wp:term":[{"taxonomy":"category","embeddable":true,"href":"http:\/\/www.salgadonoticias.com\/index.php?rest_route=%2Fwp%2Fv2%2Fcategories&post=33202"},{"taxonomy":"post_tag","embeddable":true,"href":"http:\/\/www.salgadonoticias.com\/index.php?rest_route=%2Fwp%2Fv2%2Ftags&post=33202"}],"curies":[{"name":"wp","href":"https:\/\/api.w.org\/{rel}","templated":true}]}}