{"id":33212,"date":"2025-10-10T00:34:00","date_gmt":"2025-10-10T06:34:00","guid":{"rendered":"https:\/\/www.salgadonoticias.com\/?p=33212"},"modified":"2025-10-11T08:40:58","modified_gmt":"2025-10-11T14:40:58","slug":"33212","status":"publish","type":"post","link":"http:\/\/www.salgadonoticias.com\/?p=33212","title":{"rendered":"ASAMBLEA Ejidal con FORMALIDADES para ASIGNAR y DELIMITAR Tierras antes de Juicio Agrario \u2026.!!!"},"content":{"rendered":"<p>Views: 7<\/p>\n<p>.<\/p>\n\n\n\n<figure class=\"wp-block-embed is-type-video is-provider-youtube wp-block-embed-youtube wp-embed-aspect-16-9 wp-has-aspect-ratio\"><div class=\"wp-block-embed__wrapper\">\n<iframe loading=\"lazy\" title=\"Lo destacado del viernes 10 de octubre 2025.\" width=\"640\" height=\"360\" src=\"https:\/\/www.youtube.com\/embed\/jCih-ItkIkg?feature=oembed\" frameborder=\"0\" allow=\"accelerometer; autoplay; clipboard-write; encrypted-media; gyroscope; picture-in-picture; web-share\" referrerpolicy=\"strict-origin-when-cross-origin\" allowfullscreen><\/iframe>\n<\/div><\/figure>\n\n\n\n<p>.<\/p>\n\n\n\n<p>Este <strong>ANTEDECENTE<\/strong><\/p>\n\n\n\n<p><mark style=\"background-color:rgba(0, 0, 0, 0);color:#024e03\" class=\"has-inline-color\"><strong>Surge <\/strong><\/mark><mark style=\"background-color:rgba(0, 0, 0, 0)\" class=\"has-inline-color has-black-color\">despu\u00e9s de que, se promovi\u00f3 un<\/mark><mark style=\"background-color:rgba(0, 0, 0, 0);color:#024e03\" class=\"has-inline-color\"> <strong>amparo <\/strong><\/mark><mark style=\"background-color:rgba(0, 0, 0, 0)\" class=\"has-inline-color has-black-color\">directo<\/mark><mark style=\"background-color:rgba(0, 0, 0, 0);color:#024e03\" class=\"has-inline-color\"> <\/mark><mark style=\"background-color:rgba(0, 0, 0, 0)\" class=\"has-inline-color has-black-color\">contra la <\/mark><mark style=\"background-color:rgba(0, 0, 0, 0);color:#024e03\" class=\"has-inline-color\"><strong>sentencia<\/strong><\/mark><mark style=\"background-color:rgba(0, 0, 0, 0)\" class=\"has-inline-color has-black-color\"> que concluy\u00f3 que la<\/mark><mark style=\"background-color:rgba(0, 0, 0, 0);color:#024e03\" class=\"has-inline-color\"> <strong>parte actora<\/strong><\/mark><mark style=\"background-color:rgba(0, 0, 0, 0)\" class=\"has-inline-color has-black-color\"> no acredit\u00f3 los<\/mark><mark style=\"background-color:rgba(0, 0, 0, 0);color:#024e03\" class=\"has-inline-color\"> <strong>elementos constitutivos<\/strong> <\/mark><mark style=\"background-color:rgba(0, 0, 0, 0)\" class=\"has-inline-color has-black-color\">de sus <\/mark><mark style=\"background-color:rgba(0, 0, 0, 0);color:#024e03\" class=\"has-inline-color\"><strong>pretensiones<\/strong>. <\/mark><mark style=\"background-color:rgba(0, 0, 0, 0)\" class=\"has-inline-color has-black-color\">Sin embargo, no exist\u00eda una <\/mark><mark style=\"background-color:rgba(0, 0, 0, 0);color:#024e03\" class=\"has-inline-color\"><strong>resoluci\u00f3n de la Asamblea General de Ejidatarios<\/strong>, ya sea en sentido <strong>afirmativo o negativo<\/strong>, <\/mark><mark style=\"background-color:rgba(0, 0, 0, 0)\" class=\"has-inline-color has-black-color\">respecto a la<\/mark><mark style=\"background-color:rgba(0, 0, 0, 0);color:#024e03\" class=\"has-inline-color\"> <strong>reclamaci\u00f3n<\/strong><\/mark><mark style=\"background-color:rgba(0, 0, 0, 0)\" class=\"has-inline-color has-black-color\"> de la peticionaria, siendo dicha<\/mark><mark style=\"background-color:rgba(0, 0, 0, 0);color:#024e03\" class=\"has-inline-color\"> <strong>asamblea<\/strong> <\/mark><mark style=\"background-color:rgba(0, 0, 0, 0)\" class=\"has-inline-color has-black-color\">la competente, en principio, para pronunciarse sobre la<\/mark><mark style=\"background-color:rgba(0, 0, 0, 0);color:#024e03\" class=\"has-inline-color\"> <strong>asignaci\u00f3n y delimitaci\u00f3n de tierras<\/strong>,<\/mark><mark style=\"background-color:rgba(0, 0, 0, 0)\" class=\"has-inline-color has-black-color\"> objeto de la<\/mark><mark style=\"background-color:rgba(0, 0, 0, 0);color:#024e03\" class=\"has-inline-color\"> <strong>controversia<\/strong>.<\/mark><\/p>\n\n\n\n<p>.<\/p>\n\n\n\n<p>La&nbsp;<strong><mark style=\"background-color:rgba(0, 0, 0, 0);color:#130191\" class=\"has-inline-color\">Suprema Corte de Justicia<\/mark><\/strong>, a trav\u00e9s del&nbsp;Tribunal Colegiado, <strong><mark style=\"background-color:rgba(0, 0, 0, 0);color:#680202\" class=\"has-inline-color\">DETERMIN\u00d3<\/mark><\/strong> que, <mark style=\"background-color:#8cfbe9\" class=\"has-inline-color\"><strong>convocar a la Asamblea General de Ejidatarios<\/strong> con <strong>formalidades especiales<\/strong>, para que se <strong>pronuncie<\/strong> sobre la <strong>asignaci\u00f3n y delimitaci\u00f3n de tierras<\/strong>, permitiendo que el afectado ejerza su <strong>acci\u00f3n<\/strong> ante el <strong>Tribunal Unitario Agrario<\/strong><\/mark>.<\/p>\n\n\n\n<p>.<\/p>\n\n\n\n<p>La <strong>justificaci\u00f3n <\/strong>de la <mark style=\"background-color:rgba(0, 0, 0, 0);color:#020c7b\" class=\"has-inline-color\"><strong>SCJN<\/strong> <\/mark>es que, corresponde a las <mark style=\"background-color:rgba(0, 0, 0, 0);color:#944309\" class=\"has-inline-color\"><strong>asambleas de los n\u00facleos de poblaci\u00f3n<\/strong> DECIDIR <\/mark><mark style=\"background-color:rgba(0, 0, 0, 0)\" class=\"has-inline-color has-black-color\">sobre la<\/mark><mark style=\"background-color:rgba(0, 0, 0, 0);color:#944309\" class=\"has-inline-color\"> <strong>asignaci\u00f3n y parcelamiento de tierras<\/strong>,<\/mark><mark style=\"background-color:rgba(0, 0, 0, 0)\" class=\"has-inline-color has-black-color\"> as\u00ed como la<\/mark><mark style=\"background-color:rgba(0, 0, 0, 0);color:#944309\" class=\"has-inline-color\"> <strong>regularizaci\u00f3n de posesionarios<\/strong>. <\/mark><mark style=\"background-color:rgba(0, 0, 0, 0)\" class=\"has-inline-color has-black-color\">Solo tras un pronunciamiento <\/mark><mark style=\"background-color:rgba(0, 0, 0, 0);color:#944309\" class=\"has-inline-color\"><strong>afirmativo o negativo<\/strong> <\/mark><mark style=\"background-color:rgba(0, 0, 0, 0)\" class=\"has-inline-color has-black-color\">de la<\/mark><mark style=\"background-color:rgba(0, 0, 0, 0);color:#944309\" class=\"has-inline-color\"> <strong>asamblea<\/strong>, <\/mark><mark style=\"background-color:rgba(0, 0, 0, 0)\" class=\"has-inline-color has-black-color\">los interesados podr\u00e1n acudir al<\/mark><mark style=\"background-color:rgba(0, 0, 0, 0);color:#944309\" class=\"has-inline-color\"> <strong>Tribunal Unitario Agrario<\/strong>.<\/mark><mark style=\"background-color:rgba(0, 0, 0, 0)\" class=\"has-inline-color has-black-color\"> El <strong>c<\/strong><\/mark><mark style=\"background-color:rgba(0, 0, 0, 0);color:#944309\" class=\"has-inline-color\"><strong>omisariado<\/strong><\/mark><mark style=\"background-color:rgba(0, 0, 0, 0)\" class=\"has-inline-color has-black-color\"> debe convocar a <\/mark><mark style=\"background-color:rgba(0, 0, 0, 0);color:#944309\" class=\"has-inline-color\"><strong>asamblea general<\/strong><\/mark><mark style=\"background-color:rgba(0, 0, 0, 0)\" class=\"has-inline-color has-black-color\"> con<\/mark><mark style=\"background-color:rgba(0, 0, 0, 0);color:#944309\" class=\"has-inline-color\"> <strong>formalidades especiales<\/strong> <\/mark><mark style=\"background-color:rgba(0, 0, 0, 0)\" class=\"has-inline-color has-black-color\">para que los afectados puedan ejercer sus <\/mark><mark style=\"background-color:rgba(0, 0, 0, 0);color:#944309\" class=\"has-inline-color\"><strong>derechos jurisdiccionales<\/strong>.<\/mark><\/p>\n\n\n\n<p>.<\/p>\n\n\n\n<p>Estas <strong><mark style=\"background-color:#f6e0a4\" class=\"has-inline-color\">RESOLUCI\u00d3N<\/mark> <\/strong>es de aplicaci\u00f3n <strong><mark style=\"background-color:rgba(0, 0, 0, 0);color:#760202\" class=\"has-inline-color\">OBLIGATORIA<\/mark> <\/strong>en todo el pa\u00eds a partir de esta semana.<\/p>\n\n\n\n<p><strong><mark style=\"background-color:rgba(0, 0, 0, 0);color:#9d7404\" class=\"has-inline-color\">Jurisprudencia ADMINISTRATIVA<\/mark><\/strong><\/p>\n\n\n\n<p class=\"has-small-font-size\"><strong>Registro digital<\/strong>: &nbsp;2031248<\/p>\n\n\n\n<p>.<\/p>\n\n\n\n<p class=\"wp-embed-aspect-16-9 wp-has-aspect-ratio\">Si estas en el <strong><mark style=\"background-color:rgba(0, 0, 0, 0)\" class=\"has-inline-color has-vivid-red-color\">Extranjero <\/mark><\/strong>nosotros somos tu <strong><mark style=\"background-color:rgba(0, 0, 0, 0)\" class=\"has-inline-color has-vivid-green-cyan-color\">mejor<\/mark><\/strong> alternativa para <strong><mark style=\"background-color:rgba(0, 0, 0, 0)\" class=\"has-inline-color has-luminous-vivid-orange-color\">velar<\/mark><\/strong> por tus <strong><mark style=\"background-color:rgba(0, 0, 0, 0)\" class=\"has-inline-color has-vivid-cyan-blue-color\">intereses<\/mark><\/strong>, escr\u00edbenos o ll\u00e1manos al Tel <strong>55581-11311<\/strong>.<\/p>\n\n\n\n<p class=\"wp-embed-aspect-16-9 wp-has-aspect-ratio\">.<\/p>\n\n\n\n<p class=\"wp-embed-aspect-16-9 wp-has-aspect-ratio\">Cuando<strong> necesites<\/strong> ayuda, <strong>asistencia<\/strong> o <strong>planeaci\u00f3n<\/strong> legal, <strong>solicita<\/strong> <strong>Cita Privada<\/strong> <a href=\"mailto:bi@sm99.mx\" target=\"_blank\" rel=\"noreferrer noopener\"><strong>Aqu\u00ed<\/strong><\/a><\/p>\n\n\n\n<p class=\"wp-embed-aspect-16-9 wp-has-aspect-ratio\">La informaci\u00f3n que AQU\u00cd te presentamos <strong>deriva<\/strong> de los <strong>Peri\u00f3dicos Oficiales <\/strong>de la<strong> CdMx<\/strong>, <strong>Estado<\/strong> de Mex., Diario <strong>Oficial<\/strong> de la Federaci\u00f3n, Suprema Corte de<strong> Justicia<\/strong> de la Naci\u00f3n, por lo tanto es de <strong>aplicaci\u00f3n OBLIGATORIA<\/strong><\/p>\n\n\n\n<p class=\"wp-embed-aspect-16-9 wp-has-aspect-ratio\">.<\/p>\n\n\n\n<p class=\"wp-embed-aspect-16-9 wp-has-aspect-ratio\">La informaci\u00f3n de este d\u00eda proviene de la Suprema Corte de Justicia.<\/p>\n\n\n\n<p>.<\/p>\n\n\n\n<p><strong><mark style=\"background-color:rgba(0, 0, 0, 0)\" class=\"has-inline-color has-luminous-vivid-orange-color\">AY\u00daDANOS<\/mark><\/strong> para que m\u00e1s personas conozcan esta informaci\u00f3n, <strong>Comp\u00e1rtelo<\/strong> en tus redes sociales.<\/p>\n","protected":false},"excerpt":{"rendered":"<p>Views: 7 . . Este ANTEDECENTE Surge despu\u00e9s de que, se promovi\u00f3 un amparo directo contra la sentencia que concluy\u00f3 que la parte actora no acredit\u00f3 los elementos constitutivos de sus pretensiones. Sin embargo, no exist\u00eda una resoluci\u00f3n de la Asamblea General de Ejidatarios, ya sea en sentido afirmativo o negativo, respecto a la reclamaci\u00f3n [&hellip;]<\/p>\n","protected":false},"author":3,"featured_media":33218,"comment_status":"closed","ping_status":"open","sticky":false,"template":"","format":"standard","meta":{"_jetpack_memberships_contains_paid_content":false,"footnotes":""},"categories":[4],"tags":[],"jetpack_sharing_enabled":true,"jetpack_featured_media_url":"http:\/\/www.salgadonoticias.com\/wp-content\/uploads\/2025\/10\/ACTA-DE-ASAMBLEA-GENERAL-DE-EJIDATARIOS.webp","_links":{"self":[{"href":"http:\/\/www.salgadonoticias.com\/index.php?rest_route=\/wp\/v2\/posts\/33212"}],"collection":[{"href":"http:\/\/www.salgadonoticias.com\/index.php?rest_route=\/wp\/v2\/posts"}],"about":[{"href":"http:\/\/www.salgadonoticias.com\/index.php?rest_route=\/wp\/v2\/types\/post"}],"author":[{"embeddable":true,"href":"http:\/\/www.salgadonoticias.com\/index.php?rest_route=\/wp\/v2\/users\/3"}],"replies":[{"embeddable":true,"href":"http:\/\/www.salgadonoticias.com\/index.php?rest_route=%2Fwp%2Fv2%2Fcomments&post=33212"}],"version-history":[{"count":4,"href":"http:\/\/www.salgadonoticias.com\/index.php?rest_route=\/wp\/v2\/posts\/33212\/revisions"}],"predecessor-version":[{"id":33222,"href":"http:\/\/www.salgadonoticias.com\/index.php?rest_route=\/wp\/v2\/posts\/33212\/revisions\/33222"}],"wp:featuredmedia":[{"embeddable":true,"href":"http:\/\/www.salgadonoticias.com\/index.php?rest_route=\/wp\/v2\/media\/33218"}],"wp:attachment":[{"href":"http:\/\/www.salgadonoticias.com\/index.php?rest_route=%2Fwp%2Fv2%2Fmedia&parent=33212"}],"wp:term":[{"taxonomy":"category","embeddable":true,"href":"http:\/\/www.salgadonoticias.com\/index.php?rest_route=%2Fwp%2Fv2%2Fcategories&post=33212"},{"taxonomy":"post_tag","embeddable":true,"href":"http:\/\/www.salgadonoticias.com\/index.php?rest_route=%2Fwp%2Fv2%2Ftags&post=33212"}],"curies":[{"name":"wp","href":"https:\/\/api.w.org\/{rel}","templated":true}]}}