{"id":33223,"date":"2025-10-13T00:49:00","date_gmt":"2025-10-13T06:49:00","guid":{"rendered":"https:\/\/www.salgadonoticias.com\/?p=33223"},"modified":"2025-10-14T09:21:57","modified_gmt":"2025-10-14T15:21:57","slug":"devolucion-de-pagos-por-servicios-vehiculares-tras-nulidad-de-infraccion-queretaro","status":"publish","type":"post","link":"http:\/\/www.salgadonoticias.com\/?p=33223","title":{"rendered":"Nulidad de INFRACCI\u00d3N Vehicular da derecho a la Devoluci\u00f3n de Gastos de GR\u00daA y CORRAL\u00d3N (Quer\u00e9taro)\u2026!!!"},"content":{"rendered":"<p>Views: 7<\/p>\n<p>.<\/p>\n\n\n\n<p>Este <strong>ANTEDECENTE<\/strong><\/p>\n\n\n\n<p><strong><mark style=\"background-color:rgba(0, 0, 0, 0)\" class=\"has-inline-color has-luminous-vivid-orange-color\">Surge<\/mark> <\/strong>despu\u00e9s de que, una <strong><mark style=\"background-color:rgba(0, 0, 0, 0)\" class=\"has-inline-color has-luminous-vivid-orange-color\">persona<\/mark><\/strong> solicit\u00f3 la <strong><mark style=\"background-color:rgba(0, 0, 0, 0)\" class=\"has-inline-color has-luminous-vivid-orange-color\">nulidad<\/mark><\/strong> de una <strong><mark style=\"background-color:rgba(0, 0, 0, 0)\" class=\"has-inline-color has-luminous-vivid-orange-color\">boleta de infracci\u00f3n de tr\u00e1nsito<\/mark><\/strong> y PIDI\u00d3 la <strong><mark style=\"background-color:rgba(0, 0, 0, 0)\" class=\"has-inline-color has-luminous-vivid-orange-color\">devoluci\u00f3n<\/mark><\/strong> de los <strong><mark style=\"background-color:rgba(0, 0, 0, 0)\" class=\"has-inline-color has-luminous-vivid-orange-color\">gastos<\/mark><\/strong> por <mark style=\"background-color:rgba(0, 0, 0, 0)\" class=\"has-inline-color has-luminous-vivid-orange-color\"><strong>gr\u00faa<\/strong> y <strong>dep\u00f3sito vehicular<\/strong><\/mark>. <\/p>\n\n\n\n<p>El <strong><mark style=\"background-color:rgba(0, 0, 0, 0)\" class=\"has-inline-color has-luminous-vivid-orange-color\">Tribunal de Justicia Administrativa <\/mark><\/strong>del Estado de Quer\u00e9taro DECLAR\u00d3 la <strong><mark style=\"background-color:rgba(0, 0, 0, 0)\" class=\"has-inline-color has-luminous-vivid-orange-color\">nulidad lisa y llana<\/mark><\/strong> de la <em><u>boleta y orden\u00f3 devolver<\/u><\/em> la <strong><mark style=\"background-color:rgba(0, 0, 0, 0)\" class=\"has-inline-color has-luminous-vivid-orange-color\">multa<\/mark><\/strong>, pero <strong><mark style=\"background-color:rgba(0, 0, 0, 0)\" class=\"has-inline-color has-luminous-vivid-orange-color\">omiti\u00f3<\/mark><\/strong> pronunciarse sobre los <strong><mark style=\"background-color:rgba(0, 0, 0, 0)\" class=\"has-inline-color has-luminous-vivid-orange-color\">gastos accesorios<\/mark><\/strong>. <\/p>\n\n\n\n<p>En <strong><mark style=\"background-color:rgba(0, 0, 0, 0)\" class=\"has-inline-color has-luminous-vivid-orange-color\">amparo directo<\/mark><\/strong>, se argument\u00f3 que fue incorrecto aplicar el <mark style=\"background-color:rgba(0, 0, 0, 0)\" class=\"has-inline-color has-luminous-vivid-orange-color\"><strong>art\u00edculo 40 de la Ley de Servicios Auxiliares del Transporte P\u00fablico del Estado de Quer\u00e9taro<\/strong> <\/mark>para negar dicha devoluci\u00f3n.<\/p>\n\n\n\n<p>.<\/p>\n\n\n\n<p>La&nbsp;<strong><mark style=\"background-color:rgba(0, 0, 0, 0);color:#19017d\" class=\"has-inline-color\">Suprema Corte de Justicia<\/mark><\/strong>, a trav\u00e9s del&nbsp;Tribunal Colegiado, <strong><mark style=\"background-color:rgba(0, 0, 0, 0);color:#620303\" class=\"has-inline-color\">DETERMIN\u00d3<\/mark><\/strong> que, <mark style=\"background-color:#cff78b\" class=\"has-inline-color\"><strong>la nulidad <\/strong>de la<strong> infracci\u00f3n da derecho a la devoluci\u00f3n de los gastos de gr\u00faa y dep\u00f3sito, <\/strong><em><u>ya que el art\u00edculo 40 no lo<\/u><\/em><strong> proh\u00edbe.<\/strong><\/mark><\/p>\n\n\n\n<p>.<\/p>\n\n\n\n<p>La <mark style=\"background-color:rgba(0, 0, 0, 0);color:#80028c\" class=\"has-inline-color\"><strong>justificaci\u00f3n <\/strong><\/mark><mark style=\"background-color:rgba(0, 0, 0, 0)\" class=\"has-inline-color has-black-color\">de la<\/mark><mark style=\"background-color:rgba(0, 0, 0, 0);color:#80028c\" class=\"has-inline-color\"> <strong>SCJN<\/strong> <\/mark><mark style=\"background-color:rgba(0, 0, 0, 0)\" class=\"has-inline-color has-black-color\">es que, el<\/mark><mark style=\"background-color:rgba(0, 0, 0, 0);color:#80028c\" class=\"has-inline-color\"> <strong>art\u00edculo 40<\/strong> <\/mark><mark style=\"background-color:rgba(0, 0, 0, 0)\" class=\"has-inline-color has-black-color\">solo regula la<\/mark><mark style=\"background-color:rgba(0, 0, 0, 0);color:#80028c\" class=\"has-inline-color\"> <strong>entrega del veh\u00edculo<\/strong>, pero <strong>NO<\/strong> <strong>IMPIDE<\/strong> <\/mark><mark style=\"background-color:rgba(0, 0, 0, 0)\" class=\"has-inline-color has-black-color\">la<\/mark><mark style=\"background-color:rgba(0, 0, 0, 0);color:#80028c\" class=\"has-inline-color\"> <strong>devoluci\u00f3n<\/strong> <\/mark><mark style=\"background-color:rgba(0, 0, 0, 0)\" class=\"has-inline-color has-black-color\">de los<\/mark><mark style=\"background-color:rgba(0, 0, 0, 0);color:#80028c\" class=\"has-inline-color\"> <strong>gastos de gr\u00faa y dep\u00f3sito<\/strong> <\/mark><mark style=\"background-color:rgba(0, 0, 0, 0)\" class=\"has-inline-color has-black-color\">si se declara la <\/mark><mark style=\"background-color:rgba(0, 0, 0, 0);color:#80028c\" class=\"has-inline-color\"><strong>nulidad de la infracci\u00f3n<\/strong>. <\/mark><mark style=\"background-color:rgba(0, 0, 0, 0)\" class=\"has-inline-color has-black-color\"><em><u>Negar<\/u><\/em> esa <em><u>devoluci\u00f3n vulnera<\/u><\/em> la<\/mark><mark style=\"background-color:rgba(0, 0, 0, 0);color:#80028c\" class=\"has-inline-color\"> <strong>tutela judicial efectiva<\/strong>, la <strong>legalidad<\/strong> y la <strong>seguridad jur\u00eddica<\/strong>.<\/mark><\/p>\n\n\n\n<p>.<\/p>\n\n\n\n<p>.<\/p>\n\n\n\n<p>Estas <strong><mark style=\"background-color:#a1ecd1\" class=\"has-inline-color\">RESOLUCI\u00d3N<\/mark> <\/strong>es de aplicaci\u00f3n <strong><mark style=\"background-color:rgba(0, 0, 0, 0);color:#820202\" class=\"has-inline-color\">OBLIGATORIA <\/mark><\/strong>en todo el pa\u00eds a partir de esta semana.<\/p>\n\n\n\n<p><strong><mark style=\"background-color:rgba(0, 0, 0, 0);color:#04754b\" class=\"has-inline-color\">Jurisprudencia ADMINISTRATIVA<\/mark><\/strong><\/p>\n\n\n\n<p class=\"has-small-font-size\"><strong>Registro digital<\/strong>: &nbsp;2031330<\/p>\n\n\n\n<p>.<\/p>\n\n\n\n<p class=\"wp-embed-aspect-16-9 wp-has-aspect-ratio\">Si estas en el <strong><mark style=\"background-color:rgba(0, 0, 0, 0)\" class=\"has-inline-color has-vivid-red-color\">Extranjero <\/mark><\/strong>nosotros somos tu <strong><mark style=\"background-color:rgba(0, 0, 0, 0)\" class=\"has-inline-color has-vivid-green-cyan-color\">mejor<\/mark><\/strong> alternativa para <strong><mark style=\"background-color:rgba(0, 0, 0, 0)\" class=\"has-inline-color has-luminous-vivid-orange-color\">velar<\/mark><\/strong> por tus <strong><mark style=\"background-color:rgba(0, 0, 0, 0)\" class=\"has-inline-color has-vivid-cyan-blue-color\">intereses<\/mark><\/strong>, escr\u00edbenos o ll\u00e1manos al Tel <strong>55581-11311<\/strong>.<\/p>\n\n\n\n<p class=\"wp-embed-aspect-16-9 wp-has-aspect-ratio\">.<\/p>\n\n\n\n<p class=\"wp-embed-aspect-16-9 wp-has-aspect-ratio\">Cuando<strong> necesites<\/strong> ayuda, <strong>asistencia<\/strong> o <strong>planeaci\u00f3n<\/strong> legal, <strong>solicita<\/strong> <strong>Cita Privada<\/strong> <a href=\"mailto:bi@sm99.mx\" target=\"_blank\" rel=\"noreferrer noopener\"><strong>Aqu\u00ed<\/strong><\/a><\/p>\n\n\n\n<p class=\"wp-embed-aspect-16-9 wp-has-aspect-ratio\">La informaci\u00f3n que AQU\u00cd te presentamos <strong>deriva<\/strong> de los <strong>Peri\u00f3dicos Oficiales <\/strong>de la<strong> CdMx<\/strong>, <strong>Estado<\/strong> de Mex., Diario <strong>Oficial<\/strong> de la Federaci\u00f3n, Suprema Corte de<strong> Justicia<\/strong> de la Naci\u00f3n, por lo tanto es de <strong>aplicaci\u00f3n OBLIGATORIA<\/strong><\/p>\n\n\n\n<p class=\"wp-embed-aspect-16-9 wp-has-aspect-ratio\">.<\/p>\n\n\n\n<p class=\"wp-embed-aspect-16-9 wp-has-aspect-ratio\">La informaci\u00f3n de este d\u00eda proviene de la Suprema Corte de Justicia.<\/p>\n\n\n\n<p>.<\/p>\n\n\n\n<p><strong><mark style=\"background-color:rgba(0, 0, 0, 0)\" class=\"has-inline-color has-luminous-vivid-orange-color\">AY\u00daDANOS<\/mark><\/strong> para que m\u00e1s personas conozcan esta informaci\u00f3n, <strong>Comp\u00e1rtelo<\/strong> en tus redes sociales.<\/p>\n","protected":false},"excerpt":{"rendered":"<p>Views: 7 . Este ANTEDECENTE Surge despu\u00e9s de que, una persona solicit\u00f3 la nulidad de una boleta de infracci\u00f3n de tr\u00e1nsito y PIDI\u00d3 la devoluci\u00f3n de los gastos por gr\u00faa y dep\u00f3sito vehicular. El Tribunal de Justicia Administrativa del Estado de Quer\u00e9taro DECLAR\u00d3 la nulidad lisa y llana de la boleta y orden\u00f3 devolver la [&hellip;]<\/p>\n","protected":false},"author":3,"featured_media":33226,"comment_status":"closed","ping_status":"open","sticky":false,"template":"","format":"standard","meta":{"_jetpack_memberships_contains_paid_content":false,"footnotes":""},"categories":[4],"tags":[],"jetpack_sharing_enabled":true,"jetpack_featured_media_url":"http:\/\/www.salgadonoticias.com\/wp-content\/uploads\/2025\/10\/ad0383d26712ade723bb3fa268086679.jpg","_links":{"self":[{"href":"http:\/\/www.salgadonoticias.com\/index.php?rest_route=\/wp\/v2\/posts\/33223"}],"collection":[{"href":"http:\/\/www.salgadonoticias.com\/index.php?rest_route=\/wp\/v2\/posts"}],"about":[{"href":"http:\/\/www.salgadonoticias.com\/index.php?rest_route=\/wp\/v2\/types\/post"}],"author":[{"embeddable":true,"href":"http:\/\/www.salgadonoticias.com\/index.php?rest_route=\/wp\/v2\/users\/3"}],"replies":[{"embeddable":true,"href":"http:\/\/www.salgadonoticias.com\/index.php?rest_route=%2Fwp%2Fv2%2Fcomments&post=33223"}],"version-history":[{"count":3,"href":"http:\/\/www.salgadonoticias.com\/index.php?rest_route=\/wp\/v2\/posts\/33223\/revisions"}],"predecessor-version":[{"id":33234,"href":"http:\/\/www.salgadonoticias.com\/index.php?rest_route=\/wp\/v2\/posts\/33223\/revisions\/33234"}],"wp:featuredmedia":[{"embeddable":true,"href":"http:\/\/www.salgadonoticias.com\/index.php?rest_route=\/wp\/v2\/media\/33226"}],"wp:attachment":[{"href":"http:\/\/www.salgadonoticias.com\/index.php?rest_route=%2Fwp%2Fv2%2Fmedia&parent=33223"}],"wp:term":[{"taxonomy":"category","embeddable":true,"href":"http:\/\/www.salgadonoticias.com\/index.php?rest_route=%2Fwp%2Fv2%2Fcategories&post=33223"},{"taxonomy":"post_tag","embeddable":true,"href":"http:\/\/www.salgadonoticias.com\/index.php?rest_route=%2Fwp%2Fv2%2Ftags&post=33223"}],"curies":[{"name":"wp","href":"https:\/\/api.w.org\/{rel}","templated":true}]}}