{"id":33228,"date":"2025-10-14T09:45:45","date_gmt":"2025-10-14T15:45:45","guid":{"rendered":"https:\/\/www.salgadonoticias.com\/?p=33228"},"modified":"2025-10-14T19:33:01","modified_gmt":"2025-10-15T01:33:01","slug":"33228","status":"publish","type":"post","link":"http:\/\/www.salgadonoticias.com\/?p=33228","title":{"rendered":"PROCEDE Suplencia de la QUEJA en favor de personas PENSIONADAS por Jubilaci\u00f3n que reclaman Prestaciones de PENSI\u00d3N\u2026!!!"},"content":{"rendered":"<p>Views: 11<\/p>\n<p>.<\/p>\n\n\n\n<figure class=\"wp-block-embed is-type-video is-provider-youtube wp-block-embed-youtube wp-embed-aspect-16-9 wp-has-aspect-ratio\"><div class=\"wp-block-embed__wrapper\">\n<iframe loading=\"lazy\" title=\"Lo relevante del martes 14 de octubre de 2025.\" width=\"640\" height=\"360\" src=\"https:\/\/www.youtube.com\/embed\/EZ809tSCiKU?feature=oembed\" frameborder=\"0\" allow=\"accelerometer; autoplay; clipboard-write; encrypted-media; gyroscope; picture-in-picture; web-share\" referrerpolicy=\"strict-origin-when-cross-origin\" allowfullscreen><\/iframe>\n<\/div><\/figure>\n\n\n\n<p>.<\/p>\n\n\n\n<p>Este <strong>ANTEDECENTE<\/strong><\/p>\n\n\n\n<p><mark style=\"background-color:rgba(0, 0, 0, 0);color:#7a3505\" class=\"has-inline-color\"><strong>Surge <\/strong><\/mark><mark style=\"background-color:rgba(0, 0, 0, 0)\" class=\"has-inline-color has-black-color\">despu\u00e9s de que, Los<\/mark><mark style=\"background-color:rgba(0, 0, 0, 0);color:#7a3505\" class=\"has-inline-color\"> <strong>Tribunales Colegiados de Circuito<\/strong> <\/mark><mark style=\"background-color:rgba(0, 0, 0, 0)\" class=\"has-inline-color has-black-color\">sostuvieron criterios<\/mark><mark style=\"background-color:rgba(0, 0, 0, 0);color:#7a3505\" class=\"has-inline-color\"> <strong>contradictorios<\/strong> <\/mark><mark style=\"background-color:rgba(0, 0, 0, 0)\" class=\"has-inline-color has-black-color\">sobre la procedencia de la <\/mark><mark style=\"background-color:rgba(0, 0, 0, 0);color:#7a3505\" class=\"has-inline-color\"><strong>SUPLENCIA DE LA QUEJA deficiente<\/strong> <\/mark><mark style=\"background-color:rgba(0, 0, 0, 0)\" class=\"has-inline-color has-black-color\">del art\u00edculo<\/mark><mark style=\"background-color:rgba(0, 0, 0, 0);color:#7a3505\" class=\"has-inline-color\"> <strong>79, fracci\u00f3n V, de la Ley de Amparo<\/strong> <\/mark><mark style=\"background-color:rgba(0, 0, 0, 0)\" class=\"has-inline-color has-black-color\">en favor de personas <\/mark><mark style=\"background-color:rgba(0, 0, 0, 0);color:#7a3505\" class=\"has-inline-color\"><strong>pensionadas por jubilaci\u00f3n<\/strong>.<\/mark><\/p>\n\n\n\n<p>.<\/p>\n\n\n\n<p>La <strong><mark style=\"background-color:rgba(0, 0, 0, 0);color:#110497\" class=\"has-inline-color\">Suprema Corte de Justicia<\/mark> <\/strong>a trav\u00e9s del&nbsp;Pleno Regional Centro-Norte, <strong><mark style=\"background-color:rgba(0, 0, 0, 0);color:#7c0404\" class=\"has-inline-color\">DETERMIN\u00d3<\/mark> <\/strong>que, <mark style=\"background-color:#c1fc8d\" class=\"has-inline-color has-black-color\">PROCEDE la <strong>suplencia de la Queja Deficiente<\/strong> en favor de <em><u>personas<\/u><\/em> <strong>Pensionadas por jubilaci\u00f3n<\/strong> que reclaman <strong>prestaciones de pensi\u00f3n<\/strong>.<\/mark><\/p>\n\n\n\n<p>.<\/p>\n\n\n\n<p>La <strong><mark style=\"background-color:rgba(0, 0, 0, 0);color:#b10356\" class=\"has-inline-color\">justificaci\u00f3n<\/mark> <\/strong>de la <mark style=\"background-color:rgba(0, 0, 0, 0);color:#3107e3\" class=\"has-inline-color\"><strong>SCJN<\/strong> <\/mark>es que, la <mark style=\"background-color:rgba(0, 0, 0, 0);color:#bc0688\" class=\"has-inline-color\"><strong>suplencia de la queja deficiente<\/strong> es un <strong>principio general<\/strong> del juicio de <strong>amparo<\/strong>, que busca garantizar la <strong>igualdad procesal<\/strong> y el <strong>acceso a la justicia<\/strong>, especialmente para personas en <strong>situaci\u00f3n de vulnerabilidad<\/strong>.<\/mark><\/p>\n\n\n\n<p>As\u00ed la <em><u>Segunda Sala de la Suprema Corte<\/u><\/em> <mark style=\"background-color:rgba(0, 0, 0, 0);color:#9f01a3\" class=\"has-inline-color\"><strong>ampli\u00f3<\/strong> <\/mark><mark style=\"background-color:rgba(0, 0, 0, 0)\" class=\"has-inline-color has-black-color\">su <em><u>aplicaci\u00f3n en materia<\/u><\/em><\/mark><mark style=\"background-color:rgba(0, 0, 0, 0);color:#9f01a3\" class=\"has-inline-color\"> <strong>laboral<\/strong>, conforme al art\u00edculo <strong>1\u00ba constitucional<\/strong>,<\/mark> cuando:<\/p>\n\n\n\n<p><mark style=\"background-color:rgba(0, 0, 0, 0);color:#ac047d\" class=\"has-inline-color\"><strong>I)<\/strong> Exista <strong>vulnerabilidad<\/strong> que afecte el acceso a la <strong>tutela jurisdiccional efectiva<\/strong>, y<br><strong>II)<\/strong> El reclamo se relacione con <strong>derechos del art\u00edculo 123 constitucional<\/strong>.<\/mark><\/p>\n\n\n\n<p>Por ello, procede la <mark style=\"background-color:rgba(0, 0, 0, 0);color:#b80786\" class=\"has-inline-color\"><strong>suplencia<\/strong> <\/mark><mark style=\"background-color:rgba(0, 0, 0, 0)\" class=\"has-inline-color has-black-color\">del art\u00edculo<\/mark><mark style=\"background-color:rgba(0, 0, 0, 0);color:#b80786\" class=\"has-inline-color\"> <strong>79, fracci\u00f3n V, de la Ley de Amparo<\/strong> <\/mark><mark style=\"background-color:rgba(0, 0, 0, 0)\" class=\"has-inline-color has-black-color\">en favor de personas<\/mark><mark style=\"background-color:rgba(0, 0, 0, 0);color:#b80786\" class=\"has-inline-color\"> <strong>pensionadas por jubilaci\u00f3n<\/strong> <\/mark><mark style=\"background-color:rgba(0, 0, 0, 0)\" class=\"has-inline-color has-black-color\">que reclaman<\/mark><mark style=\"background-color:rgba(0, 0, 0, 0);color:#b80786\" class=\"has-inline-color\"> <strong>prestaciones de pensi\u00f3n<\/strong><\/mark>, ya que:<\/p>\n\n\n\n<ol start=\"1\">\n<li><mark style=\"background-color:#f8ce5c\" class=\"has-inline-color\">Son <strong>adultos mayores<\/strong> en situaci\u00f3n de <strong>vulnerabilidad<\/strong><\/mark>.<\/li>\n\n\n\n<li><mark style=\"background-color:#abead3\" class=\"has-inline-color\">Enfrentan <strong>reducci\u00f3n de ingresos<\/strong>, lo que limita su defensa.<\/mark><\/li>\n\n\n\n<li><mark style=\"background-color:#eaafbe\" class=\"has-inline-color\">Las <strong>pensiones<\/strong> est\u00e1n ligadas al derecho a la <strong>seguridad social<\/strong>.<\/mark><\/li>\n<\/ol>\n\n\n\n<p>.<\/p>\n\n\n\n<p>Estas <strong><mark style=\"background-color:#baf9e0\" class=\"has-inline-color\">RESOLUCI\u00d3N<\/mark> <\/strong>es de aplicaci\u00f3n <strong><mark style=\"background-color:rgba(0, 0, 0, 0);color:#9d0404\" class=\"has-inline-color\">OBLIGATORIA<\/mark> <\/strong>en todo el pa\u00eds a partir de esta semana.<\/p>\n\n\n\n<p><strong><mark style=\"background-color:rgba(0, 0, 0, 0)\" class=\"has-inline-color has-vivid-green-cyan-color\">Jurisprudencia COM\u00daN-ADMINISTRATIVA<\/mark><\/strong><\/p>\n\n\n\n<p class=\"has-small-font-size\"><strong>Registro digital<\/strong>: &nbsp;2031331<\/p>\n\n\n\n<p>.<\/p>\n\n\n\n<p class=\"wp-embed-aspect-16-9 wp-has-aspect-ratio\">Si estas en el <strong><mark style=\"background-color:rgba(0, 0, 0, 0)\" class=\"has-inline-color has-vivid-red-color\">Extranjero <\/mark><\/strong>nosotros somos tu <strong><mark style=\"background-color:rgba(0, 0, 0, 0)\" class=\"has-inline-color has-vivid-green-cyan-color\">mejor<\/mark><\/strong> alternativa para <strong><mark style=\"background-color:rgba(0, 0, 0, 0)\" class=\"has-inline-color has-luminous-vivid-orange-color\">velar<\/mark><\/strong> por tus <strong><mark style=\"background-color:rgba(0, 0, 0, 0)\" class=\"has-inline-color has-vivid-cyan-blue-color\">intereses<\/mark><\/strong>, escr\u00edbenos o ll\u00e1manos al Tel <strong>55581-11311<\/strong>.<\/p>\n\n\n\n<p class=\"wp-embed-aspect-16-9 wp-has-aspect-ratio\">.<\/p>\n\n\n\n<p class=\"wp-embed-aspect-16-9 wp-has-aspect-ratio\">Cuando<strong> necesites<\/strong> ayuda, <strong>asistencia<\/strong> o <strong>planeaci\u00f3n<\/strong> legal, <strong>solicita<\/strong> <strong>Cita Privada<\/strong> <a href=\"mailto:bi@sm99.mx\" target=\"_blank\" rel=\"noreferrer noopener\"><strong>Aqu\u00ed<\/strong><\/a><\/p>\n\n\n\n<p class=\"wp-embed-aspect-16-9 wp-has-aspect-ratio\">La informaci\u00f3n que AQU\u00cd te presentamos <strong>deriva<\/strong> de los <strong>Peri\u00f3dicos Oficiales <\/strong>de la<strong> CdMx<\/strong>, <strong>Estado<\/strong> de Mex., Diario <strong>Oficial<\/strong> de la Federaci\u00f3n, Suprema Corte de<strong> Justicia<\/strong> de la Naci\u00f3n, por lo tanto es de <strong>aplicaci\u00f3n OBLIGATORIA<\/strong><\/p>\n\n\n\n<p class=\"wp-embed-aspect-16-9 wp-has-aspect-ratio\">.<\/p>\n\n\n\n<p class=\"wp-embed-aspect-16-9 wp-has-aspect-ratio\">La informaci\u00f3n de este d\u00eda proviene de la Suprema Corte de Justicia.<\/p>\n\n\n\n<p>.<\/p>\n\n\n\n<p><strong><mark style=\"background-color:rgba(0, 0, 0, 0)\" class=\"has-inline-color has-luminous-vivid-orange-color\">AY\u00daDANOS<\/mark><\/strong> para que m\u00e1s personas conozcan esta informaci\u00f3n, <strong>Comp\u00e1rtelo<\/strong> en tus redes sociales.<\/p>\n","protected":false},"excerpt":{"rendered":"<p>Views: 11 . . Este ANTEDECENTE Surge despu\u00e9s de que, Los Tribunales Colegiados de Circuito sostuvieron criterios contradictorios sobre la procedencia de la SUPLENCIA DE LA QUEJA deficiente del art\u00edculo 79, fracci\u00f3n V, de la Ley de Amparo en favor de personas pensionadas por jubilaci\u00f3n. . La Suprema Corte de Justicia a trav\u00e9s del&nbsp;Pleno Regional [&hellip;]<\/p>\n","protected":false},"author":3,"featured_media":33231,"comment_status":"closed","ping_status":"open","sticky":false,"template":"","format":"standard","meta":{"_jetpack_memberships_contains_paid_content":false,"footnotes":""},"categories":[4],"tags":[],"jetpack_sharing_enabled":true,"jetpack_featured_media_url":"http:\/\/www.salgadonoticias.com\/wp-content\/uploads\/2025\/10\/f768x1-794820_794947_5050.webp","_links":{"self":[{"href":"http:\/\/www.salgadonoticias.com\/index.php?rest_route=\/wp\/v2\/posts\/33228"}],"collection":[{"href":"http:\/\/www.salgadonoticias.com\/index.php?rest_route=\/wp\/v2\/posts"}],"about":[{"href":"http:\/\/www.salgadonoticias.com\/index.php?rest_route=\/wp\/v2\/types\/post"}],"author":[{"embeddable":true,"href":"http:\/\/www.salgadonoticias.com\/index.php?rest_route=\/wp\/v2\/users\/3"}],"replies":[{"embeddable":true,"href":"http:\/\/www.salgadonoticias.com\/index.php?rest_route=%2Fwp%2Fv2%2Fcomments&post=33228"}],"version-history":[{"count":5,"href":"http:\/\/www.salgadonoticias.com\/index.php?rest_route=\/wp\/v2\/posts\/33228\/revisions"}],"predecessor-version":[{"id":33255,"href":"http:\/\/www.salgadonoticias.com\/index.php?rest_route=\/wp\/v2\/posts\/33228\/revisions\/33255"}],"wp:featuredmedia":[{"embeddable":true,"href":"http:\/\/www.salgadonoticias.com\/index.php?rest_route=\/wp\/v2\/media\/33231"}],"wp:attachment":[{"href":"http:\/\/www.salgadonoticias.com\/index.php?rest_route=%2Fwp%2Fv2%2Fmedia&parent=33228"}],"wp:term":[{"taxonomy":"category","embeddable":true,"href":"http:\/\/www.salgadonoticias.com\/index.php?rest_route=%2Fwp%2Fv2%2Fcategories&post=33228"},{"taxonomy":"post_tag","embeddable":true,"href":"http:\/\/www.salgadonoticias.com\/index.php?rest_route=%2Fwp%2Fv2%2Ftags&post=33228"}],"curies":[{"name":"wp","href":"https:\/\/api.w.org\/{rel}","templated":true}]}}