{"id":33259,"date":"2025-10-17T00:35:00","date_gmt":"2025-10-17T06:35:00","guid":{"rendered":"https:\/\/www.salgadonoticias.com\/?p=33259"},"modified":"2025-10-17T18:31:54","modified_gmt":"2025-10-18T00:31:54","slug":"33259","status":"publish","type":"post","link":"http:\/\/www.salgadonoticias.com\/?p=33259","title":{"rendered":"Si Certificado del IMSS-REDUCE semanas Cotizadas, DEBE indicar el Motivo para tener VALIDEZ.!!!"},"content":{"rendered":"<p>Views: 37<\/p>\n<p>.<\/p>\n\n\n\n<figure class=\"wp-block-embed is-type-video is-provider-youtube wp-block-embed-youtube wp-embed-aspect-16-9 wp-has-aspect-ratio\"><div class=\"wp-block-embed__wrapper\">\n<iframe loading=\"lazy\" title=\"Lo destacado del viernes 17 de octubre de 2025.\" width=\"640\" height=\"360\" src=\"https:\/\/www.youtube.com\/embed\/CHZf6vNG6OY?feature=oembed\" frameborder=\"0\" allow=\"accelerometer; autoplay; clipboard-write; encrypted-media; gyroscope; picture-in-picture; web-share\" referrerpolicy=\"strict-origin-when-cross-origin\" allowfullscreen><\/iframe>\n<\/div><\/figure>\n\n\n\n<p>.<\/p>\n\n\n\n<p>Este <strong>ANTEDECENTE<\/strong><\/p>\n\n\n\n<p><mark style=\"background-color:rgba(0, 0, 0, 0);color:#a47903\" class=\"has-inline-color\"><strong>Surge <\/strong><\/mark><mark style=\"background-color:rgba(0, 0, 0, 0)\" class=\"has-inline-color has-black-color\">despu\u00e9s de que, en un<\/mark><mark style=\"background-color:rgba(0, 0, 0, 0);color:#a47903\" class=\"has-inline-color\"> <strong>juicio laboral<\/strong>, se <strong>negaron<\/strong> las <strong>pensiones de viudez<\/strong> <\/mark><mark style=\"background-color:rgba(0, 0, 0, 0)\" class=\"has-inline-color has-black-color\">y de<\/mark><mark style=\"background-color:rgba(0, 0, 0, 0);color:#a47903\" class=\"has-inline-color\"> <strong>orfandad<\/strong> <\/mark><mark style=\"background-color:rgba(0, 0, 0, 0)\" class=\"has-inline-color has-black-color\">solicitadas por los<\/mark><mark style=\"background-color:rgba(0, 0, 0, 0);color:#a47903\" class=\"has-inline-color\"> <strong>beneficiarios<\/strong><\/mark><mark style=\"background-color:rgba(0, 0, 0, 0)\" class=\"has-inline-color has-black-color\"> de un<\/mark><mark style=\"background-color:rgba(0, 0, 0, 0);color:#a47903\" class=\"has-inline-color\"> <strong>trabajador fallecido<\/strong>, <\/mark><mark style=\"background-color:rgba(0, 0, 0, 0)\" class=\"has-inline-color has-black-color\">debido a un<\/mark><mark style=\"background-color:rgba(0, 0, 0, 0);color:#a47903\" class=\"has-inline-color\"> <strong>certificado de vigencia de derechos<\/strong> <\/mark><mark style=\"background-color:rgba(0, 0, 0, 0)\" class=\"has-inline-color has-black-color\">que indicaba<\/mark><mark style=\"background-color:rgba(0, 0, 0, 0);color:#a47903\" class=\"has-inline-color\"> <strong>menos semanas cotizadas<\/strong> <\/mark><mark style=\"background-color:rgba(0, 0, 0, 0)\" class=\"has-inline-color has-black-color\">de las requeridas, sin ofrecer una<\/mark><mark style=\"background-color:rgba(0, 0, 0, 0);color:#a47903\" class=\"has-inline-color\"> <strong>justificaci\u00f3n<\/strong>. <\/mark><\/p>\n\n\n\n<p><mark style=\"background-color:rgba(0, 0, 0, 0)\" class=\"has-inline-color has-black-color\">Con base en esa reducci\u00f3n, la<\/mark><mark style=\"background-color:rgba(0, 0, 0, 0);color:#a47903\" class=\"has-inline-color\"> <strong>autoridad laboral<\/strong> <\/mark><mark style=\"background-color:rgba(0, 0, 0, 0)\" class=\"has-inline-color has-black-color\">concluy\u00f3 que el trabajador muri\u00f3<\/mark><mark style=\"background-color:rgba(0, 0, 0, 0);color:#a47903\" class=\"has-inline-color\"> <strong>fuera del periodo de conservaci\u00f3n de derechos<\/strong>.<\/mark><\/p>\n\n\n\n<p>.<\/p>\n\n\n\n<p>La&nbsp;<strong><mark style=\"background-color:rgba(0, 0, 0, 0);color:#14057c\" class=\"has-inline-color\">Suprema Corte de Justicia<\/mark><\/strong>, a trav\u00e9s del&nbsp;Tribunal Colegiado de Circuito, <strong><mark style=\"background-color:rgba(0, 0, 0, 0);color:#a20909\" class=\"has-inline-color\">DETERMIN\u00d3<\/mark><\/strong> que, si el <mark style=\"background-color:rgba(0, 0, 0, 0);color:#026d45\" class=\"has-inline-color\"><strong>certificado de vigencia de derechos<\/strong> <\/mark><mark style=\"background-color:rgba(0, 0, 0, 0)\" class=\"has-inline-color has-black-color\">del <\/mark><mark style=\"background-color:rgba(0, 0, 0, 0);color:#026d45\" class=\"has-inline-color\"><strong>IMSS<\/strong> <\/mark><mark style=\"background-color:rgba(0, 0, 0, 0)\" class=\"has-inline-color has-black-color\">MUESTRA<\/mark><mark style=\"background-color:rgba(0, 0, 0, 0);color:#026d45\" class=\"has-inline-color\"> <strong>menos semanas cotizadas<\/strong>,<\/mark><mark style=\"background-color:rgba(0, 0, 0, 0)\" class=\"has-inline-color has-black-color\"> <strong>DEBE i<\/strong>ncluir el <\/mark><mark style=\"background-color:rgba(0, 0, 0, 0);color:#026d45\" class=\"has-inline-color\"><strong>motivo de la reducci\u00f3n<\/strong> <\/mark><mark style=\"background-color:rgba(0, 0, 0, 0)\" class=\"has-inline-color has-black-color\">para tener<\/mark><mark style=\"background-color:rgba(0, 0, 0, 0);color:#026d45\" class=\"has-inline-color\"> <strong>valor probatorio<\/strong> <\/mark><mark style=\"background-color:rgba(0, 0, 0, 0)\" class=\"has-inline-color has-black-color\">y poder ser <\/mark><mark style=\"background-color:rgba(0, 0, 0, 0);color:#026d45\" class=\"has-inline-color\"><strong>desvirtuado<\/strong>.<\/mark><\/p>\n\n\n\n<p>.<\/p>\n\n\n\n<p>La<mark style=\"background-color:rgba(0, 0, 0, 0);color:#8e0161\" class=\"has-inline-color\"> <strong>justificaci\u00f3n<\/strong><\/mark><mark style=\"background-color:rgba(0, 0, 0, 0)\" class=\"has-inline-color has-black-color\"><strong> <\/strong>de la <strong>SCJN<\/strong> es que, El <\/mark><mark style=\"background-color:rgba(0, 0, 0, 0);color:#8e0161\" class=\"has-inline-color\"><strong>certificado de derechos<\/strong><\/mark><mark style=\"background-color:rgba(0, 0, 0, 0)\" class=\"has-inline-color has-black-color\"> establece las<\/mark><mark style=\"background-color:rgba(0, 0, 0, 0);color:#8e0161\" class=\"has-inline-color\"> <strong>semanas cotizadas<\/strong> <\/mark><mark style=\"background-color:rgba(0, 0, 0, 0)\" class=\"has-inline-color has-black-color\">y tiene<\/mark><mark style=\"background-color:rgba(0, 0, 0, 0);color:#8e0161\" class=\"has-inline-color\"> <strong>valor probatorio<\/strong>,<\/mark> salvo prueba en contrario. Sin embargo, si reporta una <mark style=\"background-color:rgba(0, 0, 0, 0);color:#8e0161\" class=\"has-inline-color\"><strong>reducci\u00f3n sin motivo<\/strong>, <\/mark><mark style=\"background-color:rgba(0, 0, 0, 0)\" class=\"has-inline-color has-black-color\">afecta los <\/mark><mark style=\"background-color:rgba(0, 0, 0, 0);color:#8e0161\" class=\"has-inline-color\"><strong>derechos del beneficiario<\/strong>,<\/mark><mark style=\"background-color:rgba(0, 0, 0, 0)\" class=\"has-inline-color has-black-color\"> impide <\/mark><mark style=\"background-color:rgba(0, 0, 0, 0);color:#8e0161\" class=\"has-inline-color\"><strong>desvirtuarla<\/strong> y <strong>pierde validez<\/strong><\/mark><mark style=\"background-color:rgba(0, 0, 0, 0)\" class=\"has-inline-color has-black-color\"> para negar<\/mark><mark style=\"background-color:rgba(0, 0, 0, 0);color:#8e0161\" class=\"has-inline-color\"> <strong>pensiones<\/strong> <\/mark><mark style=\"background-color:rgba(0, 0, 0, 0)\" class=\"has-inline-color has-black-color\">por supuesta p\u00e9rdida del <\/mark><mark style=\"background-color:rgba(0, 0, 0, 0);color:#8e0161\" class=\"has-inline-color\"><strong>periodo de conservaci\u00f3n de derechos<\/strong>.<\/mark><\/p>\n\n\n\n<p>.<\/p>\n\n\n\n<p>.<\/p>\n\n\n\n<p>Estas <strong><mark style=\"background-color:#fdd5b9\" class=\"has-inline-color\">RESOLUCI\u00d3N<\/mark> <\/strong>esta <strong>disponible <\/strong>para quien la <strong><mark style=\"background-color:rgba(0, 0, 0, 0);color:#740606\" class=\"has-inline-color\">conozca y la haga valer<\/mark><\/strong> en todo el pa\u00eds a partir de esta semana.<\/p>\n\n\n\n<p><strong><mark style=\"background-color:rgba(0, 0, 0, 0)\" class=\"has-inline-color has-luminous-vivid-orange-color\">Tesis LABORAL<\/mark><\/strong><\/p>\n\n\n\n<p><mark style=\"background-color:rgba(0, 0, 0, 0)\" class=\"has-inline-color has-black-color\"><strong>Registro digital<\/strong>: &nbsp;2031321<\/mark><\/p>\n\n\n\n<p>.<\/p>\n\n\n\n<p class=\"wp-embed-aspect-16-9 wp-has-aspect-ratio\">Si estas en el <strong><mark style=\"background-color:rgba(0, 0, 0, 0)\" class=\"has-inline-color has-vivid-red-color\">Extranjero <\/mark><\/strong>nosotros somos tu <strong><mark style=\"background-color:rgba(0, 0, 0, 0)\" class=\"has-inline-color has-vivid-green-cyan-color\">mejor<\/mark><\/strong> alternativa para <strong><mark style=\"background-color:rgba(0, 0, 0, 0)\" class=\"has-inline-color has-luminous-vivid-orange-color\">velar<\/mark><\/strong> por tus <strong><mark style=\"background-color:rgba(0, 0, 0, 0)\" class=\"has-inline-color has-vivid-cyan-blue-color\">intereses<\/mark><\/strong>, escr\u00edbenos o ll\u00e1manos al Tel <strong>55581-11311<\/strong>.<\/p>\n\n\n\n<p class=\"wp-embed-aspect-16-9 wp-has-aspect-ratio\">.<\/p>\n\n\n\n<p class=\"wp-embed-aspect-16-9 wp-has-aspect-ratio\">Cuando<strong> necesites<\/strong> ayuda, <strong>asistencia<\/strong> o <strong>planeaci\u00f3n<\/strong> legal, <strong>solicita<\/strong> <strong>Cita Privada<\/strong> <a href=\"mailto:bi@sm99.mx\" target=\"_blank\" rel=\"noreferrer noopener\"><strong>Aqu\u00ed<\/strong><\/a><\/p>\n\n\n\n<p class=\"wp-embed-aspect-16-9 wp-has-aspect-ratio\">La informaci\u00f3n que AQU\u00cd te presentamos <strong>deriva<\/strong> de los <strong>Peri\u00f3dicos Oficiales <\/strong>de la<strong> CdMx<\/strong>, <strong>Estado<\/strong> de Mex., Diario <strong>Oficial<\/strong> de la Federaci\u00f3n, Suprema Corte de<strong> Justicia<\/strong> de la Naci\u00f3n, por lo tanto es de <strong>aplicaci\u00f3n OBLIGATORIA<\/strong><\/p>\n\n\n\n<p class=\"wp-embed-aspect-16-9 wp-has-aspect-ratio\">.<\/p>\n\n\n\n<p class=\"wp-embed-aspect-16-9 wp-has-aspect-ratio\">La informaci\u00f3n de este d\u00eda proviene de la Suprema Corte de Justicia.<\/p>\n\n\n\n<p>.<\/p>\n\n\n\n<p><strong><mark style=\"background-color:rgba(0, 0, 0, 0)\" class=\"has-inline-color has-luminous-vivid-orange-color\">AY\u00daDANOS<\/mark><\/strong> para que m\u00e1s personas conozcan esta informaci\u00f3n, <strong>Comp\u00e1rtelo<\/strong> en tus redes sociales.<\/p>\n","protected":false},"excerpt":{"rendered":"<p>Views: 37 . . Este ANTEDECENTE Surge despu\u00e9s de que, en un juicio laboral, se negaron las pensiones de viudez y de orfandad solicitadas por los beneficiarios de un trabajador fallecido, debido a un certificado de vigencia de derechos que indicaba menos semanas cotizadas de las requeridas, sin ofrecer una justificaci\u00f3n. Con base en esa [&hellip;]<\/p>\n","protected":false},"author":3,"featured_media":33269,"comment_status":"closed","ping_status":"open","sticky":false,"template":"","format":"standard","meta":{"_jetpack_memberships_contains_paid_content":false,"footnotes":""},"categories":[4],"tags":[],"jetpack_sharing_enabled":true,"jetpack_featured_media_url":"http:\/\/www.salgadonoticias.com\/wp-content\/uploads\/2025\/10\/D_NQ_NP_959601-MLM79447086904_102024-O.webp","_links":{"self":[{"href":"http:\/\/www.salgadonoticias.com\/index.php?rest_route=\/wp\/v2\/posts\/33259"}],"collection":[{"href":"http:\/\/www.salgadonoticias.com\/index.php?rest_route=\/wp\/v2\/posts"}],"about":[{"href":"http:\/\/www.salgadonoticias.com\/index.php?rest_route=\/wp\/v2\/types\/post"}],"author":[{"embeddable":true,"href":"http:\/\/www.salgadonoticias.com\/index.php?rest_route=\/wp\/v2\/users\/3"}],"replies":[{"embeddable":true,"href":"http:\/\/www.salgadonoticias.com\/index.php?rest_route=%2Fwp%2Fv2%2Fcomments&post=33259"}],"version-history":[{"count":6,"href":"http:\/\/www.salgadonoticias.com\/index.php?rest_route=\/wp\/v2\/posts\/33259\/revisions"}],"predecessor-version":[{"id":33273,"href":"http:\/\/www.salgadonoticias.com\/index.php?rest_route=\/wp\/v2\/posts\/33259\/revisions\/33273"}],"wp:featuredmedia":[{"embeddable":true,"href":"http:\/\/www.salgadonoticias.com\/index.php?rest_route=\/wp\/v2\/media\/33269"}],"wp:attachment":[{"href":"http:\/\/www.salgadonoticias.com\/index.php?rest_route=%2Fwp%2Fv2%2Fmedia&parent=33259"}],"wp:term":[{"taxonomy":"category","embeddable":true,"href":"http:\/\/www.salgadonoticias.com\/index.php?rest_route=%2Fwp%2Fv2%2Fcategories&post=33259"},{"taxonomy":"post_tag","embeddable":true,"href":"http:\/\/www.salgadonoticias.com\/index.php?rest_route=%2Fwp%2Fv2%2Ftags&post=33259"}],"curies":[{"name":"wp","href":"https:\/\/api.w.org\/{rel}","templated":true}]}}