{"id":33275,"date":"2025-10-20T00:22:00","date_gmt":"2025-10-20T06:22:00","guid":{"rendered":"https:\/\/www.salgadonoticias.com\/?p=33275"},"modified":"2025-10-20T16:44:10","modified_gmt":"2025-10-20T22:44:10","slug":"33275","status":"publish","type":"post","link":"http:\/\/www.salgadonoticias.com\/?p=33275","title":{"rendered":"Pensiones NIVELADAS al salario m\u00ednimo, NO Prescriben; los afectados S\u00cd pueden Reclamar el pago de esas DIFERENCIAS al IMSS .\u2026!!!"},"content":{"rendered":"<p>Views: 13<\/p>\n<p>.<\/p>\n\n\n\n<figure class=\"wp-block-embed is-type-video is-provider-youtube wp-block-embed-youtube wp-embed-aspect-16-9 wp-has-aspect-ratio\"><div class=\"wp-block-embed__wrapper\">\n<iframe loading=\"lazy\" title=\"Lo relevante del lunes 20 de octubre de 2035\" width=\"640\" height=\"360\" src=\"https:\/\/www.youtube.com\/embed\/OIuz2YHf7eI?start=2&#038;feature=oembed\" frameborder=\"0\" allow=\"accelerometer; autoplay; clipboard-write; encrypted-media; gyroscope; picture-in-picture; web-share\" referrerpolicy=\"strict-origin-when-cross-origin\" allowfullscreen><\/iframe>\n<\/div><\/figure>\n\n\n\n<p>.<\/p>\n\n\n\n<p>Este <strong>ANTEDECENTE<\/strong><\/p>\n\n\n\n<p><mark style=\"background-color:rgba(0, 0, 0, 0);color:#8e6905\" class=\"has-inline-color\"><strong>Surge <\/strong><\/mark><mark style=\"background-color:rgba(0, 0, 0, 0)\" class=\"has-inline-color has-black-color\">despu\u00e9s de que,<\/mark><mark style=\"background-color:rgba(0, 0, 0, 0);color:#8e6905\" class=\"has-inline-color\"> <strong>Tres Tribunales <\/strong><\/mark><mark style=\"background-color:rgba(0, 0, 0, 0)\" class=\"has-inline-color has-black-color\">Colegiados de Circuito llegaron a opiniones distintas sobre si la <\/mark><mark style=\"background-color:rgba(0, 0, 0, 0);color:#8e6905\" class=\"has-inline-color\"><strong>omisi\u00f3n<\/strong> <\/mark><mark style=\"background-color:rgba(0, 0, 0, 0)\" class=\"has-inline-color has-black-color\">de incluir <\/mark><mark style=\"background-color:rgba(0, 0, 0, 0);color:#8e6905\" class=\"has-inline-color\"><strong>asignaciones familiares<\/strong><\/mark><mark style=\"background-color:rgba(0, 0, 0, 0)\" class=\"has-inline-color has-black-color\"> en la<\/mark><mark style=\"background-color:rgba(0, 0, 0, 0);color:#8e6905\" class=\"has-inline-color\"> <strong>pensi\u00f3n<\/strong> <\/mark><mark style=\"background-color:rgba(0, 0, 0, 0)\" class=\"has-inline-color has-black-color\">nivelada al<\/mark><mark style=\"background-color:rgba(0, 0, 0, 0);color:#8e6905\" class=\"has-inline-color\"> <strong>salario m\u00ednimo<\/strong> <\/mark><mark style=\"background-color:rgba(0, 0, 0, 0)\" class=\"has-inline-color has-black-color\">era un<\/mark><mark style=\"background-color:rgba(0, 0, 0, 0);color:#8e6905\" class=\"has-inline-color\"> <strong>error aritm\u00e9tico<\/strong> del <strong>IMSS<\/strong><\/mark><mark style=\"background-color:rgba(0, 0, 0, 0)\" class=\"has-inline-color has-black-color\"> o un <em><u>problema<\/u><\/em> de<\/mark><mark style=\"background-color:rgba(0, 0, 0, 0);color:#8e6905\" class=\"has-inline-color\"> <strong>interpretaci\u00f3n legal<\/strong>. <\/mark><\/p>\n\n\n\n<p><mark style=\"background-color:rgba(0, 0, 0, 0)\" class=\"has-inline-color has-black-color\">Dos tribunales consideraron que fue un<\/mark><mark style=\"background-color:rgba(0, 0, 0, 0);color:#8e6905\" class=\"has-inline-color\"> <strong>error aritm\u00e9tico<\/strong>, <\/mark><mark style=\"background-color:rgba(0, 0, 0, 0)\" class=\"has-inline-color has-black-color\">por lo que<\/mark><mark style=\"background-color:rgba(0, 0, 0, 0);color:#8e6905\" class=\"has-inline-color\"> <strong>no aplicaba la prescripci\u00f3n<\/strong> <\/mark><mark style=\"background-color:rgba(0, 0, 0, 0)\" class=\"has-inline-color has-black-color\">para reclamar las diferencias. El tercero opin\u00f3 que fue un<\/mark><mark style=\"background-color:rgba(0, 0, 0, 0);color:#8e6905\" class=\"has-inline-color\"> <strong>error de interpretaci\u00f3n<\/strong>, <\/mark><mark style=\"background-color:rgba(0, 0, 0, 0)\" class=\"has-inline-color has-black-color\">por lo que<\/mark><mark style=\"background-color:rgba(0, 0, 0, 0);color:#8e6905\" class=\"has-inline-color\"> <strong>s\u00ed proced\u00eda la prescripci\u00f3n<\/strong><\/mark>.<\/p>\n\n\n\n<p>.<\/p>\n\n\n\n<p>La&nbsp;<mark style=\"background-color:rgba(0, 0, 0, 0);color:#0f0175\" class=\"has-inline-color\"><strong>Suprema Corte de Justicia<\/strong>, <\/mark><mark style=\"background-color:rgba(0, 0, 0, 0)\" class=\"has-inline-color has-black-color\">a trav\u00e9s del&nbsp;Pleno Regional en Materias Penal y de Trabajo en la CdMx.,<\/mark><mark style=\"background-color:rgba(0, 0, 0, 0);color:#8e3d03\" class=\"has-inline-color\"> <\/mark><mark style=\"background-color:rgba(0, 0, 0, 0);color:#7d0101\" class=\"has-inline-color\"><strong>DETERMIN\u00d3<\/strong> <\/mark><mark style=\"background-color:rgba(0, 0, 0, 0)\" class=\"has-inline-color has-black-color\">que, una vez<\/mark><mark style=\"background-color:rgba(0, 0, 0, 0);color:#8e3d03\" class=\"has-inline-color\"> <\/mark><strong><mark style=\"background-color:rgba(0, 0, 0, 0);color:#41017d\" class=\"has-inline-color\">nivelada la pensi\u00f3n<\/mark><\/strong><mark style=\"background-color:rgba(0, 0, 0, 0);color:#8e3d03\" class=\"has-inline-color\"> <\/mark><mark style=\"background-color:rgba(0, 0, 0, 0)\" class=\"has-inline-color has-black-color\">correspondiente al<\/mark><mark style=\"background-color:rgba(0, 0, 0, 0);color:#3c0570\" class=\"has-inline-color\"> <strong>salario m\u00ednimo<\/strong>,<\/mark><mark style=\"background-color:rgba(0, 0, 0, 0);color:#8e3d03\" class=\"has-inline-color\"> <\/mark><mark style=\"background-color:rgba(0, 0, 0, 0)\" class=\"has-inline-color has-black-color\">la<\/mark><mark style=\"background-color:rgba(0, 0, 0, 0);color:#8e3d03\" class=\"has-inline-color\"> <\/mark><strong><mark style=\"background-color:rgba(0, 0, 0, 0);color:#350363\" class=\"has-inline-color\">falta de inclusi\u00f3n<\/mark><\/strong><mark style=\"background-color:rgba(0, 0, 0, 0);color:#8e3d03\" class=\"has-inline-color\"> de <\/mark><mark style=\"background-color:rgba(0, 0, 0, 0)\" class=\"has-inline-color has-black-color\">las<\/mark><mark style=\"background-color:rgba(0, 0, 0, 0);color:#8e3d03\" class=\"has-inline-color\"> <\/mark><mark style=\"background-color:rgba(0, 0, 0, 0);color:#3a026e\" class=\"has-inline-color\"><strong>asignaciones familiares<\/strong> o <strong>ayudas asistenciales<\/strong><\/mark><mark style=\"background-color:rgba(0, 0, 0, 0)\" class=\"has-inline-color has-black-color\"> a ese monto es un<\/mark><mark style=\"background-color:rgba(0, 0, 0, 0);color:#3c0471\" class=\"has-inline-color\"> <strong>error aritm\u00e9tico<\/strong> <\/mark><mark style=\"background-color:rgba(0, 0, 0, 0)\" class=\"has-inline-color has-black-color\">atribuible al<\/mark><mark style=\"background-color:rgba(0, 0, 0, 0);color:#3c0471\" class=\"has-inline-color\"> <strong>IMSS<\/strong>, <\/mark><mark style=\"background-color:rgba(0, 0, 0, 0)\" class=\"has-inline-color has-black-color\">por lo tanto<\/mark><mark style=\"background-color:rgba(0, 0, 0, 0);color:#3c0471\" class=\"has-inline-color\">, <strong>no aplica la prescripci\u00f3n<\/strong>,<\/mark><mark style=\"background-color:rgba(0, 0, 0, 0)\" class=\"has-inline-color has-black-color\"> lo que significa que<\/mark><mark style=\"background-color:rgba(0, 0, 0, 0);color:#3c0471\" class=\"has-inline-color\"> <strong>los afectados S\u00cd pueden reclamar el pago de esas diferencias<\/strong>,<\/mark><mark style=\"background-color:rgba(0, 0, 0, 0);color:#8e3d03\" class=\"has-inline-color\"> <\/mark><em><u><mark style=\"background-color:rgba(0, 0, 0, 0)\" class=\"has-inline-color has-black-color\">aunque haya pasado tiempo<\/mark><\/u><\/em><mark style=\"background-color:rgba(0, 0, 0, 0);color:#8e3d03\" class=\"has-inline-color\">.<\/mark><\/p>\n\n\n\n<p>.<\/p>\n\n\n\n<p>La <mark style=\"background-color:rgba(0, 0, 0, 0);color:#017e06\" class=\"has-inline-color\"><strong>justificaci\u00f3n <\/strong><\/mark><mark style=\"background-color:rgba(0, 0, 0, 0)\" class=\"has-inline-color has-black-color\">de la <strong>SCJN<\/strong> es que, e<\/mark><mark style=\"background-color:rgba(0, 0, 0, 0);color:#017e06\" class=\"has-inline-color\">l <strong>art\u00edculo 273<\/strong> <\/mark><mark style=\"background-color:rgba(0, 0, 0, 0)\" class=\"has-inline-color has-black-color\">de la<\/mark><mark style=\"background-color:rgba(0, 0, 0, 0);color:#017e06\" class=\"has-inline-color\"> <strong>derogada Ley del Seguro Social<\/strong> <\/mark><mark style=\"background-color:rgba(0, 0, 0, 0)\" class=\"has-inline-color has-black-color\"><em><u>ESTABLECE<\/u><\/em> que, si una <em><u>pensi\u00f3n fue mal calculada<\/u><\/em> por un <\/mark><mark style=\"background-color:rgba(0, 0, 0, 0);color:#017e06\" class=\"has-inline-color\"><strong>error atribuible al IMSS<\/strong>, <\/mark><mark style=\"background-color:rgba(0, 0, 0, 0)\" class=\"has-inline-color has-black-color\">su<\/mark><mark style=\"background-color:rgba(0, 0, 0, 0);color:#017e06\" class=\"has-inline-color\"> <strong>correcci\u00f3n<\/strong> <\/mark><mark style=\"background-color:rgba(0, 0, 0, 0)\" class=\"has-inline-color has-black-color\">DEBE aplicarse <\/mark><mark style=\"background-color:rgba(0, 0, 0, 0);color:#017e06\" class=\"has-inline-color\"><strong>retroactivamente<\/strong> <\/mark><mark style=\"background-color:rgba(0, 0, 0, 0)\" class=\"has-inline-color has-black-color\">desde el inicio de la prestaci\u00f3n. La Segunda Sala <\/mark><mark style=\"background-color:rgba(0, 0, 0, 0);color:#017e06\" class=\"has-inline-color\"><strong>confirm\u00f3<\/strong> <\/mark><mark style=\"background-color:rgba(0, 0, 0, 0)\" class=\"has-inline-color has-black-color\">que este <em><u>ERROR<\/u><\/em> debe ser<\/mark><mark style=\"background-color:rgba(0, 0, 0, 0);color:#017e06\" class=\"has-inline-color\"> <strong>estrictamente aritm\u00e9tico<\/strong>, <\/mark><mark style=\"background-color:rgba(0, 0, 0, 0)\" class=\"has-inline-color has-black-color\"><em><u>sin relaci\u00f3n con datos incorrectos del patr\u00f3n<\/u><\/em>. Adem\u00e1s, si el <em><u>IMSS no sum\u00f3<\/u><\/em> las<\/mark><mark style=\"background-color:rgba(0, 0, 0, 0);color:#017e06\" class=\"has-inline-color\"> <strong>asignaciones familiares<\/strong><\/mark><mark style=\"background-color:rgba(0, 0, 0, 0)\" class=\"has-inline-color has-black-color\"> y <\/mark><mark style=\"background-color:rgba(0, 0, 0, 0);color:#017e06\" class=\"has-inline-color\"><strong>ayudas asistenciales<\/strong> <\/mark><mark style=\"background-color:rgba(0, 0, 0, 0)\" class=\"has-inline-color has-black-color\">al monto de la pensi\u00f3n nivelada al <\/mark><mark style=\"background-color:rgba(0, 0, 0, 0);color:#017e06\" class=\"has-inline-color\"><strong>salario m\u00ednimo<\/strong>,<\/mark><mark style=\"background-color:rgba(0, 0, 0, 0)\" class=\"has-inline-color has-black-color\"> se considera un <\/mark><mark style=\"background-color:rgba(0, 0, 0, 0);color:#017e06\" class=\"has-inline-color\"><strong>error aritm\u00e9tico<\/strong><\/mark><mark style=\"background-color:rgba(0, 0, 0, 0)\" class=\"has-inline-color has-black-color\"> del Instituto, ya que la informaci\u00f3n necesaria ya est\u00e1 en sus registros. Por lo tanto, este tipo de <em><u>error no est\u00e1 sujeto<\/u><\/em> a<\/mark><mark style=\"background-color:rgba(0, 0, 0, 0);color:#017e06\" class=\"has-inline-color\"> <strong>prescripci\u00f3n<\/strong><\/mark>, y debe corregirse conforme a la ley.<\/p>\n\n\n\n<p>.<\/p>\n\n\n\n<p>.<\/p>\n\n\n\n<p>Esta <strong><mark style=\"background-color:#cba5ed\" class=\"has-inline-color\">RESOLUCI\u00d3N<\/mark> <\/strong>es de <strong>aplicaci\u00f3n<mark style=\"background-color:rgba(0, 0, 0, 0);color:#770404\" class=\"has-inline-color\"> OBLIGATORIA<\/mark> <\/strong>en todo el pa\u00eds a partir de esta semana.<\/p>\n\n\n\n<p><strong><mark style=\"background-color:rgba(0, 0, 0, 0);color:#3c0174\" class=\"has-inline-color\">Jurisprudencia LABORAL<\/mark><\/strong><\/p>\n\n\n\n<p class=\"has-small-font-size\"><strong>Registro digital<\/strong>: &nbsp;2031347<\/p>\n\n\n\n<p>.<\/p>\n\n\n\n<p class=\"wp-embed-aspect-16-9 wp-has-aspect-ratio\">Si estas en el <strong><mark style=\"background-color:rgba(0, 0, 0, 0)\" class=\"has-inline-color has-vivid-red-color\">Extranjero <\/mark><\/strong>nosotros somos tu <strong><mark style=\"background-color:rgba(0, 0, 0, 0)\" class=\"has-inline-color has-vivid-green-cyan-color\">mejor<\/mark><\/strong> alternativa para <strong><mark style=\"background-color:rgba(0, 0, 0, 0)\" class=\"has-inline-color has-luminous-vivid-orange-color\">velar<\/mark><\/strong> por tus <strong><mark style=\"background-color:rgba(0, 0, 0, 0)\" class=\"has-inline-color has-vivid-cyan-blue-color\">intereses<\/mark><\/strong>, escr\u00edbenos o ll\u00e1manos al Tel <strong>55581-11311<\/strong>.<\/p>\n\n\n\n<p class=\"wp-embed-aspect-16-9 wp-has-aspect-ratio\">.<\/p>\n\n\n\n<p class=\"wp-embed-aspect-16-9 wp-has-aspect-ratio\">Cuando<strong> necesites<\/strong> ayuda, <strong>asistencia<\/strong> o <strong>planeaci\u00f3n<\/strong> legal, <strong>solicita<\/strong> <strong>Cita Privada<\/strong> <a href=\"mailto:bi@sm99.mx\" target=\"_blank\" rel=\"noreferrer noopener\"><strong>Aqu\u00ed<\/strong><\/a><\/p>\n\n\n\n<p class=\"wp-embed-aspect-16-9 wp-has-aspect-ratio\">La informaci\u00f3n que AQU\u00cd te presentamos <strong>deriva<\/strong> de los <strong>Peri\u00f3dicos Oficiales <\/strong>de la<strong> CdMx<\/strong>, <strong>Estado<\/strong> de Mex., Diario <strong>Oficial<\/strong> de la Federaci\u00f3n, Suprema Corte de<strong> Justicia<\/strong> de la Naci\u00f3n, por lo tanto es de <strong>aplicaci\u00f3n OBLIGATORIA<\/strong><\/p>\n\n\n\n<p class=\"wp-embed-aspect-16-9 wp-has-aspect-ratio\">.<\/p>\n\n\n\n<p class=\"wp-embed-aspect-16-9 wp-has-aspect-ratio\">La informaci\u00f3n de este d\u00eda proviene de la Suprema Corte de Justicia.<\/p>\n\n\n\n<p class=\"wp-embed-aspect-16-9 wp-has-aspect-ratio\">.<\/p>\n\n\n\n<p class=\"wp-embed-aspect-16-9 wp-has-aspect-ratio\"><strong><mark style=\"background-color:rgba(0, 0, 0, 0)\" class=\"has-inline-color has-luminous-vivid-orange-color\">AY\u00daDANOS<\/mark><\/strong> para que m\u00e1s personas conozcan esta informaci\u00f3n, <strong>Comp\u00e1rtelo<\/strong> en tus redes sociales.<\/p>\n","protected":false},"excerpt":{"rendered":"<p>Views: 13 . . Este ANTEDECENTE Surge despu\u00e9s de que, Tres Tribunales Colegiados de Circuito llegaron a opiniones distintas sobre si la omisi\u00f3n de incluir asignaciones familiares en la pensi\u00f3n nivelada al salario m\u00ednimo era un error aritm\u00e9tico del IMSS o un problema de interpretaci\u00f3n legal. Dos tribunales consideraron que fue un error aritm\u00e9tico, por [&hellip;]<\/p>\n","protected":false},"author":3,"featured_media":33284,"comment_status":"closed","ping_status":"open","sticky":false,"template":"","format":"standard","meta":{"_jetpack_memberships_contains_paid_content":false,"footnotes":""},"categories":[4],"tags":[],"jetpack_sharing_enabled":true,"jetpack_featured_media_url":"http:\/\/www.salgadonoticias.com\/wp-content\/uploads\/2025\/10\/WUPPGSIVEZDTHAVXXYEJY255F4.jpg","_links":{"self":[{"href":"http:\/\/www.salgadonoticias.com\/index.php?rest_route=\/wp\/v2\/posts\/33275"}],"collection":[{"href":"http:\/\/www.salgadonoticias.com\/index.php?rest_route=\/wp\/v2\/posts"}],"about":[{"href":"http:\/\/www.salgadonoticias.com\/index.php?rest_route=\/wp\/v2\/types\/post"}],"author":[{"embeddable":true,"href":"http:\/\/www.salgadonoticias.com\/index.php?rest_route=\/wp\/v2\/users\/3"}],"replies":[{"embeddable":true,"href":"http:\/\/www.salgadonoticias.com\/index.php?rest_route=%2Fwp%2Fv2%2Fcomments&post=33275"}],"version-history":[{"count":8,"href":"http:\/\/www.salgadonoticias.com\/index.php?rest_route=\/wp\/v2\/posts\/33275\/revisions"}],"predecessor-version":[{"id":33291,"href":"http:\/\/www.salgadonoticias.com\/index.php?rest_route=\/wp\/v2\/posts\/33275\/revisions\/33291"}],"wp:featuredmedia":[{"embeddable":true,"href":"http:\/\/www.salgadonoticias.com\/index.php?rest_route=\/wp\/v2\/media\/33284"}],"wp:attachment":[{"href":"http:\/\/www.salgadonoticias.com\/index.php?rest_route=%2Fwp%2Fv2%2Fmedia&parent=33275"}],"wp:term":[{"taxonomy":"category","embeddable":true,"href":"http:\/\/www.salgadonoticias.com\/index.php?rest_route=%2Fwp%2Fv2%2Fcategories&post=33275"},{"taxonomy":"post_tag","embeddable":true,"href":"http:\/\/www.salgadonoticias.com\/index.php?rest_route=%2Fwp%2Fv2%2Ftags&post=33275"}],"curies":[{"name":"wp","href":"https:\/\/api.w.org\/{rel}","templated":true}]}}