{"id":33292,"date":"2025-10-21T00:44:00","date_gmt":"2025-10-21T06:44:00","guid":{"rendered":"https:\/\/www.salgadonoticias.com\/?p=33292"},"modified":"2025-10-21T08:23:28","modified_gmt":"2025-10-21T14:23:28","slug":"33292","status":"publish","type":"post","link":"http:\/\/www.salgadonoticias.com\/?p=33292","title":{"rendered":"Ante 2 o m\u00e1s ACTAS de MATRIMONIO de Trabajador FALLECIDO beneficios PROPORCIONALES ..\u2026!!!"},"content":{"rendered":"<p>Views: 8<\/p>\n<p>.<\/p>\n\n\n\n<p>Este <strong><mark style=\"background-color:rgba(0, 0, 0, 0);color:#900643\" class=\"has-inline-color\">ANTEDECENTE<\/mark><\/strong><\/p>\n\n\n\n<p><mark style=\"background-color:rgba(0, 0, 0, 0);color:#8c0766\" class=\"has-inline-color\"><strong>Surge<\/strong><\/mark><mark style=\"background-color:rgba(0, 0, 0, 0)\" class=\"has-inline-color has-black-color\"><strong> <\/strong>despu\u00e9s de que, una <\/mark><mark style=\"background-color:rgba(0, 0, 0, 0);color:#8c0766\" class=\"has-inline-color\"><strong>mujer<\/strong>,<\/mark><mark style=\"background-color:rgba(0, 0, 0, 0)\" class=\"has-inline-color has-black-color\"> en su car\u00e1cter de<\/mark><mark style=\"background-color:rgba(0, 0, 0, 0);color:#8c0766\" class=\"has-inline-color\"> <strong>c\u00f3nyuge<\/strong>, <\/mark><mark style=\"background-color:rgba(0, 0, 0, 0)\" class=\"has-inline-color has-black-color\">demand\u00f3 a una<\/mark><mark style=\"background-color:rgba(0, 0, 0, 0);color:#8c0766\" class=\"has-inline-color\"> <strong>instituci\u00f3n de seguridad social<\/strong> la <strong>restituci\u00f3n<\/strong><\/mark><mark style=\"background-color:rgba(0, 0, 0, 0)\" class=\"has-inline-color has-black-color\"> y el <\/mark><mark style=\"background-color:rgba(0, 0, 0, 0);color:#8c0766\" class=\"has-inline-color\"><strong>pago de una pensi\u00f3n de viudez<\/strong> <\/mark><mark style=\"background-color:rgba(0, 0, 0, 0)\" class=\"has-inline-color has-black-color\">previamente otorgada, derivada de los<\/mark><mark style=\"background-color:rgba(0, 0, 0, 0);color:#8c0766\" class=\"has-inline-color\"> <strong>derechos laborales<\/strong><\/mark><mark style=\"background-color:rgba(0, 0, 0, 0)\" class=\"has-inline-color has-black-color\"> de un<\/mark><mark style=\"background-color:rgba(0, 0, 0, 0);color:#8c0766\" class=\"has-inline-color\"> <strong>trabajador fallecido<\/strong>. <\/mark><\/p>\n\n\n\n<p><mark style=\"background-color:rgba(0, 0, 0, 0)\" class=\"has-inline-color has-black-color\">Pero otra persona, que se <em><u>ostent\u00f3<\/u><\/em> como <\/mark><mark style=\"background-color:rgba(0, 0, 0, 0);color:#8c0766\" class=\"has-inline-color\"><strong>primera esposa<\/strong> del <strong>de cujus<\/strong>,<\/mark><mark style=\"background-color:rgba(0, 0, 0, 0)\" class=\"has-inline-color has-black-color\"> intervino como<\/mark><mark style=\"background-color:rgba(0, 0, 0, 0);color:#8c0766\" class=\"has-inline-color\"> <strong>tercera interesada<\/strong> <\/mark><mark style=\"background-color:rgba(0, 0, 0, 0)\" class=\"has-inline-color has-black-color\">para <em><u>reclamar<\/u><\/em> los mismos<\/mark><mark style=\"background-color:rgba(0, 0, 0, 0);color:#8c0766\" class=\"has-inline-color\"> <strong>beneficios<\/strong>. <\/mark><\/p>\n\n\n\n<p><mark style=\"background-color:rgba(0, 0, 0, 0)\" class=\"has-inline-color has-black-color\">El<\/mark><mark style=\"background-color:rgba(0, 0, 0, 0);color:#8c0766\" class=\"has-inline-color\"> <strong>Tribunal Laboral<\/strong> <\/mark><mark style=\"background-color:rgba(0, 0, 0, 0)\" class=\"has-inline-color has-black-color\">reconoci\u00f3 como<\/mark><mark style=\"background-color:rgba(0, 0, 0, 0);color:#8c0766\" class=\"has-inline-color\"> <strong>leg\u00edtima beneficiaria<\/strong> <\/mark><mark style=\"background-color:rgba(0, 0, 0, 0)\" class=\"has-inline-color has-black-color\">y con<\/mark><mark style=\"background-color:rgba(0, 0, 0, 0);color:#8c0766\" class=\"has-inline-color\"> <strong>derecho preferente<\/strong> <\/mark><mark style=\"background-color:rgba(0, 0, 0, 0)\" class=\"has-inline-color has-black-color\">a la <\/mark><mark style=\"background-color:rgba(0, 0, 0, 0);color:#8c0766\" class=\"has-inline-color\"><strong>segunda esposa<\/strong>, q<\/mark><mark style=\"background-color:rgba(0, 0, 0, 0)\" class=\"has-inline-color has-black-color\">uien fue la<\/mark><mark style=\"background-color:rgba(0, 0, 0, 0);color:#8c0766\" class=\"has-inline-color\"> <strong>actora principal<\/strong> <\/mark><mark style=\"background-color:rgba(0, 0, 0, 0)\" class=\"has-inline-color has-black-color\">del juicio. La<\/mark><mark style=\"background-color:rgba(0, 0, 0, 0);color:#8c0766\" class=\"has-inline-color\"> <strong>primera esposa<\/strong> <\/mark><em><u><mark style=\"background-color:rgba(0, 0, 0, 0)\" class=\"has-inline-color has-black-color\">PROMOVI\u00d3<\/mark><\/u><\/em><mark style=\"background-color:rgba(0, 0, 0, 0);color:#8c0766\" class=\"has-inline-color\"> <strong>amparo directo<\/strong>, <\/mark><mark style=\"background-color:rgba(0, 0, 0, 0)\" class=\"has-inline-color has-black-color\">el cual fue<\/mark><mark style=\"background-color:rgba(0, 0, 0, 0);color:#8c0766\" class=\"has-inline-color\"> <strong>concedido<\/strong>.<\/mark><\/p>\n\n\n\n<p>.<\/p>\n\n\n\n<p>La\u00a0<strong><mark style=\"background-color:rgba(0, 0, 0, 0);color:#2b049c\" class=\"has-inline-color\">Suprema Corte de Justicia<\/mark><\/strong>, a trav\u00e9s del\u00a0Tribunal Colegiado de Circuito,<mark style=\"background-color:rgba(0, 0, 0, 0);color:#6d0404\" class=\"has-inline-color\"> <strong>DETERMIN\u00d3<\/strong><\/mark> que, ante la <mark style=\"background-color:#caf7b7\" class=\"has-inline-color\"><strong>coexistencia de actas de matrimonio<\/strong> <em><u>legalmente v\u00e1lidas<\/u><\/em>, los <strong>c\u00f3nyuges sup\u00e9rstites<\/strong> DEBEN <em><u>recibir de forma<\/u><\/em> <strong>proporcional<\/strong> los <strong>beneficios<\/strong> derivados como <strong>beneficiarios<\/strong> de los <strong>derechos laborales<\/strong> de un <strong>trabajador fallecido<\/strong>.<\/mark><\/p>\n\n\n\n<p>.<\/p>\n\n\n\n<p>La<mark style=\"background-color:rgba(0, 0, 0, 0);color:#c95605\" class=\"has-inline-color\"> <strong>justificaci\u00f3n <\/strong><\/mark><mark style=\"background-color:rgba(0, 0, 0, 0)\" class=\"has-inline-color has-black-color\">de la <strong>SCJN<\/strong> es que, de la ejecutoria que dio origen a la <\/mark><mark style=\"background-color:rgba(0, 0, 0, 0);color:#c95605\" class=\"has-inline-color\"><strong>jurisprudencia 2a.\/J. 44\/2024 (11a.)<\/strong>,<\/mark><mark style=\"background-color:rgba(0, 0, 0, 0)\" class=\"has-inline-color has-black-color\"> emitida por la <\/mark><mark style=\"background-color:rgba(0, 0, 0, 0);color:#c95605\" class=\"has-inline-color\"><strong>Segunda Sala<\/strong>, <\/mark><mark style=\"background-color:rgba(0, 0, 0, 0)\" class=\"has-inline-color has-black-color\">se <\/mark><mark style=\"background-color:rgba(0, 0, 0, 0);color:#c95605\" class=\"has-inline-color\"><strong>establece<\/strong><\/mark><mark style=\"background-color:rgba(0, 0, 0, 0)\" class=\"has-inline-color has-black-color\"> que el <\/mark><mark style=\"background-color:rgba(0, 0, 0, 0);color:#c95605\" class=\"has-inline-color\"><strong>reconocimiento<\/strong><\/mark><mark style=\"background-color:rgba(0, 0, 0, 0)\" class=\"has-inline-color has-black-color\"> como<\/mark><mark style=\"background-color:rgba(0, 0, 0, 0);color:#c95605\" class=\"has-inline-color\"> <strong>beneficiaria<\/strong> <\/mark><mark style=\"background-color:rgba(0, 0, 0, 0)\" class=\"has-inline-color has-black-color\">a una <\/mark><mark style=\"background-color:rgba(0, 0, 0, 0);color:#c95605\" class=\"has-inline-color\"><strong>concubina<\/strong> <\/mark><em><u><mark style=\"background-color:rgba(0, 0, 0, 0)\" class=\"has-inline-color has-black-color\">NO implica<\/mark><\/u><\/em><mark style=\"background-color:rgba(0, 0, 0, 0);color:#c95605\" class=\"has-inline-color\"> <strong>desconocer los derechos<\/strong> <\/mark><mark style=\"background-color:rgba(0, 0, 0, 0)\" class=\"has-inline-color has-black-color\">de la <\/mark><mark style=\"background-color:rgba(0, 0, 0, 0);color:#c95605\" class=\"has-inline-color\"><strong>c\u00f3nyuge<\/strong> legal. <\/mark><\/p>\n\n\n\n<p><mark style=\"background-color:rgba(0, 0, 0, 0);color:#c95605\" class=\"has-inline-color\">Y ante la <strong><em>coexistencia de actas de matrimonio<\/em><\/strong> <strong>V\u00c1LIDAS<\/strong>, <\/mark><mark style=\"background-color:rgba(0, 0, 0, 0)\" class=\"has-inline-color has-black-color\">se DEBEN considerar los<\/mark><mark style=\"background-color:rgba(0, 0, 0, 0);color:#c95605\" class=\"has-inline-color\"> <strong>diversos modelos familiares<\/strong> <\/mark><mark style=\"background-color:rgba(0, 0, 0, 0)\" class=\"has-inline-color has-black-color\">y aplicar una<\/mark><mark style=\"background-color:rgba(0, 0, 0, 0);color:#c95605\" class=\"has-inline-color\"> <strong>protecci\u00f3n extendida<\/strong> a la <strong>familia<\/strong>, <\/mark><mark style=\"background-color:rgba(0, 0, 0, 0)\" class=\"has-inline-color has-black-color\">reconociendo que los <\/mark><mark style=\"background-color:rgba(0, 0, 0, 0);color:#c95605\" class=\"has-inline-color\"><strong>derechos y obligaciones<\/strong> del <strong>matrimonio<\/strong> <\/mark><mark style=\"background-color:rgba(0, 0, 0, 0)\" class=\"has-inline-color has-black-color\"><em><u>subsisten mientras no exista<\/u><\/em> una<\/mark><mark style=\"background-color:rgba(0, 0, 0, 0);color:#c95605\" class=\"has-inline-color\"> <strong>resoluci\u00f3n judicial o administrativa<\/strong><\/mark><mark style=\"background-color:rgba(0, 0, 0, 0)\" class=\"has-inline-color has-black-color\"> que lo <em><u>disuelva<\/u><\/em>. <\/mark><\/p>\n\n\n\n<p><mark style=\"background-color:rgba(0, 0, 0, 0)\" class=\"has-inline-color has-black-color\">Por tanto, si el<\/mark><mark style=\"background-color:rgba(0, 0, 0, 0);color:#c95605\" class=\"has-inline-color\"> <strong>primer v\u00ednculo matrimonial<\/strong><\/mark><mark style=\"background-color:rgba(0, 0, 0, 0);color:#f44646\" class=\"has-inline-color\"> <em><u>no ha sido disuelto<\/u><\/em><\/mark><mark style=\"background-color:rgba(0, 0, 0, 0);color:#c95605\" class=\"has-inline-color\">,<\/mark><mark style=\"background-color:rgba(0, 0, 0, 0)\" class=\"has-inline-color has-black-color\"> la<\/mark><mark style=\"background-color:rgba(0, 0, 0, 0);color:#c95605\" class=\"has-inline-color\"> <strong>c\u00f3nyuge sup\u00e9rstite<\/strong> <\/mark><mark style=\"background-color:rgba(0, 0, 0, 0)\" class=\"has-inline-color has-black-color\">conserva sus<\/mark><mark style=\"background-color:rgba(0, 0, 0, 0);color:#c95605\" class=\"has-inline-color\"> <strong>derechos<\/strong> <\/mark><mark style=\"background-color:rgba(0, 0, 0, 0)\" class=\"has-inline-color has-black-color\">derivados del<\/mark><mark style=\"background-color:rgba(0, 0, 0, 0);color:#c95605\" class=\"has-inline-color\"> <strong>fallecimiento del trabajador<\/strong>,<\/mark><mark style=\"background-color:rgba(0, 0, 0, 0)\" class=\"has-inline-color has-black-color\"> y los <\/mark><mark style=\"background-color:rgba(0, 0, 0, 0);color:#c95605\" class=\"has-inline-color\"><strong>beneficios laborales<\/strong> <\/mark><mark style=\"background-color:rgba(0, 0, 0, 0)\" class=\"has-inline-color has-black-color\">deben otorgarse de forma<\/mark><mark style=\"background-color:rgba(0, 0, 0, 0);color:#c95605\" class=\"has-inline-color\"> <strong>proporcional<\/strong> <\/mark><mark style=\"background-color:rgba(0, 0, 0, 0)\" class=\"has-inline-color has-black-color\">a quienes acrediten dicha calidad con<\/mark><mark style=\"background-color:rgba(0, 0, 0, 0);color:#c95605\" class=\"has-inline-color\"> <strong>actas legalmente v\u00e1lidas<\/strong>.<\/mark><\/p>\n\n\n\n<p>.<\/p>\n\n\n\n<p>.<\/p>\n\n\n\n<p>Esta <strong><mark style=\"background-color:#f6cbd6\" class=\"has-inline-color\">RESOLUCI\u00d3N<\/mark> <\/strong>esta <strong>disponible<\/strong> para quien la <strong><mark style=\"background-color:rgba(0, 0, 0, 0);color:#a60606\" class=\"has-inline-color\">CONOZCA y la HAGA VALER<\/mark> <\/strong>en todo el pa\u00eds a partir de esta semana.<\/p>\n\n\n\n<p><strong><mark style=\"background-color:rgba(0, 0, 0, 0);color:#fd6c90\" class=\"has-inline-color\">Tesis LABORAL<\/mark><\/strong><\/p>\n\n\n\n<p class=\"has-small-font-size\"><strong>Registro digital<\/strong>: &nbsp;2031338<\/p>\n\n\n\n<p>.<\/p>\n\n\n\n<p class=\"wp-embed-aspect-16-9 wp-has-aspect-ratio\">Si estas en el <strong><mark style=\"background-color:rgba(0, 0, 0, 0)\" class=\"has-inline-color has-vivid-red-color\">Extranjero <\/mark><\/strong>nosotros somos tu <strong><mark style=\"background-color:rgba(0, 0, 0, 0)\" class=\"has-inline-color has-vivid-green-cyan-color\">mejor<\/mark><\/strong> alternativa para <strong><mark style=\"background-color:rgba(0, 0, 0, 0)\" class=\"has-inline-color has-luminous-vivid-orange-color\">velar<\/mark><\/strong> por tus <strong><mark style=\"background-color:rgba(0, 0, 0, 0)\" class=\"has-inline-color has-vivid-cyan-blue-color\">intereses<\/mark><\/strong>, escr\u00edbenos o ll\u00e1manos al Tel <strong>55581-11311<\/strong>.<\/p>\n\n\n\n<p class=\"wp-embed-aspect-16-9 wp-has-aspect-ratio\">.<\/p>\n\n\n\n<p class=\"wp-embed-aspect-16-9 wp-has-aspect-ratio\">Cuando<strong> necesites<\/strong> ayuda, <strong>asistencia<\/strong> o <strong>planeaci\u00f3n<\/strong> legal, <strong>solicita<\/strong> <strong>Cita Privada<\/strong> <a href=\"mailto:bi@sm99.mx\" target=\"_blank\" rel=\"noreferrer noopener\"><strong>Aqu\u00ed<\/strong><\/a><\/p>\n\n\n\n<p class=\"wp-embed-aspect-16-9 wp-has-aspect-ratio\">La informaci\u00f3n que AQU\u00cd te presentamos <strong>deriva<\/strong> de los <strong>Peri\u00f3dicos Oficiales <\/strong>de la<strong> CdMx<\/strong>, <strong>Estado<\/strong> de Mex., Diario <strong>Oficial<\/strong> de la Federaci\u00f3n, Suprema Corte de<strong> Justicia<\/strong> de la Naci\u00f3n, por lo tanto es de <strong>aplicaci\u00f3n OBLIGATORIA<\/strong><\/p>\n\n\n\n<p class=\"wp-embed-aspect-16-9 wp-has-aspect-ratio\">.<\/p>\n\n\n\n<p class=\"wp-embed-aspect-16-9 wp-has-aspect-ratio\">La informaci\u00f3n de este d\u00eda proviene de la Suprema Corte de Justicia.<\/p>\n\n\n\n<p class=\"wp-embed-aspect-16-9 wp-has-aspect-ratio\">.<\/p>\n\n\n\n<p class=\"wp-embed-aspect-16-9 wp-has-aspect-ratio\"><strong><mark style=\"background-color:rgba(0, 0, 0, 0)\" class=\"has-inline-color has-luminous-vivid-orange-color\">AY\u00daDANOS<\/mark><\/strong> para que m\u00e1s personas conozcan esta informaci\u00f3n, <strong>Comp\u00e1rtelo<\/strong> en tus redes sociales.<\/p>\n","protected":false},"excerpt":{"rendered":"<p>Views: 8 . Este ANTEDECENTE Surge despu\u00e9s de que, una mujer, en su car\u00e1cter de c\u00f3nyuge, demand\u00f3 a una instituci\u00f3n de seguridad social la restituci\u00f3n y el pago de una pensi\u00f3n de viudez previamente otorgada, derivada de los derechos laborales de un trabajador fallecido. Pero otra persona, que se ostent\u00f3 como primera esposa del de [&hellip;]<\/p>\n","protected":false},"author":3,"featured_media":33297,"comment_status":"closed","ping_status":"open","sticky":false,"template":"","format":"standard","meta":{"_jetpack_memberships_contains_paid_content":false,"footnotes":""},"categories":[4],"tags":[],"jetpack_sharing_enabled":true,"jetpack_featured_media_url":"http:\/\/www.salgadonoticias.com\/wp-content\/uploads\/2025\/10\/fallecimiento-trabajador-1920-\u00d7-1200-px.jpg","_links":{"self":[{"href":"http:\/\/www.salgadonoticias.com\/index.php?rest_route=\/wp\/v2\/posts\/33292"}],"collection":[{"href":"http:\/\/www.salgadonoticias.com\/index.php?rest_route=\/wp\/v2\/posts"}],"about":[{"href":"http:\/\/www.salgadonoticias.com\/index.php?rest_route=\/wp\/v2\/types\/post"}],"author":[{"embeddable":true,"href":"http:\/\/www.salgadonoticias.com\/index.php?rest_route=\/wp\/v2\/users\/3"}],"replies":[{"embeddable":true,"href":"http:\/\/www.salgadonoticias.com\/index.php?rest_route=%2Fwp%2Fv2%2Fcomments&post=33292"}],"version-history":[{"count":5,"href":"http:\/\/www.salgadonoticias.com\/index.php?rest_route=\/wp\/v2\/posts\/33292\/revisions"}],"predecessor-version":[{"id":33300,"href":"http:\/\/www.salgadonoticias.com\/index.php?rest_route=\/wp\/v2\/posts\/33292\/revisions\/33300"}],"wp:featuredmedia":[{"embeddable":true,"href":"http:\/\/www.salgadonoticias.com\/index.php?rest_route=\/wp\/v2\/media\/33297"}],"wp:attachment":[{"href":"http:\/\/www.salgadonoticias.com\/index.php?rest_route=%2Fwp%2Fv2%2Fmedia&parent=33292"}],"wp:term":[{"taxonomy":"category","embeddable":true,"href":"http:\/\/www.salgadonoticias.com\/index.php?rest_route=%2Fwp%2Fv2%2Fcategories&post=33292"},{"taxonomy":"post_tag","embeddable":true,"href":"http:\/\/www.salgadonoticias.com\/index.php?rest_route=%2Fwp%2Fv2%2Ftags&post=33292"}],"curies":[{"name":"wp","href":"https:\/\/api.w.org\/{rel}","templated":true}]}}