{"id":33320,"date":"2025-10-24T00:18:00","date_gmt":"2025-10-24T06:18:00","guid":{"rendered":"https:\/\/www.salgadonoticias.com\/?p=33320"},"modified":"2025-10-24T12:28:57","modified_gmt":"2025-10-24T18:28:57","slug":"33320","status":"publish","type":"post","link":"http:\/\/www.salgadonoticias.com\/?p=33320","title":{"rendered":"Forma de CUANTIFICAR Gastos Funerarios e Indemnizaci\u00f3n por Muerte previsto en los Art. 500 y 502 de la LFT\u2026!!!"},"content":{"rendered":"<p>Views: 5<\/p>\n<p>.<\/p>\n\n\n\n<p>Este <strong>ANTEDECENTE<\/strong><\/p>\n\n\n\n<p><mark style=\"background-color:rgba(0, 0, 0, 0);color:#360366\" class=\"has-inline-color\"><strong>Surge<\/strong><\/mark><mark style=\"background-color:rgba(0, 0, 0, 0)\" class=\"has-inline-color has-black-color\"><strong> <\/strong>despu\u00e9s de que, una <\/mark><mark style=\"background-color:rgba(0, 0, 0, 0);color:#360366\" class=\"has-inline-color\"><strong>madre<\/strong> <\/mark><mark style=\"background-color:rgba(0, 0, 0, 0)\" class=\"has-inline-color has-black-color\"><em><u>solicit\u00f3 ser reconocida<\/u><\/em> como <\/mark><mark style=\"background-color:rgba(0, 0, 0, 0);color:#360366\" class=\"has-inline-color\"><strong>beneficiaria<\/strong> <\/mark><mark style=\"background-color:rgba(0, 0, 0, 0)\" class=\"has-inline-color has-black-color\">de los<\/mark><mark style=\"background-color:rgba(0, 0, 0, 0);color:#360366\" class=\"has-inline-color\"> <strong>derechos laborales<\/strong> <\/mark><mark style=\"background-color:rgba(0, 0, 0, 0)\" class=\"has-inline-color has-black-color\">del <\/mark><mark style=\"background-color:rgba(0, 0, 0, 0);color:#360366\" class=\"has-inline-color\"><strong>trabajador fallecido<\/strong>,<\/mark><mark style=\"background-color:rgba(0, 0, 0, 0)\" class=\"has-inline-color has-black-color\"> <em><u>incluyendo el pago<\/u><\/em> de la <\/mark><mark style=\"background-color:rgba(0, 0, 0, 0);color:#360366\" class=\"has-inline-color\"><strong>indemnizaci\u00f3n por muerte<\/strong> y <strong>gastos funerarios<\/strong>,<\/mark><mark style=\"background-color:rgba(0, 0, 0, 0)\" class=\"has-inline-color has-black-color\"> conforme a los art\u00edculos 500 y 502. Al <\/mark><mark style=\"background-color:rgba(0, 0, 0, 0);color:#360366\" class=\"has-inline-color\"><strong>Patr\u00f3n<\/strong> <\/mark><mark style=\"background-color:rgba(0, 0, 0, 0)\" class=\"has-inline-color has-black-color\">se le tuvo por<\/mark><mark style=\"background-color:rgba(0, 0, 0, 0);color:#360366\" class=\"has-inline-color\"> <strong>contestada la demanda<\/strong> <\/mark><mark style=\"background-color:rgba(0, 0, 0, 0)\" class=\"has-inline-color has-black-color\">en <em><u>sentido afirmativo y perdi\u00f3 el derecho<\/u><\/em> a<\/mark><mark style=\"background-color:rgba(0, 0, 0, 0);color:#360366\" class=\"has-inline-color\"> <strong>ofrecer pruebas<\/strong>.<\/mark><mark style=\"background-color:rgba(0, 0, 0, 0)\" class=\"has-inline-color has-black-color\"> La <\/mark><mark style=\"background-color:rgba(0, 0, 0, 0);color:#360366\" class=\"has-inline-color\"><strong>Junta<\/strong><\/mark><mark style=\"background-color:rgba(0, 0, 0, 0)\" class=\"has-inline-color has-black-color\"> de <em><u>Conciliaci\u00f3n y Arbitraje<\/u><\/em><\/mark><mark style=\"background-color:rgba(0, 0, 0, 0);color:#360366\" class=\"has-inline-color\"> <strong>conden\u00f3 al pago<\/strong> <\/mark><mark style=\"background-color:rgba(0, 0, 0, 0)\" class=\"has-inline-color has-black-color\">de dichas <\/mark><mark style=\"background-color:rgba(0, 0, 0, 0);color:#360366\" class=\"has-inline-color\"><strong>prestaciones<\/strong> <\/mark><mark style=\"background-color:rgba(0, 0, 0, 0)\" class=\"has-inline-color has-black-color\">seg\u00fan el <\/mark><mark style=\"background-color:rgba(0, 0, 0, 0);color:#360366\" class=\"has-inline-color\"><strong>salario diario<\/strong> <\/mark><mark style=\"background-color:rgba(0, 0, 0, 0)\" class=\"has-inline-color has-black-color\">del <em><u>trabajador al momento de su muerte<\/u><\/em>, sin aplicar el<\/mark><mark style=\"background-color:rgba(0, 0, 0, 0);color:#360366\" class=\"has-inline-color\"> <strong>art\u00edculo 486<\/strong><\/mark><mark style=\"background-color:rgba(0, 0, 0, 0)\" class=\"has-inline-color has-black-color\"><strong> <\/strong>de la Ley F. Trabajo, que<\/mark><mark style=\"background-color:rgba(0, 0, 0, 0);color:#360366\" class=\"has-inline-color\"> <strong>ESTABLECE<\/strong> <\/mark><mark style=\"background-color:rgba(0, 0, 0, 0)\" class=\"has-inline-color has-black-color\">un<\/mark><mark style=\"background-color:rgba(0, 0, 0, 0);color:#360366\" class=\"has-inline-color\"> <strong>tope salarial<\/strong> <\/mark><mark style=\"background-color:rgba(0, 0, 0, 0)\" class=\"has-inline-color has-black-color\">para <em><u>indemnizaciones<\/u><\/em> por <\/mark><mark style=\"background-color:rgba(0, 0, 0, 0);color:#360366\" class=\"has-inline-color\"><strong>riesgos de trabajo<\/strong>.<\/mark><\/p>\n\n\n\n<p>.<\/p>\n\n\n\n<p>La\u00a0<strong><mark style=\"background-color:rgba(0, 0, 0, 0);color:#060c90\" class=\"has-inline-color\">Suprema Corte de Justicia<\/mark><\/strong>, a trav\u00e9s del\u00a0Tribunal Colegiado, <strong><mark style=\"background-color:rgba(0, 0, 0, 0);color:#7c0606\" class=\"has-inline-color\">DETERMIN\u00d3<\/mark> <\/strong>que, para<mark style=\"background-color:#7bdbce\" class=\"has-inline-color has-black-color\"><em><u> CALCULAR<\/u><\/em> el <strong>monto<\/strong> de las <strong>indemnizaciones<\/strong> previstas en los <strong>art\u00edculos 500 y 502 <\/strong>de la<strong> LFT<\/strong>, cuando el <strong>salario<\/strong> del <strong>trabajador fallecido<\/strong> exceda el <strong>tope salarial<\/strong> establecido en el <strong>art\u00edculo 486<\/strong>, DEBE aplicarse dicha <strong>base m\u00e1xima<\/strong> como <strong>l\u00edmite para el pago<\/strong>.<\/mark><\/p>\n\n\n\n<p>.<\/p>\n\n\n\n<p>La <strong><mark style=\"background-color:rgba(0, 0, 0, 0);color:#ac4a03\" class=\"has-inline-color\">justificaci\u00f3n<\/mark> <\/strong>de la <strong><mark style=\"background-color:rgba(0, 0, 0, 0);color:#190295\" class=\"has-inline-color\">SCJN<\/mark><\/strong> es que, los <mark style=\"background-color:rgba(0, 0, 0, 0);color:#a44502\" class=\"has-inline-color\"><strong>art\u00edculos 473 y 474 <\/strong><\/mark><mark style=\"background-color:rgba(0, 0, 0, 0)\" class=\"has-inline-color has-black-color\">de la Ley en menci\u00f3n <em><u>definen<\/u><\/em> los <\/mark><mark style=\"background-color:rgba(0, 0, 0, 0);color:#a44502\" class=\"has-inline-color\"><strong>riesgos de trabajo<\/strong> <\/mark><mark style=\"background-color:rgba(0, 0, 0, 0)\" class=\"has-inline-color has-black-color\">como<\/mark><mark style=\"background-color:rgba(0, 0, 0, 0);color:#a44502\" class=\"has-inline-color\"> <strong>accidentes<\/strong> o <strong>enfermedades<\/strong> <\/mark><mark style=\"background-color:rgba(0, 0, 0, 0)\" class=\"has-inline-color has-black-color\">derivados del ejercicio laboral, incluyendo la<\/mark><mark style=\"background-color:rgba(0, 0, 0, 0);color:#a44502\" class=\"has-inline-color\"> <strong>muerte<\/strong> <\/mark><mark style=\"background-color:rgba(0, 0, 0, 0)\" class=\"has-inline-color has-black-color\">o<\/mark><mark style=\"background-color:rgba(0, 0, 0, 0);color:#a44502\" class=\"has-inline-color\"> <strong>desaparici\u00f3n<\/strong> <\/mark><mark style=\"background-color:rgba(0, 0, 0, 0)\" class=\"has-inline-color has-black-color\">por acto delincuencial. Y en el <\/mark><mark style=\"background-color:rgba(0, 0, 0, 0);color:#a44502\" class=\"has-inline-color\"><strong>art. 501<\/strong> <\/mark><mark style=\"background-color:rgba(0, 0, 0, 0)\" class=\"has-inline-color has-black-color\">se\u00f1ala qui\u00e9nes son los<\/mark><mark style=\"background-color:rgba(0, 0, 0, 0);color:#a44502\" class=\"has-inline-color\"> <strong>beneficiarios<\/strong> <\/mark><mark style=\"background-color:rgba(0, 0, 0, 0)\" class=\"has-inline-color has-black-color\">del<\/mark><mark style=\"background-color:rgba(0, 0, 0, 0);color:#a44502\" class=\"has-inline-color\"> <strong>trabajador fallecido<\/strong>, <\/mark><mark style=\"background-color:rgba(0, 0, 0, 0)\" class=\"has-inline-color has-black-color\">y los <em><u>art\u00edculos 500 y 502<\/u><\/em> establecen las<\/mark><mark style=\"background-color:rgba(0, 0, 0, 0);color:#a44502\" class=\"has-inline-color\"> <strong>indemnizaciones<\/strong><\/mark>:<\/p>\n\n\n\n<ol start=\"1\">\n<li><mark style=\"background-color:rgba(0, 0, 0, 0);color:#057c50\" class=\"has-inline-color\"><strong>Dos meses de salario<\/strong> por <strong>gastos funerarios<\/strong><\/mark>.<\/li>\n\n\n\n<li><mark style=\"background-color:rgba(0, 0, 0, 0);color:#d50404\" class=\"has-inline-color\"><strong>Cinco mil d\u00edas de salario<\/strong> como compensaci\u00f3n<\/mark>.<\/li>\n<\/ol>\n\n\n\n<p>El <mark style=\"background-color:rgba(0, 0, 0, 0);color:#9e4403\" class=\"has-inline-color\"><strong>art\u00edculo 486<\/strong> <\/mark><mark style=\"background-color:rgba(0, 0, 0, 0)\" class=\"has-inline-color has-black-color\">indica que, si el<\/mark><mark style=\"background-color:rgba(0, 0, 0, 0);color:#9e4403\" class=\"has-inline-color\"> <strong>salario<\/strong><\/mark><mark style=\"background-color:rgba(0, 0, 0, 0)\" class=\"has-inline-color has-black-color\"> excede el <\/mark><mark style=\"background-color:rgba(0, 0, 0, 0);color:#9e4403\" class=\"has-inline-color\"><strong>doble del salario m\u00ednimo<\/strong> <\/mark><mark style=\"background-color:rgba(0, 0, 0, 0)\" class=\"has-inline-color has-black-color\">del <em><u>\u00e1rea geogr\u00e1fica<\/u><\/em>, ese ser\u00e1 el <\/mark><mark style=\"background-color:rgba(0, 0, 0, 0);color:#9e4403\" class=\"has-inline-color\"><strong>l\u00edmite m\u00e1ximo<\/strong> para <strong>calcular las indemnizaciones<\/strong>.<\/mark><\/p>\n\n\n\n<p>.<\/p>\n\n\n\n<p>Esta<mark style=\"background-color:#ffffff\" class=\"has-inline-color has-black-color\"> <\/mark><strong><mark style=\"background-color:#bba4d1\" class=\"has-inline-color has-black-color\">RESOLUCI\u00d3N<\/mark><\/strong><mark style=\"background-color:#ffffff\" class=\"has-inline-color has-black-color\"><strong> <\/strong><\/mark>esta <strong>disponible<\/strong> para quien la <strong><mark style=\"background-color:rgba(0, 0, 0, 0);color:#a60606\" class=\"has-inline-color\">CONOZCA y la HAGA VALER<\/mark> <\/strong>en todo el pa\u00eds a partir de esta semana.<\/p>\n\n\n\n<p><strong><mark style=\"background-color:rgba(0, 0, 0, 0);color:#500299\" class=\"has-inline-color\">Tesis LABORAL<\/mark><\/strong><\/p>\n\n\n\n<p class=\"has-small-font-size\"><strong>Registro digital<\/strong>: \u00a02031342<\/p>\n\n\n\n<p>.<\/p>\n\n\n\n<p class=\"wp-embed-aspect-16-9 wp-has-aspect-ratio\">Si estas en el <strong><mark style=\"background-color:rgba(0, 0, 0, 0)\" class=\"has-inline-color has-vivid-red-color\">Extranjero <\/mark><\/strong>nosotros somos tu <strong><mark style=\"background-color:rgba(0, 0, 0, 0)\" class=\"has-inline-color has-vivid-green-cyan-color\">mejor<\/mark><\/strong> alternativa para <strong><mark style=\"background-color:rgba(0, 0, 0, 0)\" class=\"has-inline-color has-luminous-vivid-orange-color\">velar<\/mark><\/strong> por tus <strong><mark style=\"background-color:rgba(0, 0, 0, 0)\" class=\"has-inline-color has-vivid-cyan-blue-color\">intereses<\/mark><\/strong>, escr\u00edbenos o ll\u00e1manos al Tel <strong>55581-11311<\/strong>.<\/p>\n\n\n\n<p class=\"wp-embed-aspect-16-9 wp-has-aspect-ratio\">.<\/p>\n\n\n\n<p class=\"wp-embed-aspect-16-9 wp-has-aspect-ratio\">Cuando<strong> necesites<\/strong> ayuda, <strong>asistencia<\/strong> o <strong>planeaci\u00f3n<\/strong> legal, <strong>solicita<\/strong> <strong>Cita Privada<\/strong> <a href=\"mailto:bi@sm99.mx\" target=\"_blank\" rel=\"noreferrer noopener\"><strong>Aqu\u00ed<\/strong><\/a><\/p>\n\n\n\n<p class=\"wp-embed-aspect-16-9 wp-has-aspect-ratio\">La informaci\u00f3n que AQU\u00cd te presentamos <strong>deriva<\/strong> de los <strong>Peri\u00f3dicos Oficiales <\/strong>de la<strong> CdMx<\/strong>, <strong>Estado<\/strong> de Mex., Diario <strong>Oficial<\/strong> de la Federaci\u00f3n, Suprema Corte de<strong> Justicia<\/strong> de la Naci\u00f3n, por lo tanto es de <strong>aplicaci\u00f3n OBLIGATORIA<\/strong><\/p>\n\n\n\n<p class=\"wp-embed-aspect-16-9 wp-has-aspect-ratio\">.<\/p>\n\n\n\n<p class=\"wp-embed-aspect-16-9 wp-has-aspect-ratio\">La informaci\u00f3n de este d\u00eda proviene de la Suprema Corte de Justicia.<\/p>\n\n\n\n<p class=\"wp-embed-aspect-16-9 wp-has-aspect-ratio\">.<\/p>\n\n\n\n<p class=\"wp-embed-aspect-16-9 wp-has-aspect-ratio\"><strong><mark style=\"background-color:rgba(0, 0, 0, 0)\" class=\"has-inline-color has-luminous-vivid-orange-color\">AY\u00daDANOS<\/mark><\/strong> para que m\u00e1s personas conozcan esta informaci\u00f3n, <strong>Comp\u00e1rtelo<\/strong> en tus redes sociales.<\/p>\n","protected":false},"excerpt":{"rendered":"<p>Views: 5 . Este ANTEDECENTE Surge despu\u00e9s de que, una madre solicit\u00f3 ser reconocida como beneficiaria de los derechos laborales del trabajador fallecido, incluyendo el pago de la indemnizaci\u00f3n por muerte y gastos funerarios, conforme a los art\u00edculos 500 y 502. Al Patr\u00f3n se le tuvo por contestada la demanda en sentido afirmativo y perdi\u00f3 [&hellip;]<\/p>\n","protected":false},"author":3,"featured_media":33325,"comment_status":"closed","ping_status":"open","sticky":false,"template":"","format":"standard","meta":{"_jetpack_memberships_contains_paid_content":false,"footnotes":""},"categories":[4],"tags":[],"jetpack_sharing_enabled":true,"jetpack_featured_media_url":"http:\/\/www.salgadonoticias.com\/wp-content\/uploads\/2025\/10\/Guide-Funeral-Expense-4-11-19.2-300x200-1.jpg","_links":{"self":[{"href":"http:\/\/www.salgadonoticias.com\/index.php?rest_route=\/wp\/v2\/posts\/33320"}],"collection":[{"href":"http:\/\/www.salgadonoticias.com\/index.php?rest_route=\/wp\/v2\/posts"}],"about":[{"href":"http:\/\/www.salgadonoticias.com\/index.php?rest_route=\/wp\/v2\/types\/post"}],"author":[{"embeddable":true,"href":"http:\/\/www.salgadonoticias.com\/index.php?rest_route=\/wp\/v2\/users\/3"}],"replies":[{"embeddable":true,"href":"http:\/\/www.salgadonoticias.com\/index.php?rest_route=%2Fwp%2Fv2%2Fcomments&post=33320"}],"version-history":[{"count":2,"href":"http:\/\/www.salgadonoticias.com\/index.php?rest_route=\/wp\/v2\/posts\/33320\/revisions"}],"predecessor-version":[{"id":33323,"href":"http:\/\/www.salgadonoticias.com\/index.php?rest_route=\/wp\/v2\/posts\/33320\/revisions\/33323"}],"wp:featuredmedia":[{"embeddable":true,"href":"http:\/\/www.salgadonoticias.com\/index.php?rest_route=\/wp\/v2\/media\/33325"}],"wp:attachment":[{"href":"http:\/\/www.salgadonoticias.com\/index.php?rest_route=%2Fwp%2Fv2%2Fmedia&parent=33320"}],"wp:term":[{"taxonomy":"category","embeddable":true,"href":"http:\/\/www.salgadonoticias.com\/index.php?rest_route=%2Fwp%2Fv2%2Fcategories&post=33320"},{"taxonomy":"post_tag","embeddable":true,"href":"http:\/\/www.salgadonoticias.com\/index.php?rest_route=%2Fwp%2Fv2%2Ftags&post=33320"}],"curies":[{"name":"wp","href":"https:\/\/api.w.org\/{rel}","templated":true}]}}