{"id":33326,"date":"2025-10-27T00:15:00","date_gmt":"2025-10-27T06:15:00","guid":{"rendered":"https:\/\/www.salgadonoticias.com\/?p=33326"},"modified":"2025-10-28T17:48:43","modified_gmt":"2025-10-28T23:48:43","slug":"cancelacion-de-alimentos-a-mayores-de-edad-valoracion-judicial-ante-pausa-educativa","status":"publish","type":"post","link":"http:\/\/www.salgadonoticias.com\/?p=33326","title":{"rendered":"CANELACI\u00d3N de Pensi\u00f3n ALIMENTICIA por PAUSA Educativa DEBE Valorarse \u2026!!!"},"content":{"rendered":"<p>Views: 10<\/p>\n<p>.<\/p>\n\n\n\n<figure class=\"wp-block-embed is-type-video is-provider-youtube wp-block-embed-youtube wp-embed-aspect-16-9 wp-has-aspect-ratio\"><div class=\"wp-block-embed__wrapper\">\n<iframe loading=\"lazy\" title=\"Lo relevante hoy lunes 27 de octubre 2025.\" width=\"640\" height=\"360\" src=\"https:\/\/www.youtube.com\/embed\/glgEsNQBMOo?feature=oembed\" frameborder=\"0\" allow=\"accelerometer; autoplay; clipboard-write; encrypted-media; gyroscope; picture-in-picture; web-share\" referrerpolicy=\"strict-origin-when-cross-origin\" allowfullscreen><\/iframe>\n<\/div><\/figure>\n\n\n\n<p>.<\/p>\n\n\n\n<p>Este <strong>ANTEDECENTE<\/strong><\/p>\n\n\n\n<p><mark style=\"background-color:rgba(0, 0, 0, 0);color:#240144\" class=\"has-inline-color\"><strong>Surge <\/strong><\/mark><mark style=\"background-color:rgba(0, 0, 0, 0)\" class=\"has-inline-color has-black-color\">despu\u00e9s de que, un<\/mark><mark style=\"background-color:rgba(0, 0, 0, 0);color:#240144\" class=\"has-inline-color\"> <strong>deudor alimentario<\/strong> <em><u>solicit\u00f3<\/u><\/em> <\/mark><mark style=\"background-color:rgba(0, 0, 0, 0)\" class=\"has-inline-color has-black-color\">el<\/mark><mark style=\"background-color:rgba(0, 0, 0, 0);color:#240144\" class=\"has-inline-color\"> <strong>cese de la pensi\u00f3n alimenticia<\/strong> <\/mark><mark style=\"background-color:rgba(0, 0, 0, 0)\" class=\"has-inline-color has-black-color\">para su <em><u>hija,<\/u><\/em> argumentando que ya hab\u00eda<\/mark><mark style=\"background-color:rgba(0, 0, 0, 0);color:#240144\" class=\"has-inline-color\"> <strong>cumplido<\/strong> la <strong>mayor\u00eda de edad<\/strong> <\/mark><mark style=\"background-color:rgba(0, 0, 0, 0)\" class=\"has-inline-color has-black-color\">y que hab\u00eda<\/mark><mark style=\"background-color:rgba(0, 0, 0, 0);color:#240144\" class=\"has-inline-color\"> <strong>interrumpido sus estudios<\/strong>, conforme al <strong>art. 293<\/strong> del <strong>C\u00f3digo Civil <\/strong><\/mark><mark style=\"background-color:rgba(0, 0, 0, 0)\" class=\"has-inline-color has-black-color\">en este caso del Estado de<\/mark><mark style=\"background-color:rgba(0, 0, 0, 0);color:#240144\" class=\"has-inline-color\"><strong> Quer\u00e9taro<\/strong>. <\/mark><\/p>\n\n\n\n<p><mark style=\"background-color:rgba(0, 0, 0, 0);color:#240144\" class=\"has-inline-color\">Aunque en <strong>primera instancia<\/strong> <\/mark><mark style=\"background-color:rgba(0, 0, 0, 0)\" class=\"has-inline-color has-black-color\">se rechaz\u00f3 la petici\u00f3n, en<\/mark><mark style=\"background-color:rgba(0, 0, 0, 0);color:#240144\" class=\"has-inline-color\"> <strong>segunda instancia<\/strong> <\/mark><mark style=\"background-color:rgba(0, 0, 0, 0)\" class=\"has-inline-color has-black-color\">se determin\u00f3 que la<\/mark><mark style=\"background-color:rgba(0, 0, 0, 0);color:#240144\" class=\"has-inline-color\"> <strong>obligaci\u00f3n alimentaria<\/strong> <\/mark><mark style=\"background-color:rgba(0, 0, 0, 0)\" class=\"has-inline-color has-black-color\">deb\u00eda continuar, ya que la interrupci\u00f3n fue por causas ajenas a la hija (no aprob\u00f3 el examen de ingreso), y mostr\u00f3<\/mark><mark style=\"background-color:rgba(0, 0, 0, 0);color:#240144\" class=\"has-inline-color\"> <strong>inter\u00e9s en seguir estudiando<\/strong> <\/mark>al inscribirse en la siguiente convocatoria. El deudor interpus<mark style=\"background-color:rgba(0, 0, 0, 0);color:#240144\" class=\"has-inline-color\">o <strong>amparo directo<\/strong><\/mark> en desacuerdo con la resoluci\u00f3n.<\/p>\n\n\n\n<p>.<\/p>\n\n\n\n<p>La&nbsp;<strong><mark style=\"background-color:rgba(0, 0, 0, 0);color:#260475\" class=\"has-inline-color\">Suprema Corte de Justicia<\/mark><\/strong>, a trav\u00e9s del&nbsp;Tribunal Colegiado de Circuito, <strong><mark style=\"background-color:rgba(0, 0, 0, 0);color:#7c0101\" class=\"has-inline-color\">DETERMIN\u00d3<\/mark> <\/strong>que, al <mark style=\"background-color:#c7fd9e\" class=\"has-inline-color\">SOLICITAR la <strong>cancelaci\u00f3n de alimentos<\/strong> para un <strong>acreedor mayor de edad<\/strong>, el <strong>Juez<\/strong> <em><u>debe analizar<\/u><\/em> diversos <strong>elementos<\/strong> para <em><u>decidir si contin\u00faa<\/u><\/em> la <strong>obligaci\u00f3n alimentaria<\/strong>. <\/mark><\/p>\n\n\n\n<p><mark style=\"background-color:#c7fd9e\" class=\"has-inline-color\">Esto es <em><u>especialmente relevante<\/u><\/em> cuando la <strong>transici\u00f3n <\/strong>entre la<strong> educaci\u00f3n media superior <\/strong>y la<strong> superior<\/strong> <em><u>NO ocurre de forma<\/u><\/em> <strong>inmediata<\/strong>.<\/mark><\/p>\n\n\n\n<p>.<\/p>\n\n\n\n<p>La<mark style=\"background-color:rgba(0, 0, 0, 0);color:#903e03\" class=\"has-inline-color\"> <strong>justificaci\u00f3n <\/strong><\/mark><mark style=\"background-color:rgba(0, 0, 0, 0)\" class=\"has-inline-color has-black-color\">de la <\/mark><strong><mark style=\"background-color:rgba(0, 0, 0, 0);color:#0b0478\" class=\"has-inline-color\">SCJN<\/mark><\/strong><mark style=\"background-color:rgba(0, 0, 0, 0)\" class=\"has-inline-color has-black-color\"> es que, el<\/mark><mark style=\"background-color:rgba(0, 0, 0, 0);color:#903e03\" class=\"has-inline-color\"> <em><u>art\u00edculo en menci\u00f3n, segundo p\u00e1rrafo<\/u><\/em>, <\/mark><mark style=\"background-color:rgba(0, 0, 0, 0)\" class=\"has-inline-color has-black-color\">del C\u00f3digo Civil de Quer\u00e9taro<\/mark><mark style=\"background-color:rgba(0, 0, 0, 0);color:#903e03\" class=\"has-inline-color\"> <strong>se\u00f1ala<\/strong> <\/mark><mark style=\"background-color:rgba(0, 0, 0, 0)\" class=\"has-inline-color has-black-color\">que la<\/mark><mark style=\"background-color:rgba(0, 0, 0, 0);color:#903e03\" class=\"has-inline-color\"> <strong>obligaci\u00f3n alimentaria<\/strong> <em><u>SUBSISTE<\/u><\/em><\/mark><mark style=\"background-color:rgba(0, 0, 0, 0)\" class=\"has-inline-color has-black-color\"> mientras el <\/mark><mark style=\"background-color:rgba(0, 0, 0, 0);color:#903e03\" class=\"has-inline-color\"><strong>acreedor mayor de edad<\/strong> <\/mark><mark style=\"background-color:rgba(0, 0, 0, 0)\" class=\"has-inline-color has-black-color\">est\u00e9 <\/mark><mark style=\"background-color:rgba(0, 0, 0, 0);color:#903e03\" class=\"has-inline-color\"><strong>cursando una carrera<\/strong>, <em><u>sin<\/u><\/em> <strong>INTERRUMPIRLA<\/strong>. <\/mark><\/p>\n\n\n\n<p><mark style=\"background-color:rgba(0, 0, 0, 0)\" class=\"has-inline-color has-black-color\">Sin embargo,<\/mark><mark style=\"background-color:rgba(0, 0, 0, 0);color:#903e03\" class=\"has-inline-color\"> <em><u>NO especifica si debe existir<\/u><\/em> <\/mark><mark style=\"background-color:rgba(0, 0, 0, 0)\" class=\"has-inline-color has-black-color\">una<\/mark><mark style=\"background-color:rgba(0, 0, 0, 0);color:#903e03\" class=\"has-inline-color\"> <strong>continuidad inmediata<\/strong> <\/mark><mark style=\"background-color:rgba(0, 0, 0, 0)\" class=\"has-inline-color has-black-color\">entre la<\/mark><mark style=\"background-color:rgba(0, 0, 0, 0);color:#903e03\" class=\"has-inline-color\"> <strong>educaci\u00f3n media superior<\/strong><\/mark><mark style=\"background-color:rgba(0, 0, 0, 0)\" class=\"has-inline-color has-black-color\"> y la <\/mark><mark style=\"background-color:rgba(0, 0, 0, 0);color:#903e03\" class=\"has-inline-color\"><strong>superior<\/strong>.<\/mark><mark style=\"background-color:rgba(0, 0, 0, 0)\" class=\"has-inline-color has-black-color\"> <\/mark><\/p>\n\n\n\n<p><mark style=\"background-color:rgba(0, 0, 0, 0)\" class=\"has-inline-color has-black-color\">Y ante esta<\/mark><mark style=\"background-color:rgba(0, 0, 0, 0);color:#903e03\" class=\"has-inline-color\"> <strong>falta de regulaci\u00f3n expresa<\/strong>, <\/mark><mark style=\"background-color:rgba(0, 0, 0, 0)\" class=\"has-inline-color has-black-color\">se considera razonable que los<\/mark><mark style=\"background-color:rgba(0, 0, 0, 0);color:#903e03\" class=\"has-inline-color\"> <strong>jueces<\/strong> VALOREN<\/mark><mark style=\"background-color:rgba(0, 0, 0, 0)\" class=\"has-inline-color has-black-color\"> las <\/mark><mark style=\"background-color:rgba(0, 0, 0, 0);color:#903e03\" class=\"has-inline-color\"><strong>circunstancias particulares<\/strong> <\/mark><mark style=\"background-color:rgba(0, 0, 0, 0)\" class=\"has-inline-color has-black-color\">del caso, como el<\/mark><mark style=\"background-color:rgba(0, 0, 0, 0);color:#903e03\" class=\"has-inline-color\"> <strong>tiempo de espera<\/strong> <\/mark><mark style=\"background-color:rgba(0, 0, 0, 0)\" class=\"has-inline-color has-black-color\">para ingresar a la licenciatura deseada, una<\/mark><mark style=\"background-color:rgba(0, 0, 0, 0);color:#903e03\" class=\"has-inline-color\"> <strong>huelga universitaria<\/strong> <\/mark><mark style=\"background-color:rgba(0, 0, 0, 0)\" class=\"has-inline-color has-black-color\">o la participaci\u00f3n en<\/mark><mark style=\"background-color:rgba(0, 0, 0, 0);color:#903e03\" class=\"has-inline-color\"> <strong>cursos proped\u00e9uticos<\/strong>, <\/mark><mark style=\"background-color:rgba(0, 0, 0, 0)\" class=\"has-inline-color has-black-color\">para determinar si hubo<\/mark><mark style=\"background-color:rgba(0, 0, 0, 0);color:#903e03\" class=\"has-inline-color\"> <strong>desacato<\/strong> <\/mark><mark style=\"background-color:rgba(0, 0, 0, 0)\" class=\"has-inline-color has-black-color\">a la condici\u00f3n legal que permite a los hijos mayores de edad recibir<\/mark><mark style=\"background-color:rgba(0, 0, 0, 0);color:#903e03\" class=\"has-inline-color\"> <strong>alimentos<\/strong>.<\/mark><\/p>\n\n\n\n<p>.<\/p>\n\n\n\n<p>Esta <strong><mark style=\"background-color:#91f4fb\" class=\"has-inline-color\">RESOLUCI\u00d3N<\/mark> <\/strong>es de <strong>aplicaci\u00f3n <mark style=\"background-color:rgba(0, 0, 0, 0);color:#850303\" class=\"has-inline-color\">OBLIGATORIA<\/mark> <\/strong>en todo el pa\u00eds a partir de esta semana.<\/p>\n\n\n\n<p><strong><mark style=\"background-color:rgba(0, 0, 0, 0);color:#078f5d\" class=\"has-inline-color\">Jurisprudencia CIVIL<\/mark><\/strong><\/p>\n\n\n\n<p class=\"has-small-font-size\"><strong>Registro digital<\/strong>: &nbsp;2031365<\/p>\n\n\n\n<p>.<\/p>\n\n\n\n<p class=\"wp-embed-aspect-16-9 wp-has-aspect-ratio\">Si estas en el <strong><mark style=\"background-color:rgba(0, 0, 0, 0)\" class=\"has-inline-color has-vivid-red-color\">Extranjero <\/mark><\/strong>nosotros somos tu <strong><mark style=\"background-color:rgba(0, 0, 0, 0)\" class=\"has-inline-color has-vivid-green-cyan-color\">mejor<\/mark><\/strong> alternativa para <strong><mark style=\"background-color:rgba(0, 0, 0, 0)\" class=\"has-inline-color has-luminous-vivid-orange-color\">velar<\/mark><\/strong> por tus <strong><mark style=\"background-color:rgba(0, 0, 0, 0)\" class=\"has-inline-color has-vivid-cyan-blue-color\">intereses<\/mark><\/strong>, escr\u00edbenos o ll\u00e1manos al Tel <strong>55581-11311<\/strong>.<\/p>\n\n\n\n<p class=\"wp-embed-aspect-16-9 wp-has-aspect-ratio\">.<\/p>\n\n\n\n<p class=\"wp-embed-aspect-16-9 wp-has-aspect-ratio\">Cuando<strong> necesites<\/strong> ayuda, <strong>asistencia<\/strong> o <strong>planeaci\u00f3n<\/strong> legal, <strong>solicita<\/strong> <strong>Cita Privada<\/strong> <a href=\"mailto:bi@sm99.mx\" target=\"_blank\" rel=\"noreferrer noopener\"><strong>Aqu\u00ed<\/strong><\/a><\/p>\n\n\n\n<p class=\"wp-embed-aspect-16-9 wp-has-aspect-ratio\">La informaci\u00f3n que AQU\u00cd te presentamos <strong>deriva<\/strong> de los <strong>Peri\u00f3dicos Oficiales <\/strong>de la<strong> CdMx<\/strong>, <strong>Estado<\/strong> de Mex., Diario <strong>Oficial<\/strong> de la Federaci\u00f3n, Suprema Corte de<strong> Justicia<\/strong> de la Naci\u00f3n, por lo tanto es de <strong>aplicaci\u00f3n OBLIGATORIA<\/strong><\/p>\n\n\n\n<p class=\"wp-embed-aspect-16-9 wp-has-aspect-ratio\">.<\/p>\n\n\n\n<p class=\"wp-embed-aspect-16-9 wp-has-aspect-ratio\">La informaci\u00f3n de este d\u00eda proviene de la Suprema Corte de Justicia.<\/p>\n\n\n\n<p class=\"wp-embed-aspect-16-9 wp-has-aspect-ratio\">.<\/p>\n\n\n\n<p class=\"wp-embed-aspect-16-9 wp-has-aspect-ratio\"><strong><mark style=\"background-color:rgba(0, 0, 0, 0)\" class=\"has-inline-color has-luminous-vivid-orange-color\">AY\u00daDANOS<\/mark><\/strong> para que m\u00e1s personas conozcan esta informaci\u00f3n, <strong>Comp\u00e1rtelo<\/strong> en tus redes sociales.<\/p>\n","protected":false},"excerpt":{"rendered":"<p>Views: 10 . . Este ANTEDECENTE Surge despu\u00e9s de que, un deudor alimentario solicit\u00f3 el cese de la pensi\u00f3n alimenticia para su hija, argumentando que ya hab\u00eda cumplido la mayor\u00eda de edad y que hab\u00eda interrumpido sus estudios, conforme al art. 293 del C\u00f3digo Civil en este caso del Estado de Quer\u00e9taro. Aunque en primera [&hellip;]<\/p>\n","protected":false},"author":3,"featured_media":33327,"comment_status":"closed","ping_status":"open","sticky":false,"template":"","format":"standard","meta":{"_jetpack_memberships_contains_paid_content":false,"footnotes":""},"categories":[4],"tags":[],"jetpack_sharing_enabled":true,"jetpack_featured_media_url":"http:\/\/www.salgadonoticias.com\/wp-content\/uploads\/2025\/10\/Pension-de-alimentos-a-hijos-mayores-de-edad.jpg","_links":{"self":[{"href":"http:\/\/www.salgadonoticias.com\/index.php?rest_route=\/wp\/v2\/posts\/33326"}],"collection":[{"href":"http:\/\/www.salgadonoticias.com\/index.php?rest_route=\/wp\/v2\/posts"}],"about":[{"href":"http:\/\/www.salgadonoticias.com\/index.php?rest_route=\/wp\/v2\/types\/post"}],"author":[{"embeddable":true,"href":"http:\/\/www.salgadonoticias.com\/index.php?rest_route=\/wp\/v2\/users\/3"}],"replies":[{"embeddable":true,"href":"http:\/\/www.salgadonoticias.com\/index.php?rest_route=%2Fwp%2Fv2%2Fcomments&post=33326"}],"version-history":[{"count":7,"href":"http:\/\/www.salgadonoticias.com\/index.php?rest_route=\/wp\/v2\/posts\/33326\/revisions"}],"predecessor-version":[{"id":33348,"href":"http:\/\/www.salgadonoticias.com\/index.php?rest_route=\/wp\/v2\/posts\/33326\/revisions\/33348"}],"wp:featuredmedia":[{"embeddable":true,"href":"http:\/\/www.salgadonoticias.com\/index.php?rest_route=\/wp\/v2\/media\/33327"}],"wp:attachment":[{"href":"http:\/\/www.salgadonoticias.com\/index.php?rest_route=%2Fwp%2Fv2%2Fmedia&parent=33326"}],"wp:term":[{"taxonomy":"category","embeddable":true,"href":"http:\/\/www.salgadonoticias.com\/index.php?rest_route=%2Fwp%2Fv2%2Fcategories&post=33326"},{"taxonomy":"post_tag","embeddable":true,"href":"http:\/\/www.salgadonoticias.com\/index.php?rest_route=%2Fwp%2Fv2%2Ftags&post=33326"}],"curies":[{"name":"wp","href":"https:\/\/api.w.org\/{rel}","templated":true}]}}