{"id":33338,"date":"2025-10-28T01:34:00","date_gmt":"2025-10-28T07:34:00","guid":{"rendered":"https:\/\/www.salgadonoticias.com\/?p=33338"},"modified":"2025-10-28T17:47:13","modified_gmt":"2025-10-28T23:47:13","slug":"cobro-de-cuotas-condominales-no-se-requiere-exhibir-recibos-para-la-via-ejecutiva-civil","status":"publish","type":"post","link":"http:\/\/www.salgadonoticias.com\/?p=33338","title":{"rendered":"Cobro de Cuotas CONDOMINALES, No requiere EXHIBIR recibos en V\u00eda Ejecutiva CIVIL \u2026!!!"},"content":{"rendered":"<p>Views: 8<\/p>\n<p>.<\/p>\n\n\n\n<p>Este <strong><mark style=\"background-color:rgba(0, 0, 0, 0);color:#9d4405\" class=\"has-inline-color\">ANTEDECENTE<\/mark><\/strong><\/p>\n\n\n\n<p><mark style=\"background-color:rgba(0, 0, 0, 0);color:#964104\" class=\"has-inline-color\"><strong>Surge <\/strong><\/mark><mark style=\"background-color:rgba(0, 0, 0, 0)\" class=\"has-inline-color has-black-color\">despu\u00e9s de que, un<\/mark><mark style=\"background-color:rgba(0, 0, 0, 0);color:#964104\" class=\"has-inline-color\"> <strong>condominio<\/strong> <\/mark><mark style=\"background-color:rgba(0, 0, 0, 0)\" class=\"has-inline-color has-black-color\">demand\u00f3 en<\/mark><mark style=\"background-color:rgba(0, 0, 0, 0);color:#964104\" class=\"has-inline-color\"> <strong>v\u00eda ejecutiva civil<\/strong><\/mark><mark style=\"background-color:rgba(0, 0, 0, 0)\" class=\"has-inline-color has-black-color\"> a una<\/mark><mark style=\"background-color:rgba(0, 0, 0, 0);color:#964104\" class=\"has-inline-color\"> <strong>persona cond\u00f3mina<\/strong> <\/mark><mark style=\"background-color:rgba(0, 0, 0, 0)\" class=\"has-inline-color has-black-color\">por <\/mark><mark style=\"background-color:rgba(0, 0, 0, 0);color:#964104\" class=\"has-inline-color\"><strong>cuotas vencidas<\/strong><\/mark><mark style=\"background-color:rgba(0, 0, 0, 0)\" class=\"has-inline-color has-black-color\"> e<\/mark><mark style=\"background-color:rgba(0, 0, 0, 0);color:#964104\" class=\"has-inline-color\"> <strong>intereses<\/strong>. <\/mark><\/p>\n\n\n\n<p><mark style=\"background-color:rgba(0, 0, 0, 0)\" class=\"has-inline-color has-black-color\">La persona aleg\u00f3 que<\/mark><mark style=\"background-color:rgba(0, 0, 0, 0);color:#964104\" class=\"has-inline-color\"> <strong>NO<\/strong> <\/mark><mark style=\"background-color:rgba(0, 0, 0, 0)\" class=\"has-inline-color has-black-color\">hab\u00eda <em><u>t\u00edtulo ejecutivo<\/u><\/em> <em><u>ni se presentaron<\/u><\/em><\/mark><mark style=\"background-color:rgba(0, 0, 0, 0);color:#964104\" class=\"has-inline-color\"> <strong>recibos de pago<\/strong>. <\/mark><\/p>\n\n\n\n<p><mark style=\"background-color:rgba(0, 0, 0, 0)\" class=\"has-inline-color has-black-color\">Aunque fue condenada en<\/mark><mark style=\"background-color:rgba(0, 0, 0, 0);color:#964104\" class=\"has-inline-color\"> <strong>primera instancia<\/strong>, <\/mark><mark style=\"background-color:rgba(0, 0, 0, 0)\" class=\"has-inline-color has-black-color\">promovi\u00f3<\/mark><mark style=\"background-color:rgba(0, 0, 0, 0);color:#964104\" class=\"has-inline-color\"> <strong>amparo <\/strong><\/mark><mark style=\"background-color:rgba(0, 0, 0, 0)\" class=\"has-inline-color has-black-color\">directo por la<\/mark><mark style=\"background-color:rgba(0, 0, 0, 0);color:#964104\" class=\"has-inline-color\"> <strong>falta de documentaci\u00f3n<\/strong>.<\/mark><\/p>\n\n\n\n<p>.<\/p>\n\n\n\n<p>La <strong><mark style=\"background-color:rgba(0, 0, 0, 0);color:#120687\" class=\"has-inline-color\">Suprema Corte de Justicia<\/mark> <\/strong>a trav\u00e9s Tribunal Colegiado, <strong><mark style=\"background-color:rgba(0, 0, 0, 0);color:#8a0303\" class=\"has-inline-color\">DETERMIN\u00d3<\/mark> <\/strong>que, para la <mark style=\"background-color:#ed9cf9\" class=\"has-inline-color\"><strong>Acci\u00f3n Ejecutiva Civil<\/strong> por <em><u>Cuotas Condominales<\/u><\/em> <strong>NO es necesario presentar<\/strong> los <strong>Recibos de pago<\/strong><\/mark><strong>.<\/strong><\/p>\n\n\n\n<p>.<\/p>\n\n\n\n<p>La<mark style=\"background-color:rgba(0, 0, 0, 0);color:#035335\" class=\"has-inline-color\"> <strong>justificaci\u00f3n <\/strong><\/mark><mark style=\"background-color:rgba(0, 0, 0, 0)\" class=\"has-inline-color has-black-color\">de la <strong>SCJN<\/strong> es que, La<\/mark><mark style=\"background-color:rgba(0, 0, 0, 0);color:#035335\" class=\"has-inline-color\"> <strong>Ley de Propiedad en Condominio<\/strong> <\/mark><mark style=\"background-color:rgba(0, 0, 0, 0)\" class=\"has-inline-color has-black-color\">de la CdMx. <\/mark><mark style=\"background-color:rgba(0, 0, 0, 0);color:#035335\" class=\"has-inline-color\"><strong>OBLIGA<\/strong> <\/mark><mark style=\"background-color:rgba(0, 0, 0, 0)\" class=\"has-inline-color has-black-color\">a los <em><u>cond\u00f3minos<\/u><\/em> a <\/mark><mark style=\"background-color:rgba(0, 0, 0, 0);color:#035335\" class=\"has-inline-color\"><strong>pagar<\/strong> <strong>cuotas de mantenimiento<\/strong>, <\/mark><mark style=\"background-color:rgba(0, 0, 0, 0)\" class=\"has-inline-color has-black-color\">y PERMITE su <\/mark><mark style=\"background-color:rgba(0, 0, 0, 0);color:#035335\" class=\"has-inline-color\"><strong>cobro por la v\u00eda ejecutiva civil<\/strong><\/mark><mark style=\"background-color:rgba(0, 0, 0, 0)\" class=\"has-inline-color has-black-color\"> en caso de <\/mark><mark style=\"background-color:rgba(0, 0, 0, 0);color:#035335\" class=\"has-inline-color\"><strong>morosidad<\/strong>, <\/mark><mark style=\"background-color:rgba(0, 0, 0, 0)\" class=\"has-inline-color has-black-color\">esto conforme al<\/mark><mark style=\"background-color:rgba(0, 0, 0, 0);color:#035335\" class=\"has-inline-color\"> <strong>art. 443 <\/strong><\/mark><mark style=\"background-color:rgba(0, 0, 0, 0)\" class=\"has-inline-color has-black-color\"><em><u>del C\u00f3digo de Procedimientos Civiles<\/u><\/em> y al<\/mark><mark style=\"background-color:rgba(0, 0, 0, 0);color:#035335\" class=\"has-inline-color\"> <strong>art. 59<\/strong> <\/mark><mark style=\"background-color:rgba(0, 0, 0, 0)\" class=\"has-inline-color has-black-color\">de la misma ley. A\u00fan cuando la<\/mark><mark style=\"background-color:rgba(0, 0, 0, 0);color:#035335\" class=\"has-inline-color\"> <strong>Ley Condominal<\/strong><\/mark><mark style=\"background-color:rgba(0, 0, 0, 0)\" class=\"has-inline-color has-black-color\"> <em><u>exige presentar<\/u><\/em> los<\/mark><mark style=\"background-color:rgba(0, 0, 0, 0);color:#035335\" class=\"has-inline-color\"> <strong>recibos de pago<\/strong>,<\/mark><mark style=\"background-color:rgba(0, 0, 0, 0)\" class=\"has-inline-color has-black-color\"> el <em><u>C\u00f3digo procesal<\/u><\/em> <\/mark><mark style=\"background-color:rgba(0, 0, 0, 0);color:#035335\" class=\"has-inline-color\"><strong>NO lo requiere<\/strong>. <\/mark><\/p>\n\n\n\n<p><mark style=\"background-color:rgba(0, 0, 0, 0)\" class=\"has-inline-color has-black-color\">Esta<\/mark><mark style=\"background-color:rgba(0, 0, 0, 0);color:#035335\" class=\"has-inline-color\"> <strong>contradicci\u00f3n normativa<\/strong> <\/mark><mark style=\"background-color:rgba(0, 0, 0, 0)\" class=\"has-inline-color has-black-color\">se resuelve priorizando el<\/mark><mark style=\"background-color:rgba(0, 0, 0, 0);color:#035335\" class=\"has-inline-color\"> <strong>derecho de acceso a la justicia<\/strong>: <\/mark><strong><mark style=\"background-color:#d1faeb\" class=\"has-inline-color\">BASTA<\/mark><\/strong><mark style=\"background-color:rgba(0, 0, 0, 0)\" class=\"has-inline-color has-black-color\"> con el <\/mark><mark style=\"background-color:rgba(0, 0, 0, 0);color:#035335\" class=\"has-inline-color\"><strong>estado de cuenta<\/strong> <\/mark><mark style=\"background-color:rgba(0, 0, 0, 0)\" class=\"has-inline-color has-black-color\">y los<\/mark><mark style=\"background-color:rgba(0, 0, 0, 0);color:#035335\" class=\"has-inline-color\"> <strong>documentos vecinales<\/strong> <\/mark><mark style=\"background-color:rgba(0, 0, 0, 0)\" class=\"has-inline-color has-black-color\">que acrediten la deuda. <\/mark><\/p>\n\n\n\n<p><mark style=\"background-color:rgba(0, 0, 0, 0)\" class=\"has-inline-color has-black-color\"><em><u>Exigir los recibos implicar\u00eda<\/u><\/em><\/mark><mark style=\"background-color:rgba(0, 0, 0, 0);color:#035335\" class=\"has-inline-color\"> <strong>imponer<\/strong> <\/mark><em><u><mark style=\"background-color:rgba(0, 0, 0, 0)\" class=\"has-inline-color has-black-color\">requisitos formales<\/mark><\/u><\/em><mark style=\"background-color:rgba(0, 0, 0, 0);color:#035335\" class=\"has-inline-color\"><strong> innecesarios<\/strong>, <\/mark><mark style=\"background-color:rgba(0, 0, 0, 0)\" class=\"has-inline-color has-black-color\">contrarios al objetivo del legislador de<\/mark><mark style=\"background-color:rgba(0, 0, 0, 0);color:#035335\" class=\"has-inline-color\"> <strong>facilitar el cobro<\/strong> <\/mark>de estas cuotas.<\/p>\n\n\n\n<p>.<\/p>\n\n\n\n<p>Estas <strong><mark style=\"background-color:#f8e4ad\" class=\"has-inline-color\">RESOLUCI\u00d3N<\/mark> <\/strong>esta <mark style=\"background-color:rgba(0, 0, 0, 0)\" class=\"has-inline-color has-black-color\">disponible<\/mark> para quien la <mark style=\"background-color:rgba(0, 0, 0, 0);color:#870101\" class=\"has-inline-color\"><strong>CONOZCA <\/strong>y la <strong>HAGA VALER<\/strong><\/mark><strong> <\/strong>en todo el pa\u00eds a partir de esta semana.<\/p>\n\n\n\n<p><strong><mark style=\"background-color:rgba(0, 0, 0, 0);color:#b38402\" class=\"has-inline-color\">Tesis CIVIL<\/mark><\/strong><\/p>\n\n\n\n<p class=\"has-small-font-size\"><strong>Registro digital<\/strong>: &nbsp;2031361<\/p>\n\n\n\n<p>.<\/p>\n\n\n\n<p class=\"wp-embed-aspect-16-9 wp-has-aspect-ratio\">Si estas en el <strong><mark style=\"background-color:rgba(0, 0, 0, 0)\" class=\"has-inline-color has-vivid-red-color\">Extranjero <\/mark><\/strong>nosotros somos tu <strong><mark style=\"background-color:rgba(0, 0, 0, 0)\" class=\"has-inline-color has-vivid-green-cyan-color\">mejor<\/mark><\/strong> alternativa para <strong><mark style=\"background-color:rgba(0, 0, 0, 0)\" class=\"has-inline-color has-luminous-vivid-orange-color\">velar<\/mark><\/strong> por tus <strong><mark style=\"background-color:rgba(0, 0, 0, 0)\" class=\"has-inline-color has-vivid-cyan-blue-color\">intereses<\/mark><\/strong>, escr\u00edbenos o ll\u00e1manos al Tel <strong>55581-11311<\/strong>.<\/p>\n\n\n\n<p class=\"wp-embed-aspect-16-9 wp-has-aspect-ratio\">.<\/p>\n\n\n\n<p class=\"wp-embed-aspect-16-9 wp-has-aspect-ratio\">Cuando<strong> necesites<\/strong> ayuda, <strong>asistencia<\/strong> o <strong>planeaci\u00f3n<\/strong> legal, <strong>solicita<\/strong> <strong>Cita Privada<\/strong> <a href=\"mailto:bi@sm99.mx\" target=\"_blank\" rel=\"noreferrer noopener\"><strong>Aqu\u00ed<\/strong><\/a><\/p>\n\n\n\n<p class=\"wp-embed-aspect-16-9 wp-has-aspect-ratio\">La informaci\u00f3n que AQU\u00cd te presentamos <strong>deriva<\/strong> de los <strong>Peri\u00f3dicos Oficiales <\/strong>de la<strong> CdMx<\/strong>, <strong>Estado<\/strong> de Mex., Diario <strong>Oficial<\/strong> de la Federaci\u00f3n, Suprema Corte de<strong> Justicia<\/strong> de la Naci\u00f3n, por lo tanto es de <strong>aplicaci\u00f3n OBLIGATORIA<\/strong><\/p>\n\n\n\n<p class=\"wp-embed-aspect-16-9 wp-has-aspect-ratio\">.<\/p>\n\n\n\n<p class=\"wp-embed-aspect-16-9 wp-has-aspect-ratio\">La informaci\u00f3n de este d\u00eda proviene de la Suprema Corte de Justicia.<\/p>\n\n\n\n<p class=\"wp-embed-aspect-16-9 wp-has-aspect-ratio\">.<\/p>\n\n\n\n<p class=\"wp-embed-aspect-16-9 wp-has-aspect-ratio\"><strong><mark style=\"background-color:rgba(0, 0, 0, 0)\" class=\"has-inline-color has-luminous-vivid-orange-color\">AY\u00daDANOS<\/mark><\/strong> para que m\u00e1s personas conozcan esta informaci\u00f3n, <strong>Comp\u00e1rtelo<\/strong> en tus redes sociales.<\/p>\n","protected":false},"excerpt":{"rendered":"<p>Views: 8 . Este ANTEDECENTE Surge despu\u00e9s de que, un condominio demand\u00f3 en v\u00eda ejecutiva civil a una persona cond\u00f3mina por cuotas vencidas e intereses. La persona aleg\u00f3 que NO hab\u00eda t\u00edtulo ejecutivo ni se presentaron recibos de pago. Aunque fue condenada en primera instancia, promovi\u00f3 amparo directo por la falta de documentaci\u00f3n. . La [&hellip;]<\/p>\n","protected":false},"author":3,"featured_media":33341,"comment_status":"closed","ping_status":"open","sticky":false,"template":"","format":"standard","meta":{"_jetpack_memberships_contains_paid_content":false,"footnotes":""},"categories":[4],"tags":[],"jetpack_sharing_enabled":true,"jetpack_featured_media_url":"http:\/\/www.salgadonoticias.com\/wp-content\/uploads\/2025\/10\/cuota-de-mantenimiento.jpg","_links":{"self":[{"href":"http:\/\/www.salgadonoticias.com\/index.php?rest_route=\/wp\/v2\/posts\/33338"}],"collection":[{"href":"http:\/\/www.salgadonoticias.com\/index.php?rest_route=\/wp\/v2\/posts"}],"about":[{"href":"http:\/\/www.salgadonoticias.com\/index.php?rest_route=\/wp\/v2\/types\/post"}],"author":[{"embeddable":true,"href":"http:\/\/www.salgadonoticias.com\/index.php?rest_route=\/wp\/v2\/users\/3"}],"replies":[{"embeddable":true,"href":"http:\/\/www.salgadonoticias.com\/index.php?rest_route=%2Fwp%2Fv2%2Fcomments&post=33338"}],"version-history":[{"count":4,"href":"http:\/\/www.salgadonoticias.com\/index.php?rest_route=\/wp\/v2\/posts\/33338\/revisions"}],"predecessor-version":[{"id":33347,"href":"http:\/\/www.salgadonoticias.com\/index.php?rest_route=\/wp\/v2\/posts\/33338\/revisions\/33347"}],"wp:featuredmedia":[{"embeddable":true,"href":"http:\/\/www.salgadonoticias.com\/index.php?rest_route=\/wp\/v2\/media\/33341"}],"wp:attachment":[{"href":"http:\/\/www.salgadonoticias.com\/index.php?rest_route=%2Fwp%2Fv2%2Fmedia&parent=33338"}],"wp:term":[{"taxonomy":"category","embeddable":true,"href":"http:\/\/www.salgadonoticias.com\/index.php?rest_route=%2Fwp%2Fv2%2Fcategories&post=33338"},{"taxonomy":"post_tag","embeddable":true,"href":"http:\/\/www.salgadonoticias.com\/index.php?rest_route=%2Fwp%2Fv2%2Ftags&post=33338"}],"curies":[{"name":"wp","href":"https:\/\/api.w.org\/{rel}","templated":true}]}}